{"id":28767,"date":"2025-06-30T17:59:51","date_gmt":"2025-06-30T14:59:51","guid":{"rendered":"https:\/\/marmarayerelhizmet.com\/?p=28767"},"modified":"2025-06-30T17:59:51","modified_gmt":"2025-06-30T14:59:51","slug":"genc-sporcular-14-madalya-kazandi","status":"publish","type":"post","link":"https:\/\/marmarayerelhizmet.com\/index.php\/2025\/06\/30\/genc-sporcular-14-madalya-kazandi\/","title":{"rendered":"Gen\u00e7 Sporcular 14 Madalya Kazand\u0131"},"content":{"rendered":"<div class=\"tg-post\">\n<article id=\"post-43489\" class=\"post-43489 post type-post status-publish format-standard has-post-thumbnail hentry category-genel category-siyaset category-spor\">\n<div class=\"cm-post-content\">\n<div class=\"cm-entry-summary\">\n<p><span style=\"font-family: arial, helvetica, sans-serif; font-size: 14px;\"><strong>Bal\u0131kesir B\u00fcy\u00fck\u015fehir Belediyesi\u2019nin spora y\u00f6nelik yat\u0131r\u0131mlar\u0131, gen\u00e7 sporcular\u0131n ba\u015far\u0131ya ula\u015fmas\u0131nda \u00f6nemli bir rol oynarken, Bal\u0131kesir\u2019in ad\u0131n\u0131 uluslararas\u0131 arenada da duyurmaya devam ediyor. Bal\u0131kesir Gen\u00e7lik ve Spor \u0130l M\u00fcd\u00fcrl\u00fc\u011f\u00fc taraf\u0131ndan T\u00fcrkiye \u2013 Almanya i\u015f birli\u011fiyle hayata ge\u00e7irilen \u201cUluslararas\u0131 Sportif Gen\u00e7lik De\u011fi\u015fim Projesi\u201d kapsam\u0131nda d\u00fczenlenen g\u00fcre\u015f m\u00fcsabakalar\u0131nda, gen\u00e7 sporcular 14 madalya kazand\u0131.<\/strong><\/span><\/p>\n<p><span style=\"font-family: arial, helvetica, sans-serif; font-size: 14px;\">Bal\u0131kesir B\u00fcy\u00fck\u015fehir Belediye Ba\u015fkan\u0131 Ahmet Ak\u0131n\u2019\u0131n destekleriyle her ge\u00e7en g\u00fcn daha da g\u00fc\u00e7lenen Bal\u0131kesir B\u00fcy\u00fck\u015fehir Belediye Spor Kul\u00fcb\u00fc, hem ulusal hem de uluslararas\u0131 d\u00fczeyde ad\u0131ndan s\u00f6z ettirmeye devam ediyor. T\u00fcrkiye \u2013 Almanya i\u015f birli\u011fiyle hayata ge\u00e7irilen \u201cUluslararas\u0131 Sportif Gen\u00e7lik De\u011fi\u015fim Projesi\u201d kapsam\u0131nda d\u00fczenlenen spor organizasyonunda T\u00fcrk ve Alman sporcular mindere \u00e7\u0131karken, Bal\u0131kesir B\u00fcy\u00fck\u015fehir Belediye Spor Kul\u00fcb\u00fc Band\u0131rma Gen\u00e7lik ve Spor Merkezi sporcular\u0131 g\u00f6sterdikleri \u00fcst\u00fcn performansla g\u00f6z doldurdu. Bal\u0131kesir \u015eehit Turgut Solar Kapal\u0131 Spor Salonu\u2019nda d\u00fczenlenen m\u00fcsabakalarda Bal\u0131kesir B\u00fcy\u00fck\u015fehir Belediye Spor Kul\u00fcb\u00fc Band\u0131rma Gen\u00e7lik ve Spor Merkezi sporcular\u0131, m\u00fcsabakalar sonucunda toplam 14 madalya toplayarak b\u00fcy\u00fck bir ba\u015far\u0131 \u00f6rne\u011fi g\u00f6sterdiler.<\/span><\/p>\n<p><span style=\"font-family: arial, helvetica, sans-serif; font-size: 14px;\"><strong>B\u00dcY\u00dcK\u015eEH\u0130R\u2019\u0130N SPORCULARI GREKOROMEN VE SERBEST ST\u0130LDE K\u00dcRS\u00dcDEN \u0130NMED\u0130LER<br \/>\n<\/strong>U15 Grekoromen G\u00fcre\u015f kategorisinde 52 kiloda Ahmet Faruk Ayd\u0131n \u00fc\u00e7\u00fcnc\u00fc, 57 kiloda Yusuf Emre Do\u011fan \u00fc\u00e7\u00fcnc\u00fc, 68 kiloda O\u011fuzhan G\u00fcney ikinci, 75 kiloda Ali Kemal G\u00f6ren ikinci, yine ayn\u0131 kiloda Kani Muhammed K\u00fcl \u00fc\u00e7\u00fcnc\u00fc, 85 kiloda Uras Yeni\u015fen ikinci, Yavuz Selim Kart\u0131n ise \u00fc\u00e7\u00fcnc\u00fc oldu. U15 Serbest G\u00fcre\u015f kategorisinde de ba\u015far\u0131l\u0131 sonu\u00e7lar elde eden sporculardan 52 kiloda Ahmed Faruk Ayd\u0131n \u00fc\u00e7\u00fcnc\u00fcl\u00fck, 68 kiloda O\u011fuzhan G\u00fcney ikincilik, 75 kiloda Ali Kemal G\u00f6ren ikincilik, ayn\u0131 kiloda Kani Muhammed Kul \u00fc\u00e7\u00fcnc\u00fcl\u00fck, 85 kiloda Uras Yeni\u015fen ikincilik, Yavuz Selim Kart\u0131n ise \u00fc\u00e7\u00fcnc\u00fcl\u00fck elde etti. U20 Grekoromen G\u00fcre\u015f kategorisinde ise 130 kiloda mindere \u00e7\u0131kan Can Ku\u015f\u00e7u, rakiplerini geride b\u0131rakarak \u015fampiyonluk k\u00fcrs\u00fcs\u00fcne \u00e7\u0131kt\u0131.<\/span><\/p>\n<div class=\"row\">\n<div id=\"\" class=\"col-lg-3 col-md-4 col-sm-12 p-1\"><\/div>\n<\/div>\n<\/div>\n<\/div>\n<\/article>\n<\/div>\n<p>&nbsp;<\/p>\n","protected":false},"excerpt":{"rendered":"<p>Bal\u0131kesir B\u00fcy\u00fck\u015fehir Belediyesi\u2019nin spora y\u00f6nelik yat\u0131r\u0131mlar\u0131, gen\u00e7 sporcular\u0131n ba\u015far\u0131ya ula\u015fmas\u0131nda \u00f6nemli bir rol oynarken, Bal\u0131kesir\u2019in ad\u0131n\u0131 uluslararas\u0131 arenada da duyurmaya<\/p>\n","protected":false},"author":3,"featured_media":28768,"comment_status":"open","ping_status":"open","sticky":false,"template":"","format":"standard","meta":{"colormag_page_container_layout":"default_layout","colormag_page_sidebar_layout":"default_layout","footnotes":""},"categories":[1,5,8,9],"tags":[],"class_list":["post-28767","post","type-post","status-publish","format-standard","has-post-thumbnail","hentry","category-genel","category-gundem","category-siyaset","category-spor"],"_links":{"self":[{"href":"https:\/\/marmarayerelhizmet.com\/index.php\/wp-json\/wp\/v2\/posts\/28767","targetHints":{"allow":["GET"]}}],"collection":[{"href":"https:\/\/marmarayerelhizmet.com\/index.php\/wp-json\/wp\/v2\/posts"}],"about":[{"href":"https:\/\/marmarayerelhizmet.com\/index.php\/wp-json\/wp\/v2\/types\/post"}],"author":[{"embeddable":true,"href":"https:\/\/marmarayerelhizmet.com\/index.php\/wp-json\/wp\/v2\/users\/3"}],"replies":[{"embeddable":true,"href":"https:\/\/marmarayerelhizmet.com\/index.php\/wp-json\/wp\/v2\/comments?post=28767"}],"version-history":[{"count":0,"href":"https:\/\/marmarayerelhizmet.com\/index.php\/wp-json\/wp\/v2\/posts\/28767\/revisions"}],"wp:featuredmedia":[{"embeddable":true,"href":"https:\/\/marmarayerelhizmet.com\/index.php\/wp-json\/wp\/v2\/media\/28768"}],"wp:attachment":[{"href":"https:\/\/marmarayerelhizmet.com\/index.php\/wp-json\/wp\/v2\/media?parent=28767"}],"wp:term":[{"taxonomy":"category","embeddable":true,"href":"https:\/\/marmarayerelhizmet.com\/index.php\/wp-json\/wp\/v2\/categories?post=28767"},{"taxonomy":"post_tag","embeddable":true,"href":"https:\/\/marmarayerelhizmet.com\/index.php\/wp-json\/wp\/v2\/tags?post=28767"}],"curies":[{"name":"wp","href":"https:\/\/api.w.org\/{rel}","templated":true}]}}