{"id":28761,"date":"2025-06-27T17:56:06","date_gmt":"2025-06-27T14:56:06","guid":{"rendered":"https:\/\/marmarayerelhizmet.com\/?p=28761"},"modified":"2025-06-30T17:56:55","modified_gmt":"2025-06-30T14:56:55","slug":"buyuksehir-denizleri-hayalet-aglardan-arindiriyor","status":"publish","type":"post","link":"https:\/\/marmarayerelhizmet.com\/index.php\/2025\/06\/27\/buyuksehir-denizleri-hayalet-aglardan-arindiriyor\/","title":{"rendered":"B\u00fcy\u00fck\u015fehir Denizleri Hayalet A\u011flardan Ar\u0131nd\u0131r\u0131yor"},"content":{"rendered":"<p><span style=\"font-family: arial, helvetica, sans-serif; font-size: 14px;\"><strong>Bal\u0131kesir B\u00fcy\u00fck\u015fehir Belediyesi\u2019nin \u00c7anakkale Onsekiz Mart \u00dcniversitesi (\u00c7OM\u00dc) ile yapt\u0131\u011f\u0131 protokol kapsam\u0131nda denizler hayalet a\u011flardan ar\u0131nd\u0131r\u0131l\u0131yor. Bal\u0131kesir B\u00fcy\u00fck\u015fehir Belediyesi ge\u00e7en sene uzat\u0131lan protokol ile 5 y\u0131l daha Ege ve Marmara Denizi\u2019ni temizleyerek denizlerin biyo\u00e7e\u015fitlili\u011fini koruyacak.<\/strong><\/span><\/p>\n<p><span style=\"font-family: arial, helvetica, sans-serif; font-size: 14px;\">\u00c7evreci ve s\u00fcrd\u00fcr\u00fclebilir \u00e7al\u0131\u015fmalarla \u015fehrin dokusunu koruyan Bal\u0131kesir B\u00fcy\u00fck\u015fehir Belediye Ba\u015fkan\u0131 Ahmet Ak\u0131n \u00f6nc\u00fcl\u00fc\u011f\u00fcnde k\u0131y\u0131lar hayalet a\u011flardan ar\u0131nd\u0131r\u0131l\u0131yor. Bal\u0131kesir B\u00fcy\u00fck\u015fehir Belediyesi \u00c7evre Koruma ve Kontrol Dairesi Ba\u015fkanl\u0131\u011f\u0131 ile \u00c7anakkale Onsekiz Mart \u00dcniversitesi (\u00c7OM\u00dc) aras\u0131nda imzalanan protokol kapsam\u0131nda Ege ve Marmara Denizi\u2019nde biyo\u00e7e\u015fitlili\u011fi korumak ad\u0131na hayalet a\u011f temizleme \u00e7al\u0131\u015fmalar\u0131 devam ediyor. Su alt\u0131 ya\u015fam\u0131n\u0131 korumak ve bal\u0131k\u00e7\u0131l\u0131k faaliyetlerini desteklemek i\u00e7in hayalet a\u011flar\u0131 temizleyen ekipler, Cunda Adas\u0131 k\u0131y\u0131lar\u0131nda kapsaml\u0131 bir \u00e7al\u0131\u015fma ba\u015flatt\u0131lar.<\/span><\/p>\n<p><span style=\"font-family: arial, helvetica, sans-serif; font-size: 14px;\"><strong>B\u0130L\u0130MSEL \u00c7ALI\u015eMALARA KAYNAK OLACAK<br \/>\n<\/strong>Deniz ekosistemine zarar veren hayalet a\u011flar d\u00fczenli olarak temizleniyor. Daha \u00f6nce 3 y\u0131l olan protokol s\u00fcresi ge\u00e7ti\u011fimiz y\u0131l 5 y\u0131l daha uzat\u0131ld\u0131. Denizlerdeki biyolojik \u00e7e\u015fitlili\u011fi tehdit eden ve bal\u0131k pop\u00fcl\u00e2syonlar\u0131n\u0131n azalmas\u0131na neden olan hayalet a\u011flar, dal\u0131\u015f ekipleri ve akademisyenlerin ortak \u00e7al\u0131\u015fmas\u0131yla tespit edilerek \u00e7\u0131kar\u0131l\u0131yor. Hayata ge\u00e7irilen proje kapsam\u0131nda elde edilen veriler de bilimsel \u00e7al\u0131\u015fmalara kaynak olarak kullan\u0131lacak. Yaz boyu belirli periyotlarla temizleme i\u015flemine devam edilecek.<\/span><\/p>\n<p><span style=\"font-family: arial, helvetica, sans-serif; font-size: 14px;\"><strong>\u2018DEN\u0130ZLER GELECE\u011e\u0130M\u0130Z\u0130N TEM\u0130NATIDIR\u2019<br \/>\n<\/strong>T\u00fcrkiye\u2019nin en \u00e7ok hayalet a\u011f temizleyen belediyesi olan Bal\u0131kesir B\u00fcy\u00fck\u015fehir Belediyesi \u201cDenizler gelece\u011fimizin teminat\u0131d\u0131r.\u201d mottosuyla hareket ediyor. Denizlerdeki bal\u0131k pop\u00fclasyonunu korumak i\u00e7in hayalet a\u011flar\u0131n temizlenmesinin \u00e7ok \u00f6nemli oldu\u011funu vurgulayan B\u00fcy\u00fck\u015fehir Belediyesi ayn\u0131 zamanda bal\u0131k\u00e7\u0131l\u0131k ekonomisine de katk\u0131 sa\u011flamay\u0131 hedefliyor.<\/span><\/p>\n<div class=\"row\">\n<div id=\"\" class=\"col-lg-3 col-md-4 col-sm-12 p-1\"><\/div>\n<\/div>\n","protected":false},"excerpt":{"rendered":"<p>Bal\u0131kesir B\u00fcy\u00fck\u015fehir Belediyesi\u2019nin \u00c7anakkale Onsekiz Mart \u00dcniversitesi (\u00c7OM\u00dc) ile yapt\u0131\u011f\u0131 protokol kapsam\u0131nda denizler hayalet a\u011flardan ar\u0131nd\u0131r\u0131l\u0131yor. Bal\u0131kesir B\u00fcy\u00fck\u015fehir Belediyesi ge\u00e7en<\/p>\n","protected":false},"author":3,"featured_media":28762,"comment_status":"open","ping_status":"open","sticky":false,"template":"","format":"standard","meta":{"colormag_page_container_layout":"default_layout","colormag_page_sidebar_layout":"default_layout","footnotes":""},"categories":[1,5,8],"tags":[],"class_list":["post-28761","post","type-post","status-publish","format-standard","has-post-thumbnail","hentry","category-genel","category-gundem","category-siyaset"],"_links":{"self":[{"href":"https:\/\/marmarayerelhizmet.com\/index.php\/wp-json\/wp\/v2\/posts\/28761","targetHints":{"allow":["GET"]}}],"collection":[{"href":"https:\/\/marmarayerelhizmet.com\/index.php\/wp-json\/wp\/v2\/posts"}],"about":[{"href":"https:\/\/marmarayerelhizmet.com\/index.php\/wp-json\/wp\/v2\/types\/post"}],"author":[{"embeddable":true,"href":"https:\/\/marmarayerelhizmet.com\/index.php\/wp-json\/wp\/v2\/users\/3"}],"replies":[{"embeddable":true,"href":"https:\/\/marmarayerelhizmet.com\/index.php\/wp-json\/wp\/v2\/comments?post=28761"}],"version-history":[{"count":0,"href":"https:\/\/marmarayerelhizmet.com\/index.php\/wp-json\/wp\/v2\/posts\/28761\/revisions"}],"wp:featuredmedia":[{"embeddable":true,"href":"https:\/\/marmarayerelhizmet.com\/index.php\/wp-json\/wp\/v2\/media\/28762"}],"wp:attachment":[{"href":"https:\/\/marmarayerelhizmet.com\/index.php\/wp-json\/wp\/v2\/media?parent=28761"}],"wp:term":[{"taxonomy":"category","embeddable":true,"href":"https:\/\/marmarayerelhizmet.com\/index.php\/wp-json\/wp\/v2\/categories?post=28761"},{"taxonomy":"post_tag","embeddable":true,"href":"https:\/\/marmarayerelhizmet.com\/index.php\/wp-json\/wp\/v2\/tags?post=28761"}],"curies":[{"name":"wp","href":"https:\/\/api.w.org\/{rel}","templated":true}]}}