{"id":28759,"date":"2025-06-28T14:48:57","date_gmt":"2025-06-28T11:48:57","guid":{"rendered":"https:\/\/marmarayerelhizmet.com\/?p=28759"},"modified":"2025-06-28T14:48:57","modified_gmt":"2025-06-28T11:48:57","slug":"9-gunde-730-yangina-mudahale-edildi","status":"publish","type":"post","link":"https:\/\/marmarayerelhizmet.com\/index.php\/2025\/06\/28\/9-gunde-730-yangina-mudahale-edildi\/","title":{"rendered":"9 G\u00fcnde 730 Yang\u0131na M\u00fcdahale Edildi"},"content":{"rendered":"<p><strong><span style=\"font-family: arial, helvetica, sans-serif; font-size: 14px;\">Bal\u0131kesir \u0130tfaiye Daire Ba\u015fkanl\u0131\u011f\u0131\u2019na ba\u011fl\u0131 ekipler, il genelinde son 9 g\u00fcnde \u00e7\u0131kan 730 yang\u0131na m\u00fcdahale etti. Yaz aylar\u0131nda artan orman yang\u0131nlar\u0131na dikkat \u00e7eken itfaiye ekipleri, \u00f6zellikle tarla ve bah\u00e7elerde ate\u015f yak\u0131lmamas\u0131 konusunda vatanda\u015flar\u0131 uyard\u0131.<\/span><\/strong><\/p>\n<p><span style=\"font-family: arial, helvetica, sans-serif; font-size: 14px;\">Deneyimli kadrosu ve modern teknik ara\u00e7lar\u0131yla il genelinde meydana gelen her t\u00fcrl\u00fc yang\u0131n, kaza ve acil duruma an\u0131nda m\u00fcdahale eden Bal\u0131kesir \u0130tfaiyesi, 17-25 Haziran 2025 tarihleri aras\u0131nda toplam 730 yang\u0131n\u0131 s\u00f6nd\u00fcrd\u00fc. Modern donan\u0131mla itfaiyenin ara\u00e7 filosunu ve yeni personellerle kadrosunu g\u00fc\u00e7lendiren Bal\u0131kesir B\u00fcy\u00fck\u015fehir Belediye Ba\u015fkan\u0131 Ahmet Ak\u0131n\u2019\u0131n liderli\u011finde \u00e7al\u0131\u015fmalar\u0131n\u0131 s\u00fcrd\u00fcren itfaiye ekipleri, kent genelinde \u00f6zellikle yaz aylar\u0131nda artan yang\u0131nlarla da gece g\u00fcnd\u00fcz m\u00fccadele ediyor.<br \/>\n<\/span><span style=\"font-family: arial, helvetica, sans-serif; font-size: 14px;\">\u0130tfaiye Daire Ba\u015fkanl\u0131\u011f\u0131\u2019na ba\u011fl\u0131 ekipler, artan s\u0131cakl\u0131klarla birlikte evlerde, ot ve arazilerde \u00e7\u0131kan yang\u0131nlar\u0131n yan\u0131 s\u0131ra ara\u00e7 yang\u0131nlar\u0131na da tam te\u00e7hizatl\u0131 olarak an\u0131nda m\u00fcdahale ediyor. Bu kapsamda sadece 25 Haziran \u00c7ar\u015famba g\u00fcn\u00fc toplam 151 yang\u0131na m\u00fcdahale eden ekipler, 112 Acil \u00c7a\u011fr\u0131 Merkezine gelen ihbarlara an\u0131nda m\u00fcdahale ederek, can kay\u0131plar\u0131n\u0131n \u00f6n\u00fcne ge\u00e7mek i\u00e7in etkili bir m\u00fccadele veriyor.<br \/>\n<\/span><span style=\"font-family: arial, helvetica, sans-serif; font-size: 14px;\">Ot ve arazi yang\u0131nlar\u0131nda \u00f6zellikle toprak \u00fcst\u00fcnde ve alt\u0131nda ya\u015fayan canl\u0131lar\u0131n da hayat\u0131n\u0131 kaybetti\u011fine dikkat \u00e7eken Bal\u0131kesir \u0130tfaiyesi, vatanda\u015flar\u0131 yang\u0131n riskine kar\u015f\u0131 uyard\u0131. Tarla ve bah\u00e7elerde ate\u015f yak\u0131lmamas\u0131 konusunda vatanda\u015flar\u0131 uyaran itfaiye, ormana yak\u0131n alanlardaki otlar\u0131n temizlenmesinin \u00f6nemine de dikkat \u00e7ekti. An\u0131z ve kuru otlar\u0131n tutu\u015fturulmamas\u0131 gerekti\u011fini belirten itfaiye ekipleri, kaynak ve kesim i\u015flerinde de k\u0131v\u0131lc\u0131m riski oldu\u011funu belirtti. Bi\u00e7erd\u00f6ver ve balya makinesi kullan\u0131rken dikkatli olunmas\u0131 gerekti\u011fini s\u00f6yleyen ekipler, trakt\u00f6r arkas\u0131 su tankeri ile en az 2 adet yang\u0131n t\u00fcp\u00fc bulundurulmas\u0131 konusunda \u00f6zellikle \u00e7ift\u00e7ileri uyard\u0131. Yang\u0131n riskine kar\u015f\u0131 duman ve koku fark eden vatanda\u015f, vakit kaybetmeden 112 Acil \u00c7a\u011fr\u0131 Merkezini aray\u0131p, yard\u0131m talebinde bulunabilirler. \u0130HA<\/span><\/p>\n","protected":false},"excerpt":{"rendered":"<p>Bal\u0131kesir \u0130tfaiye Daire Ba\u015fkanl\u0131\u011f\u0131\u2019na ba\u011fl\u0131 ekipler, il genelinde son 9 g\u00fcnde \u00e7\u0131kan 730 yang\u0131na m\u00fcdahale etti. Yaz aylar\u0131nda artan orman<\/p>\n","protected":false},"author":3,"featured_media":28760,"comment_status":"open","ping_status":"open","sticky":false,"template":"","format":"standard","meta":{"colormag_page_container_layout":"default_layout","colormag_page_sidebar_layout":"default_layout","footnotes":""},"categories":[1,5,8],"tags":[],"class_list":["post-28759","post","type-post","status-publish","format-standard","has-post-thumbnail","hentry","category-genel","category-gundem","category-siyaset"],"_links":{"self":[{"href":"https:\/\/marmarayerelhizmet.com\/index.php\/wp-json\/wp\/v2\/posts\/28759","targetHints":{"allow":["GET"]}}],"collection":[{"href":"https:\/\/marmarayerelhizmet.com\/index.php\/wp-json\/wp\/v2\/posts"}],"about":[{"href":"https:\/\/marmarayerelhizmet.com\/index.php\/wp-json\/wp\/v2\/types\/post"}],"author":[{"embeddable":true,"href":"https:\/\/marmarayerelhizmet.com\/index.php\/wp-json\/wp\/v2\/users\/3"}],"replies":[{"embeddable":true,"href":"https:\/\/marmarayerelhizmet.com\/index.php\/wp-json\/wp\/v2\/comments?post=28759"}],"version-history":[{"count":0,"href":"https:\/\/marmarayerelhizmet.com\/index.php\/wp-json\/wp\/v2\/posts\/28759\/revisions"}],"wp:featuredmedia":[{"embeddable":true,"href":"https:\/\/marmarayerelhizmet.com\/index.php\/wp-json\/wp\/v2\/media\/28760"}],"wp:attachment":[{"href":"https:\/\/marmarayerelhizmet.com\/index.php\/wp-json\/wp\/v2\/media?parent=28759"}],"wp:term":[{"taxonomy":"category","embeddable":true,"href":"https:\/\/marmarayerelhizmet.com\/index.php\/wp-json\/wp\/v2\/categories?post=28759"},{"taxonomy":"post_tag","embeddable":true,"href":"https:\/\/marmarayerelhizmet.com\/index.php\/wp-json\/wp\/v2\/tags?post=28759"}],"curies":[{"name":"wp","href":"https:\/\/api.w.org\/{rel}","templated":true}]}}