{"id":28752,"date":"2025-06-26T20:27:02","date_gmt":"2025-06-26T17:27:02","guid":{"rendered":"https:\/\/marmarayerelhizmet.com\/?p=28752"},"modified":"2025-06-26T20:27:02","modified_gmt":"2025-06-26T17:27:02","slug":"tarla-yollari-aciliyor-asfalt-serimi-suruyor","status":"publish","type":"post","link":"https:\/\/marmarayerelhizmet.com\/index.php\/2025\/06\/26\/tarla-yollari-aciliyor-asfalt-serimi-suruyor\/","title":{"rendered":"Tarla Yollar\u0131 A\u00e7\u0131l\u0131yor, Asfalt Serimi S\u00fcr\u00fcyor"},"content":{"rendered":"<p><strong><span style=\"font-family: arial, helvetica, sans-serif; font-size: 14px;\">Alt\u0131eyl\u00fcl Belediyesi, il\u00e7enin ula\u015f\u0131m altyap\u0131s\u0131n\u0131 g\u00fc\u00e7lendirmek ve vatanda\u015flar\u0131n ya\u015fam kalitesini y\u00fckseltmek amac\u0131yla yol yap\u0131m, bak\u0131m ve onar\u0131m \u00e7al\u0131\u015fmalar\u0131n\u0131 kesintisiz bir \u015fekilde s\u00fcrd\u00fcr\u00fcyor.<br \/>\n<\/span><\/strong><br \/>\n<span style=\"font-family: arial, helvetica, sans-serif; font-size: 14px;\">Alt\u0131eyl\u00fcl Belediyesi Fen \u0130\u015fleri M\u00fcd\u00fcrl\u00fc\u011f\u00fc ekipleri taraf\u0131ndan y\u00fcr\u00fct\u00fclen kapsaml\u0131 \u00e7al\u0131\u015fmalar \u00e7er\u00e7evesinde, \u00f6zellikle bozulan ve kullan\u0131m \u00f6mr\u00fcn\u00fc tamamlayan yollar\u0131n yenilenmesi i\u00e7in b\u00fcy\u00fck bir seferberlik ba\u015flat\u0131ld\u0131. Bu kapsamda ger\u00e7ekle\u015ftirilen yol yenileme \u00e7al\u0131\u015fmalar\u0131nda kilitli parke ta\u015f\u0131 yenilenmesi ile birlikte bord\u00fcr uygulamas\u0131 yap\u0131ld\u0131. \u0130l\u00e7e genelinde hem merkez mahallelerde hem de k\u0131rsal yerle\u015fim alanlar\u0131nda e\u015f zamanl\u0131 olarak s\u00fcrd\u00fcr\u00fclen \u00e7al\u0131\u015fmalarla, yaya ve ara\u00e7 trafi\u011finin g\u00fcvenli ve konforlu hale getirilmesi hedefleniyor.<\/span><\/p>\n<p><strong><span style=\"font-family: arial, helvetica, sans-serif; font-size: 14px;\">ALTIEYL\u00dcL\u2019DE EK\u0130PLER 7\/24 SAHADA<\/span><\/strong><br \/>\n<span style=\"font-family: arial, helvetica, sans-serif; font-size: 14px;\">Alt\u0131eyl\u00fcl Belediyesi, sadece kent merkezinde de\u011fil, k\u0131rsal mahallelerde de hizmetlerini aral\u0131ks\u0131z s\u00fcrd\u00fcr\u00fcyor. K\u0131rsal b\u00f6lgelerde ya\u015fayan vatanda\u015flar\u0131n tar\u0131m faaliyetlerini daha sa\u011fl\u0131kl\u0131 ko\u015fullarda s\u00fcrd\u00fcrebilmeleri amac\u0131yla tarla yollar\u0131n\u0131n a\u00e7\u0131lmas\u0131, mevcut yollar\u0131n iyile\u015ftirilmesi ve bozuk zeminlerin d\u00fczenlenmesi y\u00f6n\u00fcnde yo\u011fun mesai harcan\u0131yor. Bu \u00e7al\u0131\u015fmalar sayesinde \u00e7ift\u00e7iler, tar\u0131m arazilerine daha kolay ula\u015f\u0131m sa\u011flarken, k\u0131rsalda ya\u015fam kalitesi de belirgin \u015fekilde art\u0131yor. Ayr\u0131ca, ihtiya\u00e7 duyulan b\u00f6lgelerde asfalt serim i\u015flemleri de planl\u0131 bir \u015fekilde devam ediyor. Mevsimsel ko\u015fullar ve teknik uygunluk do\u011frultusunda s\u00fcrd\u00fcr\u00fclen asfaltlama faaliyetleri ile yollar hem dayan\u0131kl\u0131 hale getiriliyor hem de s\u00fcr\u00fc\u015f g\u00fcvenli\u011fi art\u0131r\u0131l\u0131yor. Ekipler, \u00e7al\u0131\u015fma program\u0131 do\u011frultusunda belirlenen mahalle ve sokaklarda altyap\u0131 faaliyetlerine ara vermeden devam ederken, vatanda\u015flardan gelen talepler ve \u00f6ncelikler de dikkate al\u0131n\u0131yor.<\/span><\/p>\n<p><strong><span style=\"font-family: arial, helvetica, sans-serif; font-size: 14px;\">\u201cALTIEYL\u00dcL\u2019\u00dcN HER K\u00d6\u015eES\u0130NE DOKUNUYORUZ\u201d<\/span><\/strong><br \/>\n<span style=\"font-family: arial, helvetica, sans-serif; font-size: 14px;\">Yap\u0131lan \u00e7al\u0131\u015fmalar hakk\u0131nda a\u00e7\u0131klama yapan Alt\u0131eyl\u00fcl Belediye Ba\u015fkan\u0131 Hakan \u015eehirli, &#8220;Alt\u0131eyl\u00fcl&#8217;\u00fcm\u00fcz\u00fcn her k\u00f6\u015fesinde, her mahallesinde vatanda\u015flar\u0131m\u0131z\u0131n daha konforlu ve g\u00fcvenli ula\u015f\u0131m imkanlar\u0131na sahip olmas\u0131 i\u00e7in gece g\u00fcnd\u00fcz \u00e7al\u0131\u015f\u0131yoruz. \u015eimdiye kadar kilitli parke ta\u015f\u0131 yenieleme ve bord\u00fcr \u00e7al\u0131\u015fmas\u0131n\u0131 tamamlad\u0131k &#8221; dedi. Modern bir Alt\u0131eyl\u00fcl in\u015fa etmek i\u00e7in \u00e7al\u0131\u015ft\u0131klar\u0131n\u0131 belirten Ba\u015fkan Hakan \u015eehirli &#8220;\u00d6zellikle k\u0131rsal mahallelerimizde ya\u015fayan \u00e7ift\u00e7i karde\u015flerimizin i\u015flerini kolayla\u015ft\u0131rmak i\u00e7in, tarla yollar\u0131m\u0131z\u0131 a\u00e7\u0131yor, bozuk yollar\u0131m\u0131z\u0131 onar\u0131yoruz. Hi\u00e7bir mahallemizi, hi\u00e7bir soka\u011f\u0131 g\u00f6zden \u00e7\u0131karm\u0131yoruz. Modern bir Alt\u0131eyl\u00fcl i\u00e7in \u00e7al\u0131\u015fmalar\u0131m\u0131z aral\u0131ks\u0131z devam edecek. Vatanda\u015flar\u0131m\u0131zdan gelen her talep bizim i\u00e7in de\u011ferli. Fen \u0130\u015fleri ekiplerimiz sahada canla ba\u015fla \u00e7al\u0131\u015f\u0131yor. Yol altyap\u0131s\u0131 sadece ula\u015f\u0131m de\u011fil, ayn\u0131 zamanda ekonomik kalk\u0131nman\u0131n da temelidir. \u0130l\u00e7emizin her noktas\u0131na e\u015fit mesafede hizmet g\u00f6t\u00fcrme anlay\u0131\u015f\u0131yla hareket ediyoruz&#8221; \u015feklinde s\u00f6zlerini\u00a0tamamlad\u0131.<\/span><\/p>\n","protected":false},"excerpt":{"rendered":"<p>Alt\u0131eyl\u00fcl Belediyesi, il\u00e7enin ula\u015f\u0131m altyap\u0131s\u0131n\u0131 g\u00fc\u00e7lendirmek ve vatanda\u015flar\u0131n ya\u015fam kalitesini y\u00fckseltmek amac\u0131yla yol yap\u0131m, bak\u0131m ve onar\u0131m \u00e7al\u0131\u015fmalar\u0131n\u0131 kesintisiz bir<\/p>\n","protected":false},"author":3,"featured_media":28753,"comment_status":"open","ping_status":"open","sticky":false,"template":"","format":"standard","meta":{"colormag_page_container_layout":"default_layout","colormag_page_sidebar_layout":"default_layout","footnotes":""},"categories":[1,5,8],"tags":[],"class_list":["post-28752","post","type-post","status-publish","format-standard","has-post-thumbnail","hentry","category-genel","category-gundem","category-siyaset"],"_links":{"self":[{"href":"https:\/\/marmarayerelhizmet.com\/index.php\/wp-json\/wp\/v2\/posts\/28752","targetHints":{"allow":["GET"]}}],"collection":[{"href":"https:\/\/marmarayerelhizmet.com\/index.php\/wp-json\/wp\/v2\/posts"}],"about":[{"href":"https:\/\/marmarayerelhizmet.com\/index.php\/wp-json\/wp\/v2\/types\/post"}],"author":[{"embeddable":true,"href":"https:\/\/marmarayerelhizmet.com\/index.php\/wp-json\/wp\/v2\/users\/3"}],"replies":[{"embeddable":true,"href":"https:\/\/marmarayerelhizmet.com\/index.php\/wp-json\/wp\/v2\/comments?post=28752"}],"version-history":[{"count":0,"href":"https:\/\/marmarayerelhizmet.com\/index.php\/wp-json\/wp\/v2\/posts\/28752\/revisions"}],"wp:featuredmedia":[{"embeddable":true,"href":"https:\/\/marmarayerelhizmet.com\/index.php\/wp-json\/wp\/v2\/media\/28753"}],"wp:attachment":[{"href":"https:\/\/marmarayerelhizmet.com\/index.php\/wp-json\/wp\/v2\/media?parent=28752"}],"wp:term":[{"taxonomy":"category","embeddable":true,"href":"https:\/\/marmarayerelhizmet.com\/index.php\/wp-json\/wp\/v2\/categories?post=28752"},{"taxonomy":"post_tag","embeddable":true,"href":"https:\/\/marmarayerelhizmet.com\/index.php\/wp-json\/wp\/v2\/tags?post=28752"}],"curies":[{"name":"wp","href":"https:\/\/api.w.org\/{rel}","templated":true}]}}