{"id":28741,"date":"2025-06-24T10:15:42","date_gmt":"2025-06-24T07:15:42","guid":{"rendered":"https:\/\/marmarayerelhizmet.com\/?p=28741"},"modified":"2025-06-24T10:15:42","modified_gmt":"2025-06-24T07:15:42","slug":"genclik-korosuna-sertifikalari-verildi","status":"publish","type":"post","link":"https:\/\/marmarayerelhizmet.com\/index.php\/2025\/06\/24\/genclik-korosuna-sertifikalari-verildi\/","title":{"rendered":"Gen\u00e7lik Korosu&#8217;na Sertifikalar\u0131 Verildi"},"content":{"rendered":"<p><strong><span style=\"font-family: arial, helvetica, sans-serif; font-size: 14px;\">1\u2019nci s\u0131n\u0131ftan 10. s\u0131n\u0131fa kadar ya\u015f aral\u0131\u011f\u0131ndaki \u00f6\u011frencilerden olu\u015fan Alt\u0131eyl\u00fcl Cumhuriyet \u00c7ocuk ve Gen\u00e7lik Korosu\u2019nun \u00fcyeleri i\u00e7in sertifika t\u00f6reni d\u00fczenlendi. Alt\u0131eyl\u00fcl Belediye Ba\u015fkan\u0131 Hakan \u015eehirli, koro \u015fefleri G\u00fcl\u015fah \u00d6ks\u00fcz ve H\u00fcseyin \u00d6ks\u00fcz ile birlikte, Alt\u0131eyl\u00fcl\u2019\u00fc ba\u015far\u0131yla temsil eden 65 \u00f6\u011frenciye te\u015fekk\u00fcr belgelerini takdim etti. Sertifika t\u00f6reni, Asuva Tomruk Kafe\u2019de d\u00fczenlenen anlaml\u0131 bir organizasyonla ger\u00e7ekle\u015fti.<br \/>\n<\/span><\/strong><br \/>\n<span style=\"font-family: arial, helvetica, sans-serif; font-size: 14px;\">Geni\u015f bir ya\u015f aral\u0131\u011f\u0131ndaki \u00f6\u011frencilerden olu\u015fan Cumhuriyet \u00c7ocuk ve Gen\u00e7lik Korosu, son d\u00f6nemde \u00fc\u00e7 b\u00fcy\u00fck etkinlikte sahne ald\u0131. 18 Mart \u00c7anakkale Ge\u00e7ilmez Oratoryosu\u2019nda sergiledikleri etkileyici performansla duygusal anlar ya\u015fatan minikler, Bar\u0131\u015f Man\u00e7o \u015eark\u0131lar\u0131 Konseri ile de izleyicilerden tam not ald\u0131. Ayr\u0131ca, \u00c7anakkale Korolar Festivali&#8217;nde Alt\u0131eyl\u00fcl\u2019\u00fc ba\u015far\u0131yla temsil ederek m\u00fczikseverlerin be\u011fenisini kazand\u0131lar. T\u00f6rende konu\u015fan Alt\u0131eyl\u00fcl Belediye Ba\u015fkan\u0131 Hakan \u015eehirli, \u00e7ocuklar\u0131n ve gen\u00e7lerin sanatsal faaliyetlere kat\u0131lmas\u0131n\u0131n \u00f6nemine vurgu yaparak, &#8220;Sizler il\u00e7emizin gururusunuz. Sanatla b\u00fcy\u00fcyen bir nesil, gelece\u011fe daha umutla bakmam\u0131z\u0131 sa\u011fl\u0131yor. Bu ba\u015far\u0131 sadece bir sahne performans\u0131 de\u011fil, ayn\u0131 zamanda disiplinin, \u00e7al\u0131\u015fkanl\u0131\u011f\u0131n ve eme\u011fin sonucudur,&#8221; dedi. Koro \u015fefleri G\u00fcl\u015fah \u00d6ks\u00fcz ve H\u00fcseyin \u00d6ks\u00fcz de t\u00f6rende k\u0131sa birer konu\u015fma yaparak \u00f6\u011frencilerin g\u00f6sterdi\u011fi \u00f6zveriye ve ailelerin deste\u011fine te\u015fekk\u00fcr etti. \u00d6\u011frencilerin m\u00fczikle olan ba\u011flar\u0131n\u0131n geli\u015fmesinde e\u011fitimcilerin yan\u0131 s\u0131ra yerel y\u00f6netimlerin de b\u00fcy\u00fck katk\u0131s\u0131 oldu\u011funa dikkat \u00e7ektiler. Sertifika t\u00f6reni, \u00f6\u011frencilere verilen belgelerin ard\u0131ndan \u00e7ekilen toplu hat\u0131ra foto\u011fraflar\u0131yla\u00a0sona\u00a0erdi.<\/span><\/p>\n","protected":false},"excerpt":{"rendered":"<p>1\u2019nci s\u0131n\u0131ftan 10. s\u0131n\u0131fa kadar ya\u015f aral\u0131\u011f\u0131ndaki \u00f6\u011frencilerden olu\u015fan Alt\u0131eyl\u00fcl Cumhuriyet \u00c7ocuk ve Gen\u00e7lik Korosu\u2019nun \u00fcyeleri i\u00e7in sertifika t\u00f6reni d\u00fczenlendi.<\/p>\n","protected":false},"author":3,"featured_media":28742,"comment_status":"open","ping_status":"open","sticky":false,"template":"","format":"standard","meta":{"colormag_page_container_layout":"default_layout","colormag_page_sidebar_layout":"default_layout","footnotes":""},"categories":[45,1,5,6,8],"tags":[],"class_list":["post-28741","post","type-post","status-publish","format-standard","has-post-thumbnail","hentry","category-egitim","category-genel","category-gundem","category-kultur-sanat","category-siyaset"],"_links":{"self":[{"href":"https:\/\/marmarayerelhizmet.com\/index.php\/wp-json\/wp\/v2\/posts\/28741","targetHints":{"allow":["GET"]}}],"collection":[{"href":"https:\/\/marmarayerelhizmet.com\/index.php\/wp-json\/wp\/v2\/posts"}],"about":[{"href":"https:\/\/marmarayerelhizmet.com\/index.php\/wp-json\/wp\/v2\/types\/post"}],"author":[{"embeddable":true,"href":"https:\/\/marmarayerelhizmet.com\/index.php\/wp-json\/wp\/v2\/users\/3"}],"replies":[{"embeddable":true,"href":"https:\/\/marmarayerelhizmet.com\/index.php\/wp-json\/wp\/v2\/comments?post=28741"}],"version-history":[{"count":0,"href":"https:\/\/marmarayerelhizmet.com\/index.php\/wp-json\/wp\/v2\/posts\/28741\/revisions"}],"wp:featuredmedia":[{"embeddable":true,"href":"https:\/\/marmarayerelhizmet.com\/index.php\/wp-json\/wp\/v2\/media\/28742"}],"wp:attachment":[{"href":"https:\/\/marmarayerelhizmet.com\/index.php\/wp-json\/wp\/v2\/media?parent=28741"}],"wp:term":[{"taxonomy":"category","embeddable":true,"href":"https:\/\/marmarayerelhizmet.com\/index.php\/wp-json\/wp\/v2\/categories?post=28741"},{"taxonomy":"post_tag","embeddable":true,"href":"https:\/\/marmarayerelhizmet.com\/index.php\/wp-json\/wp\/v2\/tags?post=28741"}],"curies":[{"name":"wp","href":"https:\/\/api.w.org\/{rel}","templated":true}]}}