{"id":28728,"date":"2025-06-18T10:13:30","date_gmt":"2025-06-18T07:13:30","guid":{"rendered":"https:\/\/marmarayerelhizmet.com\/?p=28728"},"modified":"2025-06-18T10:13:30","modified_gmt":"2025-06-18T07:13:30","slug":"buyuksehirin-ev-sahipliginde-muhtarlar-bulustu","status":"publish","type":"post","link":"https:\/\/marmarayerelhizmet.com\/index.php\/2025\/06\/18\/buyuksehirin-ev-sahipliginde-muhtarlar-bulustu\/","title":{"rendered":"B\u00fcy\u00fck\u015fehir\u2019in Ev Sahipli\u011finde Muhtarlar Bulu\u015ftu"},"content":{"rendered":"<p><span style=\"font-family: arial, helvetica, sans-serif; font-size: 14px;\"><strong>Bal\u0131kesir B\u00fcy\u00fck\u015fehir Belediyesi\u2019nin ev sahipli\u011finde ger\u00e7ekle\u015fen Alt\u0131eyl\u00fcl \u0130l\u00e7e Muhtarlar\u0131 Y\u00f6neti\u015fim Toplant\u0131s\u0131\u2019nda muhtarlar talep ve isteklerini dile getirdi. Kentin ihtiya\u00e7lar\u0131n\u0131 belirlerken muhtarlarla daima yak\u0131n temasta olan Bal\u0131kesir B\u00fcy\u00fck\u015fehir Belediye Ba\u015fkan\u0131 Ahmet Ak\u0131n\u2019\u0131n \u00f6nc\u00fcl\u00fc\u011f\u00fcnde ger\u00e7ekle\u015fen toplant\u0131ya Alt\u0131eyl\u00fcl Belediye Ba\u015fkan\u0131 Hakan \u015eehirli ve B\u00fcy\u00fck\u015fehir Belediyesi\u2019nin daire ba\u015fkanlar\u0131 tam kadro kat\u0131l\u0131m sa\u011flad\u0131.<\/strong><\/span><\/p>\n<p><span style=\"font-family: arial, helvetica, sans-serif; font-size: 14px;\">\u201cBal\u0131kesir Emanettir\u201d ilkesiyle g\u00f6reve geldi\u011fi g\u00fcnden bug\u00fcne 20 il\u00e7enin t\u00fcm\u00fcnde muhtarlar ve vatanda\u015flarla i\u00e7 i\u00e7e bir y\u00f6netim anlay\u0131\u015f\u0131 benimseyen Ahmet Ak\u0131n\u2019\u0131n talimat\u0131yla Bal\u0131kesir B\u00fcy\u00fck\u015fehir Belediyesi Muhtarl\u0131k \u0130\u015fleri Daire Ba\u015fkan\u0131 Erkan Uzun, t\u00fcm il\u00e7elerde muhtarlara yak\u0131n temas kuruyor. Bu kapsamda Alt\u0131eyl\u00fcl \u0130l\u00e7e Muhtarlar\u0131 Y\u00f6neti\u015fim Toplant\u0131s\u0131 d\u00fczenleyen Muhtarl\u0131k \u0130\u015fleri Daire Ba\u015fkan\u0131 Erkan Uzun\u2019un ev sahipli\u011finde Alt\u0131eyl\u00fcl Belediye Ba\u015fkan\u0131 Hakan \u015eehirli, Alt\u0131eyl\u00fcl Belediye Ba\u015fkan Yard\u0131mc\u0131s\u0131 Tayfun Canl\u0131 ve Bal\u0131kesir B\u00fcy\u00fck\u015fehir Belediyesi\u2019nin neredeyse t\u00fcm daire ba\u015fkanlar\u0131 Alt\u0131eyl\u00fcl il\u00e7e muhtarlar\u0131yla bir araya geldi. Muhtarlar\u0131n taleplerinin dile getirildi\u011fi toplant\u0131da il\u00e7e genelinde yap\u0131lan ve yap\u0131lmas\u0131 hedeflenen projeler ele al\u0131nd\u0131. Altyap\u0131dan ula\u015f\u0131ma, sosyal yard\u0131mlardan \u00e7evre d\u00fczenlemesine kadar her konunun g\u00f6r\u00fc\u015f\u00fcld\u00fc\u011f\u00fc toplant\u0131da muhtarlar, b\u00f6yle bir organizasyon d\u00fczenlendi\u011fi i\u00e7in Bal\u0131kesir B\u00fcy\u00fck\u015fehir Belediyesi\u2019ne te\u015fekk\u00fcr ettiler.<\/span><\/p>\n<p><span style=\"font-family: arial, helvetica, sans-serif; font-size: 14px;\"><strong>\u201c\u0130\u015e B\u0130RL\u0130\u011e\u0130 HAL\u0130NDE \u00c7ALI\u015eIYORUZ\u201d<br \/>\n<\/strong>Alt\u0131eyl\u00fcl\u2019deki muhtarlarla s\u00fcrekli bir isti\u015fare halinde olduklar\u0131n\u0131 s\u00f6yleyen Alt\u0131eyl\u00fcl Belediye Ba\u015fkan\u0131 Hakan \u015eehirli, \u201cBal\u0131kesir B\u00fcy\u00fck\u015fehir Belediyemiz ile birlikte mahallelerimizin ihtiya\u00e7lar\u0131n\u0131 \u00e7\u00f6zmek i\u00e7in hizmet \u00fcretiyoruz. Burada B\u00fcy\u00fck\u015fehir Belediyemizin ev sahipli\u011finde ger\u00e7ekle\u015fen bu toplant\u0131y\u0131 \u00e7ok \u00f6nemsiyoruz.\u201d ifadelerini kulland\u0131.<\/span><\/p>\n<p><span style=\"font-family: arial, helvetica, sans-serif; font-size: 14px;\"><strong>\u201c24 SAAT TELEFONUN UCUNDAYIZ\u201d<br \/>\n<\/strong>Muhtarlar\u0131n taleplerini tek tek dinleyen ve notlar\u0131n\u0131 alan Bal\u0131kesir B\u00fcy\u00fck\u015fehir Belediyesi Muhtarl\u0131k \u0130\u015fleri Daire Ba\u015fkan\u0131 Erkan Uzun, \u201c1.133 mahallemizde her talebe yeti\u015fmek i\u00e7in b\u00fcy\u00fck bir \u00e7aba sar ediyoruz. Ba\u015fkan\u0131m\u0131z Ahmet Ak\u0131n liderli\u011finde siz k\u0131ymetli muhtarlar\u0131m\u0131z\u0131n her talebi bizim \u00f6nceli\u011fimiz. Acil sorunlar\u0131n giderilmesi i\u00e7in de 24 saat telefonun ucunday\u0131z. \u0130stedi\u011finiz zaman arayabilirsiniz. 444 40 10 Yak\u0131n \u00c7\u00f6z\u00fcm \u00c7a\u011fr\u0131 Merkezi\u2019mizi mutlaka aray\u0131n. Talebiniz kayda ge\u00e7ti\u011fi anda biz hemen harekete ge\u00e7iyoruz. T\u00fcm daire ba\u015fkanlar\u0131m\u0131zla birlikte mahallelere en iyi hizmeti ula\u015ft\u0131rmak i\u00e7in g\u00fc\u00e7l\u00fc bir i\u015f birli\u011fi i\u00e7erisindeyiz. Her muhtar\u0131m\u0131z\u0131n bizden istedi\u011fi t\u00fcm talepleri biliyoruz. S\u0131ras\u0131yla da bu taleplere cevap veriyoruz.\u201d derken, yo\u011fun kat\u0131l\u0131m nedeniyle muhtarlara te\u015fekk\u00fcr etti.<\/span><\/p>\n","protected":false},"excerpt":{"rendered":"<p>Bal\u0131kesir B\u00fcy\u00fck\u015fehir Belediyesi\u2019nin ev sahipli\u011finde ger\u00e7ekle\u015fen Alt\u0131eyl\u00fcl \u0130l\u00e7e Muhtarlar\u0131 Y\u00f6neti\u015fim Toplant\u0131s\u0131\u2019nda muhtarlar talep ve isteklerini dile getirdi. Kentin ihtiya\u00e7lar\u0131n\u0131 belirlerken<\/p>\n","protected":false},"author":3,"featured_media":28729,"comment_status":"open","ping_status":"open","sticky":false,"template":"","format":"standard","meta":{"colormag_page_container_layout":"default_layout","colormag_page_sidebar_layout":"default_layout","footnotes":""},"categories":[1,5,8],"tags":[],"class_list":["post-28728","post","type-post","status-publish","format-standard","has-post-thumbnail","hentry","category-genel","category-gundem","category-siyaset"],"_links":{"self":[{"href":"https:\/\/marmarayerelhizmet.com\/index.php\/wp-json\/wp\/v2\/posts\/28728","targetHints":{"allow":["GET"]}}],"collection":[{"href":"https:\/\/marmarayerelhizmet.com\/index.php\/wp-json\/wp\/v2\/posts"}],"about":[{"href":"https:\/\/marmarayerelhizmet.com\/index.php\/wp-json\/wp\/v2\/types\/post"}],"author":[{"embeddable":true,"href":"https:\/\/marmarayerelhizmet.com\/index.php\/wp-json\/wp\/v2\/users\/3"}],"replies":[{"embeddable":true,"href":"https:\/\/marmarayerelhizmet.com\/index.php\/wp-json\/wp\/v2\/comments?post=28728"}],"version-history":[{"count":0,"href":"https:\/\/marmarayerelhizmet.com\/index.php\/wp-json\/wp\/v2\/posts\/28728\/revisions"}],"wp:featuredmedia":[{"embeddable":true,"href":"https:\/\/marmarayerelhizmet.com\/index.php\/wp-json\/wp\/v2\/media\/28729"}],"wp:attachment":[{"href":"https:\/\/marmarayerelhizmet.com\/index.php\/wp-json\/wp\/v2\/media?parent=28728"}],"wp:term":[{"taxonomy":"category","embeddable":true,"href":"https:\/\/marmarayerelhizmet.com\/index.php\/wp-json\/wp\/v2\/categories?post=28728"},{"taxonomy":"post_tag","embeddable":true,"href":"https:\/\/marmarayerelhizmet.com\/index.php\/wp-json\/wp\/v2\/tags?post=28728"}],"curies":[{"name":"wp","href":"https:\/\/api.w.org\/{rel}","templated":true}]}}