{"id":28724,"date":"2025-06-17T10:10:44","date_gmt":"2025-06-17T07:10:44","guid":{"rendered":"https:\/\/marmarayerelhizmet.com\/?p=28724"},"modified":"2025-06-18T10:12:17","modified_gmt":"2025-06-18T07:12:17","slug":"altieylul-3-lavanta-gunleri-basliyor","status":"publish","type":"post","link":"https:\/\/marmarayerelhizmet.com\/index.php\/2025\/06\/17\/altieylul-3-lavanta-gunleri-basliyor\/","title":{"rendered":"Alt\u0131eyl\u00fcl 3. Lavanta G\u00fcnleri Ba\u015fl\u0131yor"},"content":{"rendered":"<div class=\"tg-post\">\n<article id=\"post-43252\" class=\"post-43252 post type-post status-publish format-standard has-post-thumbnail hentry category-genel category-ilceler category-siyaset\">\n<div class=\"cm-post-content\">\n<div class=\"cm-entry-summary\">\n<p><span style=\"font-family: arial, helvetica, sans-serif; font-size: 14px;\"><strong>Alt\u0131eyl\u00fcl\u2019e ba\u011fl\u0131 Nergiz (\u00c7i\u00e7ekp\u0131nar) Mahallesi, mor lavantalar\u0131n b\u00fcy\u00fcl\u00fc atmosferine ev sahipli\u011fi yapmaya haz\u0131rlan\u0131yor. Alt\u0131eyl\u00fcl Belediyesi taraf\u0131ndan bu y\u0131l \u00fc\u00e7\u00fcnc\u00fcs\u00fc ger\u00e7ekle\u015ftirilecek olan \u201cAlt\u0131eyl\u00fcl Lavanta G\u00fcnleri\u201d, 20-21-22 Haziran tarihlerinde do\u011fa ve foto\u011fraf tutkunlar\u0131n\u0131 bir araya getirecek.<br \/>\n<\/strong><\/span><br \/>\n<span style=\"font-family: arial, helvetica, sans-serif; font-size: 14px;\">Alt\u0131eyl\u00fcl Belediyesi Park ve Bah\u00e7eler M\u00fcd\u00fcrl\u00fc\u011f\u00fc\u2019n\u00fcn \u00f6zenle haz\u0131rlad\u0131\u011f\u0131 lavanta bah\u00e7esi, 20 d\u00f6n\u00fcml\u00fck alanda ziyaret\u00e7ilerini a\u011f\u0131rlayacak. Etkinlik kapsam\u0131nda, ziyaret\u00e7ilerin foto\u011fraf \u00e7ekebilece\u011fi \u00f6zel alanlar, sal\u0131ncaklar, nostaljik at arabalar\u0131, dekoratif \u00e7er\u00e7eveler ve oturma gruplar\u0131 gibi detaylar da yer al\u0131yor. Renkli g\u00f6r\u00fcnt\u00fclere sahne olacak Lavanta bah\u00e7eleri 3 g\u00fcn boyunca ziyaret\u00e7ilerini a\u011f\u0131rlayacak<\/span><\/p>\n<p><span style=\"font-family: arial, helvetica, sans-serif; font-size: 14px;\"><strong>\u201cDO\u011eANIN KALB\u0130NE YOLCULU\u011eA BEKL\u0130YORUZ\u201d<\/strong><\/span><br \/>\n<span style=\"font-family: arial, helvetica, sans-serif; font-size: 14px;\">Alt\u0131eyl\u00fcl Belediye Ba\u015fkan\u0131 Hakan \u015eehirli, d\u00fczenlenecek etkinlikle ilgili yapt\u0131\u011f\u0131 a\u00e7\u0131klamada vatanda\u015flar\u0131 etkinliklere davet etti. \u015eehirli, \u201cNergiz Mahallemizde olu\u015fturdu\u011fumuz lavanta bah\u00e7emiz bu y\u0131l daha da b\u00fcy\u00fcyerek, halk\u0131m\u0131z\u0131n nefes alabilece\u011fi, do\u011fayla i\u00e7 i\u00e7e zaman ge\u00e7irebilece\u011fi bir cazibe merkezi haline geldi. 20-21-22 Haziran tarihlerinde ger\u00e7ekle\u015ftirece\u011fimiz Lavanta G\u00fcnleri\u2019nde t\u00fcm halk\u0131m\u0131z\u0131 mor renkli bir ser\u00fcvene kat\u0131lmaya davet ediyoruz\u201d dedi.<\/span><\/p>\n<p><span style=\"font-family: arial, helvetica, sans-serif; font-size: 14px;\"><strong>\u00dc\u00c7 G\u00dcN BOYUNCA RENKL\u0130 ETK\u0130NL\u0130KLER D\u00dcZENLENECEK<\/strong><\/span><br \/>\n<span style=\"font-family: arial, helvetica, sans-serif; font-size: 14px;\">Alt\u0131eyl\u00fcl Belediyesi taraf\u0131ndan etkinlik s\u00fcresince lavanta bah\u00e7esinde \u00e7e\u015fitli at\u00f6lye \u00e7al\u0131\u015fmalar\u0131, do\u011fa y\u00fcr\u00fcy\u00fc\u015fleri, m\u00fczik dinletileri ve foto\u011fraf \u00e7ekimleri yap\u0131lacak. Bah\u00e7ede \u00e7ocuklar i\u00e7in \u00f6zel oyun alanlar\u0131 ve lavanta temal\u0131 aktiviteler de ziyaret\u00e7ileri bekliyor olacak. \u00d6zellikle do\u011fa severlerin ve sosyal medya kullan\u0131c\u0131lar\u0131n\u0131n ilgisini \u00e7ekecek olan lavanta bah\u00e7esi, \u00fc\u00e7 g\u00fcn boyunca foto\u011fraf merakl\u0131lar\u0131n\u0131n g\u00f6zde mek\u00e2nlar\u0131ndan biri olacak. Alan\u0131n estetik tasar\u0131m\u0131, lavantalar\u0131n g\u00f6z al\u0131c\u0131 morlu\u011fu ile birle\u015ferek ziyaret\u00e7ilere hem huzur verici hem de g\u00f6rsel bir \u015f\u00f6len sunacak. Alt\u0131eyl\u00fcl Belediyesi\u2019nin do\u011faya duyarl\u0131 projeleri aras\u0131nda \u00f6ne \u00e7\u0131kan Lavanta G\u00fcnleri, k\u0131rsal kalk\u0131nmaya ve yerel turizme katk\u0131 sa\u011flamay\u0131 da ama\u00e7l\u0131yor. Lavanta g\u00fcnleri s\u00fcresince yerel mahalle halk\u0131n\u0131n el eme\u011fi \u00fcr\u00fcnleri de sat\u0131\u015fa \u00e7\u0131kacak. Her ya\u015ftan ziyaret\u00e7iye hitap edecek Lavanta g\u00fcnleri, mor lavantalarla bezenmi\u015f alanlarda hem huzur arayanlara hem de e\u011flenmek isteyenlere unutulmaz bir deneyim\u00a0ya\u015fatacak.<\/span><\/p>\n<\/div>\n<\/div>\n<\/article>\n<\/div>\n<ul class=\"default-wp-page\">\n<li class=\"previous\"><\/li>\n<\/ul>\n","protected":false},"excerpt":{"rendered":"<p>Alt\u0131eyl\u00fcl\u2019e ba\u011fl\u0131 Nergiz (\u00c7i\u00e7ekp\u0131nar) Mahallesi, mor lavantalar\u0131n b\u00fcy\u00fcl\u00fc atmosferine ev sahipli\u011fi yapmaya haz\u0131rlan\u0131yor. Alt\u0131eyl\u00fcl Belediyesi taraf\u0131ndan bu y\u0131l \u00fc\u00e7\u00fcnc\u00fcs\u00fc ger\u00e7ekle\u015ftirilecek<\/p>\n","protected":false},"author":3,"featured_media":28725,"comment_status":"open","ping_status":"open","sticky":false,"template":"","format":"standard","meta":{"colormag_page_container_layout":"default_layout","colormag_page_sidebar_layout":"default_layout","footnotes":""},"categories":[1,5,6,8],"tags":[],"class_list":["post-28724","post","type-post","status-publish","format-standard","has-post-thumbnail","hentry","category-genel","category-gundem","category-kultur-sanat","category-siyaset"],"_links":{"self":[{"href":"https:\/\/marmarayerelhizmet.com\/index.php\/wp-json\/wp\/v2\/posts\/28724","targetHints":{"allow":["GET"]}}],"collection":[{"href":"https:\/\/marmarayerelhizmet.com\/index.php\/wp-json\/wp\/v2\/posts"}],"about":[{"href":"https:\/\/marmarayerelhizmet.com\/index.php\/wp-json\/wp\/v2\/types\/post"}],"author":[{"embeddable":true,"href":"https:\/\/marmarayerelhizmet.com\/index.php\/wp-json\/wp\/v2\/users\/3"}],"replies":[{"embeddable":true,"href":"https:\/\/marmarayerelhizmet.com\/index.php\/wp-json\/wp\/v2\/comments?post=28724"}],"version-history":[{"count":0,"href":"https:\/\/marmarayerelhizmet.com\/index.php\/wp-json\/wp\/v2\/posts\/28724\/revisions"}],"wp:featuredmedia":[{"embeddable":true,"href":"https:\/\/marmarayerelhizmet.com\/index.php\/wp-json\/wp\/v2\/media\/28725"}],"wp:attachment":[{"href":"https:\/\/marmarayerelhizmet.com\/index.php\/wp-json\/wp\/v2\/media?parent=28724"}],"wp:term":[{"taxonomy":"category","embeddable":true,"href":"https:\/\/marmarayerelhizmet.com\/index.php\/wp-json\/wp\/v2\/categories?post=28724"},{"taxonomy":"post_tag","embeddable":true,"href":"https:\/\/marmarayerelhizmet.com\/index.php\/wp-json\/wp\/v2\/tags?post=28724"}],"curies":[{"name":"wp","href":"https:\/\/api.w.org\/{rel}","templated":true}]}}