{"id":28721,"date":"2025-06-15T17:17:45","date_gmt":"2025-06-15T14:17:45","guid":{"rendered":"https:\/\/marmarayerelhizmet.com\/?p=28721"},"modified":"2025-06-15T17:17:45","modified_gmt":"2025-06-15T14:17:45","slug":"100-yillik-tarihi-havuz-yeniden-hayat-buluyor","status":"publish","type":"post","link":"https:\/\/marmarayerelhizmet.com\/index.php\/2025\/06\/15\/100-yillik-tarihi-havuz-yeniden-hayat-buluyor\/","title":{"rendered":"100 Y\u0131ll\u0131k Tarihi Havuz Yeniden Hayat Buluyor"},"content":{"rendered":"<div class=\"tg-post\">\n<article id=\"post-43217\" class=\"post-43217 post type-post status-publish format-standard has-post-thumbnail hentry category-egitim category-genel\">\n<div class=\"cm-post-content\">\n<div class=\"cm-entry-summary\">\n<p><span style=\"font-family: arial, helvetica, sans-serif; font-size: 14px;\"><strong>Bal\u0131kesir\u2019in Necatibey E\u011fitim Fak\u00fcltesi, k\u00f6kl\u00fc tarihinden gelen bir gelene\u011fi yeniden canland\u0131rmak i\u00e7in \u00f6nemli bir ad\u0131m att\u0131. 1910 y\u0131l\u0131nda Karesi Darulmuallimin ad\u0131yla kurulan ve T\u00fcrkiye\u2019nin en eski \u00f6\u011fretmen yeti\u015ftiren kurumlar\u0131ndan biri olan Necatibey E\u011fitim Fak\u00fcltesi\u2019nin bah\u00e7esinde yer alan ve 1930\u2019lu y\u0131llarda yap\u0131lm\u0131\u015f olan tarihi havuz, yeniden in\u015fa ediliyor.<\/strong><\/span><\/p>\n<p><span style=\"font-family: arial, helvetica, sans-serif; font-size: 14px;\">Uzun y\u0131llar boyunca fak\u00fclteden mezun olan \u00f6\u011frencilerin, e\u011fitim hayatlar\u0131n\u0131n son haftas\u0131nda davul zurna e\u015fli\u011finde havuza atlayarak kutlama yapt\u0131klar\u0131 bu havuz, kurumun haf\u0131zas\u0131nda ve mezunlar\u0131n hat\u0131ralar\u0131nda \u00f6zel bir yer edindi. Ancak 2018 y\u0131l\u0131nda d\u00f6nemin idarecileri taraf\u0131ndan g\u00fcvenlik endi\u015fesiyle y\u0131k\u0131larak \u00fczeri kapat\u0131lan havuz, BA\u00dcN y\u00f6netiminin giri\u015fimiyle yeniden fak\u00fclteye kazand\u0131r\u0131l\u0131yor.<\/span><br \/>\n<span style=\"font-family: arial, helvetica, sans-serif; font-size: 14px;\">Necatibey E\u011fitim Fak\u00fcltesi Dekan Vekili Prof. Dr. Fatih Sat\u0131l, konuyla ilgili yapt\u0131\u011f\u0131 a\u00e7\u0131klamada \u015funlar\u0131 s\u00f6yledi: \u201cKurumlar gelenekleriyle ya\u015far ve g\u00fc\u00e7lenir. Gelenekler, sadece ge\u00e7mi\u015fe ait hat\u0131ralar de\u011fil, ayn\u0131 zamanda kurumsal aidiyetin ve ortak kimli\u011fin ta\u015f\u0131y\u0131c\u0131lar\u0131d\u0131r. Necatibey E\u011fitim Fak\u00fcltesi, y\u00fczy\u0131l\u0131 a\u015fan tarihinin her d\u00f6neminde hem bilimsel hem de k\u00fclt\u00fcrel a\u00e7\u0131dan pek \u00e7ok birikim olu\u015fturmu\u015ftur. Bu havuz da sadece bir su yap\u0131s\u0131 de\u011fil, binlerce mezunumuzun hat\u0131ralar\u0131na, heyecanlar\u0131na ve mezuniyet co\u015fkular\u0131na tan\u0131kl\u0131k etmi\u015f bir simgeydi. Fak\u00fcltemizde bu k\u00fclt\u00fcrel miras\u0131 ya\u015fatmak ve yeni nesillere aktarmak amac\u0131yla tarihi havuzumuzu asl\u0131na uygun \u015fekilde yeniden in\u015fa etmek i\u00e7in ilk ad\u0131m\u0131 atm\u0131\u015f bulunuyoruz. Umar\u0131m \u00f6n\u00fcm\u00fczdeki d\u00f6nemde mezuniyet haftalar\u0131nda bu k\u00f6kl\u00fc gelene\u011fi yeniden canland\u0131rma f\u0131rsat\u0131m\u0131z olur. Bu konuda desteklerini g\u00f6rd\u00fc\u011f\u00fcm DS\u0130 b\u00f6lge m\u00fcd\u00fcrl\u00fc\u011f\u00fcne de te\u015fekk\u00fcrlerimi sunar\u0131m\u201d<\/span><br \/>\n<span style=\"font-family: arial, helvetica, sans-serif; font-size: 14px;\">Tarihi havuzun yeniden yap\u0131lmas\u0131yla birlikte, Necatibey E\u011fitim Fak\u00fcltesi\u2019nin k\u00f6kl\u00fc ge\u00e7mi\u015fine ve k\u00fclt\u00fcrel miras\u0131na sahip \u00e7\u0131kma iradesi de bir kez daha ortaya konmu\u015f oldu. Projenin tamamlanmas\u0131n\u0131n ard\u0131ndan, ge\u00e7mi\u015ften g\u00fcn\u00fcm\u00fcze uzanan bu \u00f6zel mezuniyet gelene\u011finin de yeniden ya\u015fat\u0131lmas\u0131 planlan\u0131yor. \u0130HA<\/span><\/p>\n<\/div>\n<\/div>\n<\/article>\n<\/div>\n<ul class=\"default-wp-page\">\n<li class=\"previous\"><\/li>\n<\/ul>\n","protected":false},"excerpt":{"rendered":"<p>Bal\u0131kesir\u2019in Necatibey E\u011fitim Fak\u00fcltesi, k\u00f6kl\u00fc tarihinden gelen bir gelene\u011fi yeniden canland\u0131rmak i\u00e7in \u00f6nemli bir ad\u0131m att\u0131. 1910 y\u0131l\u0131nda Karesi Darulmuallimin<\/p>\n","protected":false},"author":3,"featured_media":28722,"comment_status":"open","ping_status":"open","sticky":false,"template":"","format":"standard","meta":{"colormag_page_container_layout":"default_layout","colormag_page_sidebar_layout":"default_layout","footnotes":""},"categories":[1],"tags":[],"class_list":["post-28721","post","type-post","status-publish","format-standard","has-post-thumbnail","hentry","category-genel"],"_links":{"self":[{"href":"https:\/\/marmarayerelhizmet.com\/index.php\/wp-json\/wp\/v2\/posts\/28721","targetHints":{"allow":["GET"]}}],"collection":[{"href":"https:\/\/marmarayerelhizmet.com\/index.php\/wp-json\/wp\/v2\/posts"}],"about":[{"href":"https:\/\/marmarayerelhizmet.com\/index.php\/wp-json\/wp\/v2\/types\/post"}],"author":[{"embeddable":true,"href":"https:\/\/marmarayerelhizmet.com\/index.php\/wp-json\/wp\/v2\/users\/3"}],"replies":[{"embeddable":true,"href":"https:\/\/marmarayerelhizmet.com\/index.php\/wp-json\/wp\/v2\/comments?post=28721"}],"version-history":[{"count":0,"href":"https:\/\/marmarayerelhizmet.com\/index.php\/wp-json\/wp\/v2\/posts\/28721\/revisions"}],"wp:featuredmedia":[{"embeddable":true,"href":"https:\/\/marmarayerelhizmet.com\/index.php\/wp-json\/wp\/v2\/media\/28722"}],"wp:attachment":[{"href":"https:\/\/marmarayerelhizmet.com\/index.php\/wp-json\/wp\/v2\/media?parent=28721"}],"wp:term":[{"taxonomy":"category","embeddable":true,"href":"https:\/\/marmarayerelhizmet.com\/index.php\/wp-json\/wp\/v2\/categories?post=28721"},{"taxonomy":"post_tag","embeddable":true,"href":"https:\/\/marmarayerelhizmet.com\/index.php\/wp-json\/wp\/v2\/tags?post=28721"}],"curies":[{"name":"wp","href":"https:\/\/api.w.org\/{rel}","templated":true}]}}