{"id":28709,"date":"2025-06-14T17:00:57","date_gmt":"2025-06-14T14:00:57","guid":{"rendered":"https:\/\/marmarayerelhizmet.com\/?p=28709"},"modified":"2025-06-15T17:01:54","modified_gmt":"2025-06-15T14:01:54","slug":"balikesirspor-baskan-bekki-ile-devam","status":"publish","type":"post","link":"https:\/\/marmarayerelhizmet.com\/index.php\/2025\/06\/14\/balikesirspor-baskan-bekki-ile-devam\/","title":{"rendered":"Bal\u0131kesirspor Ba\u015fkan Bekki ile Devam"},"content":{"rendered":"<p><strong><span style=\"font-family: arial, helvetica, sans-serif; font-size: 14px;\">Ge\u00e7en sezon \u015fampiyonlu\u011fu play-off finalinde kaybeden Bal\u0131kesirspor\u2019da Abdullah Bekki ve y\u00f6netim kurulu yeni sezon \u00f6ncesi devam karar\u0131 ald\u0131. Asba\u015fkan Sedat Sar\u0131kaya ve Hukuk \u0130\u015fleri Sorumlusu Serdar Akg\u00fcl istifa karar\u0131 alarak, yeni y\u00f6netimde g\u00f6rev istemedi.<\/span><\/strong><\/p>\n<p><span style=\"font-family: arial, helvetica, sans-serif; font-size: 14px;\">Bal\u0131kesirspor\u2019da yeni sezon \u00f6ncesi baz\u0131 \u00f6nemli geli\u015fmeler ya\u015fan\u0131yor. Y\u00f6netim kurulu ilk olarak Teknik Direkt\u00f6r \u0130smail Ertekin ile yola devam etmeme karar\u0131 ald\u0131. Daha sonra ise Abdullah Bekki ba\u015fkanl\u0131\u011f\u0131ndaki y\u00f6netim yeni sezonda da devam karar\u0131 ald\u0131. Asba\u015fkan ve Sportif \u0130\u015fler Sorumlusu Sedat Sar\u0131kaya ve Hukuk \u0130\u015fleri Sorumlusu Serdar Akg\u00fcl ile yedek y\u00f6neticiler Nurettin Asar ve Sadettin Akbaba yeni d\u00f6nemde g\u00f6rev alamayacaklar\u0131n\u0131 ifade ederek istifa ettiler.<br \/>\n<\/span><span style=\"font-family: arial, helvetica, sans-serif; font-size: 14px;\">Bal\u0131kesirspor Y\u00f6netim Kurulu ad\u0131na Bas\u0131n S\u00f6zc\u00fcs\u00fc Ceyhun Ercan yapt\u0131\u011f\u0131 a\u00e7\u0131klamada, &#8220;Abdullah Bekki ba\u015fkanl\u0131\u011f\u0131nda yola devam karar\u0131 alan y\u00f6netim kurulumuzda, asil y\u00f6neticilerimizden Asba\u015fkan ve Sportif \u0130\u015fler Sorumlusu Sedat Sar\u0131kaya ve Hukuk \u0130\u015fleri Sorumlusu Serdar Akg\u00fcl ile yedek y\u00f6neticilerimizden Nurettin Asar ve Sadettin Akbaba yeni d\u00f6nemde g\u00f6rev alamayacaklar\u0131n\u0131 ifade ederek istifa etmi\u015flerdir. \u0130stifalar\u0131 kabul edilen y\u00f6neticilerimizin ayr\u0131l\u0131klar\u0131 sonucu olu\u015facak yeni organizasyon \u015femas\u0131 ve g\u00f6rev da\u011f\u0131l\u0131m\u0131 en k\u0131sa s\u00fcrede kamuoyuyla payla\u015f\u0131lacakt\u0131r&#8221; diye konu\u015ftu. \u0130HA<\/span><\/p>\n","protected":false},"excerpt":{"rendered":"<p>Ge\u00e7en sezon \u015fampiyonlu\u011fu play-off finalinde kaybeden Bal\u0131kesirspor\u2019da Abdullah Bekki ve y\u00f6netim kurulu yeni sezon \u00f6ncesi devam karar\u0131 ald\u0131. Asba\u015fkan Sedat<\/p>\n","protected":false},"author":3,"featured_media":28710,"comment_status":"open","ping_status":"open","sticky":false,"template":"","format":"standard","meta":{"colormag_page_container_layout":"default_layout","colormag_page_sidebar_layout":"default_layout","footnotes":""},"categories":[1,5,9],"tags":[],"class_list":["post-28709","post","type-post","status-publish","format-standard","has-post-thumbnail","hentry","category-genel","category-gundem","category-spor"],"_links":{"self":[{"href":"https:\/\/marmarayerelhizmet.com\/index.php\/wp-json\/wp\/v2\/posts\/28709","targetHints":{"allow":["GET"]}}],"collection":[{"href":"https:\/\/marmarayerelhizmet.com\/index.php\/wp-json\/wp\/v2\/posts"}],"about":[{"href":"https:\/\/marmarayerelhizmet.com\/index.php\/wp-json\/wp\/v2\/types\/post"}],"author":[{"embeddable":true,"href":"https:\/\/marmarayerelhizmet.com\/index.php\/wp-json\/wp\/v2\/users\/3"}],"replies":[{"embeddable":true,"href":"https:\/\/marmarayerelhizmet.com\/index.php\/wp-json\/wp\/v2\/comments?post=28709"}],"version-history":[{"count":0,"href":"https:\/\/marmarayerelhizmet.com\/index.php\/wp-json\/wp\/v2\/posts\/28709\/revisions"}],"wp:featuredmedia":[{"embeddable":true,"href":"https:\/\/marmarayerelhizmet.com\/index.php\/wp-json\/wp\/v2\/media\/28710"}],"wp:attachment":[{"href":"https:\/\/marmarayerelhizmet.com\/index.php\/wp-json\/wp\/v2\/media?parent=28709"}],"wp:term":[{"taxonomy":"category","embeddable":true,"href":"https:\/\/marmarayerelhizmet.com\/index.php\/wp-json\/wp\/v2\/categories?post=28709"},{"taxonomy":"post_tag","embeddable":true,"href":"https:\/\/marmarayerelhizmet.com\/index.php\/wp-json\/wp\/v2\/tags?post=28709"}],"curies":[{"name":"wp","href":"https:\/\/api.w.org\/{rel}","templated":true}]}}