{"id":28704,"date":"2025-06-12T20:28:00","date_gmt":"2025-06-12T17:28:00","guid":{"rendered":"https:\/\/marmarayerelhizmet.com\/?p=28704"},"modified":"2025-06-13T01:28:34","modified_gmt":"2025-06-12T22:28:34","slug":"ferdi-zeyrekin-adi-grafitiyle-yasatiliyor","status":"publish","type":"post","link":"https:\/\/marmarayerelhizmet.com\/index.php\/2025\/06\/12\/ferdi-zeyrekin-adi-grafitiyle-yasatiliyor\/","title":{"rendered":"Ferdi Zeyrek\u2019in Ad\u0131 Grafitiyle Ya\u015fat\u0131l\u0131yor"},"content":{"rendered":"<div class=\"tg-post\">\n<article id=\"post-43167\" class=\"post-43167 post type-post status-publish format-standard has-post-thumbnail hentry category-genel category-ilceler category-siyaset\">\n<div class=\"cm-post-content\">\n<div class=\"cm-entry-summary\">\n<p><span style=\"font-family: arial, helvetica, sans-serif; font-size: 14px;\"><strong>Alt\u0131eyl\u00fcl Belediyesi, ge\u00e7ti\u011fimiz g\u00fcnlerde hayat\u0131n\u0131 kaybeden Manisa B\u00fcy\u00fck\u015fehir Belediye Ba\u015fkan\u0131 Ferdi Zeyrek\u2019in an\u0131s\u0131n\u0131 ya\u015fatmak amac\u0131yla anlaml\u0131 bir projeye imza att\u0131.<\/strong><\/span><\/p>\n<p><span style=\"font-family: arial, helvetica, sans-serif; font-size: 14px;\">Elim bir kaza sonucu hayat\u0131n\u0131 kaybeden Manisa B\u00fcy\u00fck\u015fehir Belediye Ba\u015fkan\u0131 Ferdi Zeyrek\u2019in grafiti \u00e7al\u0131\u015fmas\u0131 Alt\u0131eyl\u00fcl \u0130lk\u00f6\u011fretim Okulu\u2019nun duvar\u0131na i\u015flendi. T\u00fcm \u00fclkeyi yasa bo\u011fan \u00f6l\u00fcm sonras\u0131nda Alt\u0131eyl\u00fcl Belediyesi yapt\u0131\u011f\u0131 \u00e7al\u0131\u015fma ile merhum Ba\u015fkan Zeyrek\u2019in \u00e7evreye duyarl\u0131l\u0131\u011f\u0131, gen\u00e7li\u011fe verdi\u011fi \u00f6nem ve sanatla i\u00e7 i\u00e7e yakla\u015f\u0131m\u0131 g\u00f6z \u00f6n\u00fcne al\u0131narak, Alt\u0131eyl\u00fcl \u0130lk\u00f6\u011fretim Okulu\u2019nun duvar\u0131na \u00f6zel bir grafiti \u00e7al\u0131\u015fmas\u0131 yapt\u0131rd\u0131. Alt\u0131eyl\u00fcl Belediyesi taraf\u0131ndan hayata ge\u00e7irilen bu sanatsal dokunu\u015f, vatanda\u015flar taraf\u0131ndan b\u00fcy\u00fck be\u011feni toplad\u0131. Alt\u0131eyl\u00fcl Belediye Ba\u015fkan\u0131 Hakan \u015eehirli yapt\u0131\u011f\u0131 a\u00e7\u0131klamada, \u201cK\u0131ymetli yol arkada\u015f\u0131m\u0131z, Merhum Ferdi Zeyrek sadece g\u00f6revini yapan bir y\u00f6netici de\u011fil, halk\u0131n i\u00e7inde ya\u015fayan bir de\u011ferdi. E\u011fitime, gen\u00e7li\u011fe ve sanata olan sevgisini bu projeyle ya\u015fatmak istedik. Onu her zaman sayg\u0131 ve rahmetle anaca\u011f\u0131z\u201d ifadelerini\u00a0kulland\u0131.<\/span><\/p>\n<\/div>\n<\/div>\n<\/article>\n<\/div>\n<p>&nbsp;<\/p>\n","protected":false},"excerpt":{"rendered":"<p>Alt\u0131eyl\u00fcl Belediyesi, ge\u00e7ti\u011fimiz g\u00fcnlerde hayat\u0131n\u0131 kaybeden Manisa B\u00fcy\u00fck\u015fehir Belediye Ba\u015fkan\u0131 Ferdi Zeyrek\u2019in an\u0131s\u0131n\u0131 ya\u015fatmak amac\u0131yla anlaml\u0131 bir projeye imza att\u0131.<\/p>\n","protected":false},"author":3,"featured_media":28705,"comment_status":"open","ping_status":"open","sticky":false,"template":"","format":"standard","meta":{"colormag_page_container_layout":"default_layout","colormag_page_sidebar_layout":"default_layout","footnotes":""},"categories":[1,5,8],"tags":[],"class_list":["post-28704","post","type-post","status-publish","format-standard","has-post-thumbnail","hentry","category-genel","category-gundem","category-siyaset"],"_links":{"self":[{"href":"https:\/\/marmarayerelhizmet.com\/index.php\/wp-json\/wp\/v2\/posts\/28704","targetHints":{"allow":["GET"]}}],"collection":[{"href":"https:\/\/marmarayerelhizmet.com\/index.php\/wp-json\/wp\/v2\/posts"}],"about":[{"href":"https:\/\/marmarayerelhizmet.com\/index.php\/wp-json\/wp\/v2\/types\/post"}],"author":[{"embeddable":true,"href":"https:\/\/marmarayerelhizmet.com\/index.php\/wp-json\/wp\/v2\/users\/3"}],"replies":[{"embeddable":true,"href":"https:\/\/marmarayerelhizmet.com\/index.php\/wp-json\/wp\/v2\/comments?post=28704"}],"version-history":[{"count":0,"href":"https:\/\/marmarayerelhizmet.com\/index.php\/wp-json\/wp\/v2\/posts\/28704\/revisions"}],"wp:featuredmedia":[{"embeddable":true,"href":"https:\/\/marmarayerelhizmet.com\/index.php\/wp-json\/wp\/v2\/media\/28705"}],"wp:attachment":[{"href":"https:\/\/marmarayerelhizmet.com\/index.php\/wp-json\/wp\/v2\/media?parent=28704"}],"wp:term":[{"taxonomy":"category","embeddable":true,"href":"https:\/\/marmarayerelhizmet.com\/index.php\/wp-json\/wp\/v2\/categories?post=28704"},{"taxonomy":"post_tag","embeddable":true,"href":"https:\/\/marmarayerelhizmet.com\/index.php\/wp-json\/wp\/v2\/tags?post=28704"}],"curies":[{"name":"wp","href":"https:\/\/api.w.org\/{rel}","templated":true}]}}