{"id":28692,"date":"2025-06-10T18:37:18","date_gmt":"2025-06-10T15:37:18","guid":{"rendered":"https:\/\/marmarayerelhizmet.com\/?p=28692"},"modified":"2025-06-10T18:37:18","modified_gmt":"2025-06-10T15:37:18","slug":"baski-bayramda-mesaide","status":"publish","type":"post","link":"https:\/\/marmarayerelhizmet.com\/index.php\/2025\/06\/10\/baski-bayramda-mesaide\/","title":{"rendered":"BASK\u0130 Bayramda Mesaide"},"content":{"rendered":"<p><strong><span style=\"font-family: arial, helvetica, sans-serif; font-size: 14px;\">Bal\u0131kesir B\u00fcy\u00fck\u015fehir Belediye Ba\u015fkan\u0131 Ahmet Ak\u0131n\u2019\u0131n liderli\u011finde vatanda\u015flara kesintisiz ve sa\u011fl\u0131kl\u0131 i\u00e7me suyu hizmeti sa\u011flayan Bal\u0131kesir Su ve Kanalizasyon \u0130daresi (BASK\u0130) Genel M\u00fcd\u00fcrl\u00fc\u011f\u00fc, Kurban Bayram\u0131 boyunca 20 il\u00e7ede toplam 2 bin 510 ar\u0131zaya an\u0131nda m\u00fcdahale etti. T\u00fcm ekipleriyle 7\/24 sahada olan BASK\u0130, \u00f6zellikle tatilcilerin yo\u011funlukla tercih etti\u011fi b\u00f6lgelerde anl\u0131k olu\u015fan ar\u0131zalara an\u0131nda m\u00fcdahale ederek vatanda\u015flardan tam not ald\u0131.<\/span><\/strong><\/p>\n<p><span style=\"font-family: arial, helvetica, sans-serif; font-size: 14px;\">Halka sa\u011fl\u0131kl\u0131 ve kesintisiz i\u00e7me suyu ula\u015ft\u0131rmak i\u00e7in Kurban Bayram\u0131 tatilinde de gece g\u00fcnd\u00fcz hizmet veren Bal\u0131kesir B\u00fcy\u00fck\u015fehir Belediyesi\u2019ne ba\u011fl\u0131 Bal\u0131kesir Su ve Kanalizasyon \u0130daresi (BASK\u0130) Genel M\u00fcd\u00fcrl\u00fc\u011f\u00fc, t\u00fcm il\u00e7elerde bayram boyunca meydana gelen 2 bin 510 ar\u0131zaya m\u00fcdahale ederek an\u0131nda \u00e7\u00f6z\u00fcme kavu\u015fturdu. Bayram tatilinde n\u00fcfus yo\u011funlu\u011funun ya\u015fand\u0131\u011f\u0131 K\u00f6rfez ve G\u00fcney Marmara ba\u015fta olmak \u00fczere t\u00fcm il\u00e7elerde tam zamanl\u0131 hizmet veren BASK\u0130, b\u00f6lge halk\u0131n\u0131n ve tatilcilerin sorunsuz bir tatil ge\u00e7irmeleri i\u00e7in aral\u0131ks\u0131z \u00e7al\u0131\u015fmalar\u0131n\u0131 s\u00fcrd\u00fcrd\u00fc.<\/span><\/p>\n<p><span style=\"font-family: arial, helvetica, sans-serif; font-size: 14px;\"><strong>2 B\u0130N 510 ARIZAYA ANINDA \u00c7\u00d6Z\u00dcM<br \/>\n<\/strong><\/span><span style=\"font-family: arial, helvetica, sans-serif; font-size: 14px;\">\u015eehrin altyap\u0131s\u0131n\u0131 gelece\u011fe haz\u0131rlamak i\u00e7in kapsaml\u0131 bir d\u00f6n\u00fc\u015f\u00fcm ba\u015flatan Bal\u0131kesir B\u00fcy\u00fck\u015fehir Belediye Ba\u015fkan\u0131 Ahmet Ak\u0131n\u2019\u0131n halk\u00e7\u0131 belediyecilik vizyonuyla \u00e7al\u0131\u015fmalar\u0131n\u0131 s\u00fcrd\u00fcren BASK\u0130, vatanda\u015flar\u0131n rahat bir tatil ge\u00e7irebilmesi i\u00e7in Kurban Bayram\u0131\u2019nda da sahadayd\u0131. Bayram s\u00fcresince gerekli makine ve ekipmanlar\u0131 ambarlar ile stok sahalar\u0131nda haz\u0131r bulunduran ekipler, tam donan\u0131ml\u0131 acil m\u00fcdahale ara\u00e7lar\u0131yla meydana gelen i\u00e7me suyu ve kanalizasyon \u015febeke hatt\u0131 ar\u0131zalar\u0131na an\u0131nda m\u00fcdahale etti. \u015eebeke hatt\u0131 ar\u0131zalar\u0131n\u0131n yan\u0131 s\u0131ra i\u00e7me suyu ar\u0131tma tesisleri, i\u00e7me suyu depolar\u0131 ve terfi istasyonlar\u0131ndaki mekanik ar\u0131zalar\u0131 da kontrol alt\u0131nda tutarak k\u0131sa s\u00fcrede \u00e7\u00f6z\u00fcme kavu\u015fturan BASK\u0130, 2 bin 510 ar\u0131zay\u0131 k\u0131sa s\u00fcrede gidererek, \u00e7al\u0131\u015fmalar\u0131yla vatanda\u015flar\u0131n takdirini toplad\u0131.<\/span><\/p>\n<p><span style=\"font-family: arial, helvetica, sans-serif; font-size: 14px;\"><strong>N\u00d6BET\u00c7\u0130 VEZNELER BAYRAMDA DA H\u0130ZMET VERD\u0130<br \/>\n<\/strong><\/span><span style=\"font-family: arial, helvetica, sans-serif; font-size: 14px;\">Kurban Bayram\u0131 s\u00fcresince vatanda\u015flar\u0131n abone ve \u00f6deme i\u015flemlerini sorunsuz yapabilmesi i\u00e7in BASK\u0130\u2019nin Alt\u0131eyl\u00fcl, Karesi, Ayval\u0131k, Burhaniye, G\u00f6nen, G\u00f6me\u00e7, Erdek ve Band\u0131rma il\u00e7elerindeki n\u00f6bet\u00e7i vezneler vatanda\u015flara Kurban Bayram\u0131 s\u00fcresince kesintisiz hizmet verdi.<\/span><\/p>\n<div class=\"row\">\n<div id=\"\" class=\"col-lg-3 col-md-4 col-sm-12 p-1\"><\/div>\n<\/div>\n","protected":false},"excerpt":{"rendered":"<p>Bal\u0131kesir B\u00fcy\u00fck\u015fehir Belediye Ba\u015fkan\u0131 Ahmet Ak\u0131n\u2019\u0131n liderli\u011finde vatanda\u015flara kesintisiz ve sa\u011fl\u0131kl\u0131 i\u00e7me suyu hizmeti sa\u011flayan Bal\u0131kesir Su ve Kanalizasyon \u0130daresi<\/p>\n","protected":false},"author":3,"featured_media":28693,"comment_status":"open","ping_status":"open","sticky":false,"template":"","format":"standard","meta":{"colormag_page_container_layout":"default_layout","colormag_page_sidebar_layout":"default_layout","footnotes":""},"categories":[1,5,8],"tags":[],"class_list":["post-28692","post","type-post","status-publish","format-standard","has-post-thumbnail","hentry","category-genel","category-gundem","category-siyaset"],"_links":{"self":[{"href":"https:\/\/marmarayerelhizmet.com\/index.php\/wp-json\/wp\/v2\/posts\/28692","targetHints":{"allow":["GET"]}}],"collection":[{"href":"https:\/\/marmarayerelhizmet.com\/index.php\/wp-json\/wp\/v2\/posts"}],"about":[{"href":"https:\/\/marmarayerelhizmet.com\/index.php\/wp-json\/wp\/v2\/types\/post"}],"author":[{"embeddable":true,"href":"https:\/\/marmarayerelhizmet.com\/index.php\/wp-json\/wp\/v2\/users\/3"}],"replies":[{"embeddable":true,"href":"https:\/\/marmarayerelhizmet.com\/index.php\/wp-json\/wp\/v2\/comments?post=28692"}],"version-history":[{"count":0,"href":"https:\/\/marmarayerelhizmet.com\/index.php\/wp-json\/wp\/v2\/posts\/28692\/revisions"}],"wp:featuredmedia":[{"embeddable":true,"href":"https:\/\/marmarayerelhizmet.com\/index.php\/wp-json\/wp\/v2\/media\/28693"}],"wp:attachment":[{"href":"https:\/\/marmarayerelhizmet.com\/index.php\/wp-json\/wp\/v2\/media?parent=28692"}],"wp:term":[{"taxonomy":"category","embeddable":true,"href":"https:\/\/marmarayerelhizmet.com\/index.php\/wp-json\/wp\/v2\/categories?post=28692"},{"taxonomy":"post_tag","embeddable":true,"href":"https:\/\/marmarayerelhizmet.com\/index.php\/wp-json\/wp\/v2\/tags?post=28692"}],"curies":[{"name":"wp","href":"https:\/\/api.w.org\/{rel}","templated":true}]}}