{"id":28688,"date":"2025-06-10T18:33:23","date_gmt":"2025-06-10T15:33:23","guid":{"rendered":"https:\/\/marmarayerelhizmet.com\/?p=28688"},"modified":"2025-06-10T18:33:23","modified_gmt":"2025-06-10T15:33:23","slug":"bayramda-cocuklar-unutulmadi","status":"publish","type":"post","link":"https:\/\/marmarayerelhizmet.com\/index.php\/2025\/06\/10\/bayramda-cocuklar-unutulmadi\/","title":{"rendered":"Bayramda \u00c7ocuklar Unutulmad\u0131"},"content":{"rendered":"<p><strong><span style=\"font-family: arial, helvetica, sans-serif; font-size: 14px;\">Bal\u0131kesir B\u00fcy\u00fck\u015fehir Belediyesi, bayramda \u00e7ocuklar\u0131n y\u00fcz\u00fcn\u00fc g\u00fcld\u00fcrebilmek i\u00e7in birbirinden keyifli etkinlikler d\u00fczenledi. \u00c7ocuklar\u0131n Kurban Bayram\u0131\u2019nda keyifli zaman ge\u00e7irmeleri i\u00e7in t\u00fcm imk\u00e2nlar\u0131 seferber eden Bal\u0131kesir B\u00fcy\u00fck\u015fehir Belediye Ba\u015fkan\u0131 Ahmet Ak\u0131n\u2019\u0131n \u00f6nc\u00fcl\u00fc\u011f\u00fcnde Bal\u0131kesir\u2019in minik evlatlar\u0131, Avlu\u2019da doyas\u0131ya e\u011flendi.<\/span><\/strong><\/p>\n<p><span style=\"font-family: arial, helvetica, sans-serif; font-size: 14px;\">Bal\u0131kesir B\u00fcy\u00fck\u015fehir Belediyesi, bayram\u0131n 3. ve 4. g\u00fcnleri \u00e7ocuklara bayram co\u015fkusu ya\u015fatabilmek i\u00e7in birbirinden farkl\u0131 etkinlikler d\u00fczenledi. \u2018<strong>Kalplerde Bayram<\/strong>\u2019 slogan\u0131yla Avlu Ya\u015fam Merkezi\u2019nde d\u00fczenlenen etkinliklerde; \u00e7ocuk zumbas\u0131ndan minigolfe, y\u00fcz boyamadan \u00e7ocuk karaokesine, lang\u0131rttan ah\u015fap boyamaya kadar birbirinden e\u011flenceli etkinlikler d\u00fczenlendi. 8-9 Haziran g\u00fcnlerinde iki g\u00fcn boyunca d\u00fczenlenen etkinliklere yakla\u015f\u0131k 3 bin ki\u015fi kat\u0131ld\u0131. Etkinliklere 4-15 ya\u015f aral\u0131\u011f\u0131ndaki \u00e7ocuklar aileleriyle kat\u0131l\u0131m g\u00f6sterirken, \u00e7ocuklar doyas\u0131ya e\u011flendi.<\/span><\/p>\n<p><span style=\"font-family: arial, helvetica, sans-serif; font-size: 14px;\"><strong>M\u0130N\u0130KLER BAYRAM SEV\u0130NC\u0130N\u0130 HEP B\u0130RL\u0130KTE YA\u015eADI<br \/>\n<\/strong><\/span><span style=\"font-family: arial, helvetica, sans-serif; font-size: 14px;\">Bal\u0131kesir B\u00fcy\u00fck\u015fehir Belediyesi K\u00fclt\u00fcr ve Sosyal \u0130\u015fler Dairesi Ba\u015fkanl\u0131\u011f\u0131 taraf\u0131ndan bayram boyunca d\u00fczenlenen etkinliklere binlerce \u00e7ocuk kat\u0131larak, bayram co\u015fkusunu hep beraber ya\u015fad\u0131. E\u011flenmenin yan\u0131 s\u0131ra zek\u00e2 oyunlar\u0131yla yeni bilgiler de \u00f6\u011frenen \u00e7ocuklar etkinliklerden olduk\u00e7a memnun ayr\u0131ld\u0131. Spor etkinliklerine de kat\u0131lan \u00e7ocuklar, sporun faydalar\u0131yla ilgili de bilgilendirildi. Aileleriyle birlikte bayram\u0131n tad\u0131n\u0131 \u00e7\u0131kartan minikler B\u00fcy\u00fck\u015fehir Belediyesi\u2019nin d\u00fczenledi\u011fi etkinliklerin devam etmesini can\u0131 g\u00f6n\u00fclden istediklerini dile getirdi.<\/span><\/p>\n<div class=\"row\">\n<div id=\"\" class=\"col-lg-3 col-md-4 col-sm-12 p-1\"><\/div>\n<\/div>\n","protected":false},"excerpt":{"rendered":"<p>Bal\u0131kesir B\u00fcy\u00fck\u015fehir Belediyesi, bayramda \u00e7ocuklar\u0131n y\u00fcz\u00fcn\u00fc g\u00fcld\u00fcrebilmek i\u00e7in birbirinden keyifli etkinlikler d\u00fczenledi. \u00c7ocuklar\u0131n Kurban Bayram\u0131\u2019nda keyifli zaman ge\u00e7irmeleri i\u00e7in t\u00fcm<\/p>\n","protected":false},"author":3,"featured_media":28690,"comment_status":"open","ping_status":"open","sticky":false,"template":"","format":"standard","meta":{"colormag_page_container_layout":"default_layout","colormag_page_sidebar_layout":"default_layout","footnotes":""},"categories":[1,5,8],"tags":[],"class_list":["post-28688","post","type-post","status-publish","format-standard","has-post-thumbnail","hentry","category-genel","category-gundem","category-siyaset"],"_links":{"self":[{"href":"https:\/\/marmarayerelhizmet.com\/index.php\/wp-json\/wp\/v2\/posts\/28688","targetHints":{"allow":["GET"]}}],"collection":[{"href":"https:\/\/marmarayerelhizmet.com\/index.php\/wp-json\/wp\/v2\/posts"}],"about":[{"href":"https:\/\/marmarayerelhizmet.com\/index.php\/wp-json\/wp\/v2\/types\/post"}],"author":[{"embeddable":true,"href":"https:\/\/marmarayerelhizmet.com\/index.php\/wp-json\/wp\/v2\/users\/3"}],"replies":[{"embeddable":true,"href":"https:\/\/marmarayerelhizmet.com\/index.php\/wp-json\/wp\/v2\/comments?post=28688"}],"version-history":[{"count":0,"href":"https:\/\/marmarayerelhizmet.com\/index.php\/wp-json\/wp\/v2\/posts\/28688\/revisions"}],"wp:featuredmedia":[{"embeddable":true,"href":"https:\/\/marmarayerelhizmet.com\/index.php\/wp-json\/wp\/v2\/media\/28690"}],"wp:attachment":[{"href":"https:\/\/marmarayerelhizmet.com\/index.php\/wp-json\/wp\/v2\/media?parent=28688"}],"wp:term":[{"taxonomy":"category","embeddable":true,"href":"https:\/\/marmarayerelhizmet.com\/index.php\/wp-json\/wp\/v2\/categories?post=28688"},{"taxonomy":"post_tag","embeddable":true,"href":"https:\/\/marmarayerelhizmet.com\/index.php\/wp-json\/wp\/v2\/tags?post=28688"}],"curies":[{"name":"wp","href":"https:\/\/api.w.org\/{rel}","templated":true}]}}