{"id":28673,"date":"2025-06-04T00:00:56","date_gmt":"2025-06-03T21:00:56","guid":{"rendered":"https:\/\/marmarayerelhizmet.com\/?p=28673"},"modified":"2025-06-03T21:01:32","modified_gmt":"2025-06-03T18:01:32","slug":"baskani-sehirliden-kurban-bayrami-mesaji","status":"publish","type":"post","link":"https:\/\/marmarayerelhizmet.com\/index.php\/2025\/06\/04\/baskani-sehirliden-kurban-bayrami-mesaji\/","title":{"rendered":"Ba\u015fkan\u0131 \u015eehirli\u2019den Kurban Bayram\u0131 Mesaj\u0131"},"content":{"rendered":"<p><strong><span style=\"font-family: arial, helvetica, sans-serif; font-size: 14px;\">Alt\u0131eyl\u00fcl Belediye Ba\u015fkan\u0131 Hakan \u015eehirli, Kurban Bayram\u0131 dolay\u0131s\u0131yla bir kutlama mesaj\u0131 yay\u0131mlad\u0131.<\/span><\/strong><\/p>\n<p><span style=\"font-family: arial, helvetica, sans-serif; font-size: 14px;\">Ba\u015fkan Hakan \u015eehirli mesaj\u0131nda \u201cToplumsal birlik ve beraberli\u011fin en g\u00fc\u00e7l\u00fc \u015fekilde hissedildi\u011fi, yard\u0131mla\u015fma ve dayan\u0131\u015fma duygular\u0131n\u0131n peki\u015fti\u011fi m\u00fcstesna g\u00fcnlerden biri olan Kurban Bayram\u0131\u2019na ula\u015fman\u0131n huzur ve mutlulu\u011funu ya\u015f\u0131yoruz. Alt\u0131eyl\u00fcl\u2019de bayram\u0131n ruhuna uygun \u015fekilde; ihtiya\u00e7 sahibi vatanda\u015flar\u0131m\u0131z\u0131n yan\u0131nda olmay\u0131, b\u00fcy\u00fcklerimizi ziyaret etmeyi, \u00e7ocuklar\u0131m\u0131z\u0131 sevindirmeyi ve toplumsal ba\u011flar\u0131m\u0131z\u0131 g\u00fc\u00e7lendirmeyi \u00f6nemsiyoruz. Bayram vesilesiyle, birlik ve beraberli\u011fimizin daha da peki\u015fmesini temenni ediyorum. Bu duygu ve d\u00fc\u015f\u00fcncelerle, ba\u015fta \u015fehit ailelerimiz ve gazilerimiz olmak \u00fczere, t\u00fcm kom\u015fular\u0131m\u0131z\u0131n ve \u0130slam \u00e2leminin Kurban Bayram\u0131\u2019n\u0131 en i\u00e7ten dileklerimle kutluyor; sa\u011fl\u0131k, huzur, mutluluk ve esenlikler diliyorum.\u201d dedi<\/span><\/p>\n","protected":false},"excerpt":{"rendered":"<p>Alt\u0131eyl\u00fcl Belediye Ba\u015fkan\u0131 Hakan \u015eehirli, Kurban Bayram\u0131 dolay\u0131s\u0131yla bir kutlama mesaj\u0131 yay\u0131mlad\u0131. Ba\u015fkan Hakan \u015eehirli mesaj\u0131nda \u201cToplumsal birlik ve beraberli\u011fin<\/p>\n","protected":false},"author":3,"featured_media":28674,"comment_status":"open","ping_status":"open","sticky":false,"template":"","format":"standard","meta":{"colormag_page_container_layout":"default_layout","colormag_page_sidebar_layout":"default_layout","footnotes":""},"categories":[1,5,8],"tags":[],"class_list":["post-28673","post","type-post","status-publish","format-standard","has-post-thumbnail","hentry","category-genel","category-gundem","category-siyaset"],"_links":{"self":[{"href":"https:\/\/marmarayerelhizmet.com\/index.php\/wp-json\/wp\/v2\/posts\/28673","targetHints":{"allow":["GET"]}}],"collection":[{"href":"https:\/\/marmarayerelhizmet.com\/index.php\/wp-json\/wp\/v2\/posts"}],"about":[{"href":"https:\/\/marmarayerelhizmet.com\/index.php\/wp-json\/wp\/v2\/types\/post"}],"author":[{"embeddable":true,"href":"https:\/\/marmarayerelhizmet.com\/index.php\/wp-json\/wp\/v2\/users\/3"}],"replies":[{"embeddable":true,"href":"https:\/\/marmarayerelhizmet.com\/index.php\/wp-json\/wp\/v2\/comments?post=28673"}],"version-history":[{"count":0,"href":"https:\/\/marmarayerelhizmet.com\/index.php\/wp-json\/wp\/v2\/posts\/28673\/revisions"}],"wp:featuredmedia":[{"embeddable":true,"href":"https:\/\/marmarayerelhizmet.com\/index.php\/wp-json\/wp\/v2\/media\/28674"}],"wp:attachment":[{"href":"https:\/\/marmarayerelhizmet.com\/index.php\/wp-json\/wp\/v2\/media?parent=28673"}],"wp:term":[{"taxonomy":"category","embeddable":true,"href":"https:\/\/marmarayerelhizmet.com\/index.php\/wp-json\/wp\/v2\/categories?post=28673"},{"taxonomy":"post_tag","embeddable":true,"href":"https:\/\/marmarayerelhizmet.com\/index.php\/wp-json\/wp\/v2\/tags?post=28673"}],"curies":[{"name":"wp","href":"https:\/\/api.w.org\/{rel}","templated":true}]}}