{"id":28669,"date":"2025-06-03T21:00:48","date_gmt":"2025-06-03T18:00:48","guid":{"rendered":"https:\/\/marmarayerelhizmet.com\/?p=28669"},"modified":"2025-06-03T21:00:48","modified_gmt":"2025-06-03T18:00:48","slug":"marmara-denizinde-kiyi-temizligi","status":"publish","type":"post","link":"https:\/\/marmarayerelhizmet.com\/index.php\/2025\/06\/03\/marmara-denizinde-kiyi-temizligi\/","title":{"rendered":"Marmara Denizi\u2019nde K\u0131y\u0131 Temizli\u011fi"},"content":{"rendered":"<p><span style=\"font-family: arial, helvetica, sans-serif; font-size: 14px;\"><strong>\u00c7evre, \u015eehircilik ve \u0130klim De\u011fi\u015fikli\u011fi Bakanl\u0131\u011f\u0131\u2019n\u0131n deste\u011fiyle ve Marmara Belediyeler Birli\u011fi koordinasyonunda Band\u0131rma sahilinde Marmara Denizi k\u0131y\u0131 temizleme etkinli\u011fi d\u00fczenlendi.<\/strong><\/span><\/p>\n<p><span style=\"font-family: arial, helvetica, sans-serif; font-size: 14px;\">Marmara Belediyeler Birli\u011fi\u2019nin \u00f6nc\u00fcl\u00fc\u011f\u00fcnde d\u00fczenlenen etkinlik, \u201cEkosistem Restorasyonu\u201d temas\u0131yla ger\u00e7ekle\u015fti. Kat\u0131l\u0131mc\u0131lar aras\u0131nda Band\u0131rma Belediye Ba\u015fkan\u0131 Dursun Mirza, Bal\u0131kesir B\u00fcy\u00fck\u015fehir Belediyesi \u00c7evre Koruma ve Kontrol Dairesi Ba\u015fkan\u0131 Volkan Karateke, Band\u0131rma Denetimli Serbestlik M\u00fcd\u00fcrl\u00fc\u011f\u00fcne ba\u011fl\u0131 h\u00fck\u00fcml\u00fcler, sivil toplum kurulu\u015flar\u0131, meslek odalar\u0131, \u00fcniversiteler, \u00f6\u011frenci kul\u00fcpleri ve \u00e7ocuklar da etkinli\u011fe kat\u0131ld\u0131.<\/span><\/p>\n<p><span style=\"font-family: arial, helvetica, sans-serif; font-size: 14px;\"><strong>Karateke: \u201cYa\u015fad\u0131\u011f\u0131m\u0131z \u00e7evreyi korumak hepimizin ortak sorumlulu\u011fu\u201d<br \/>\n<\/strong>Etkinlikte konu\u015fan Bal\u0131kesir B\u00fcy\u00fck\u015fehir Belediyesi \u00c7evre Koruma ve Kontrol Dairesi Ba\u015fkan\u0131 Volkan Karateke, \u201cBug\u00fcn sadece bir etkinlikte de\u011fil, ayn\u0131 zamanda \u00e7ok \u00f6nemli bir fark\u0131ndal\u0131k alan\u0131nda bulu\u015fuyoruz. \u00c7evre Koruma Haftas\u0131 vesilesiyle burada olmak, do\u011faya kar\u015f\u0131 olan sorumlulu\u011fumuzu hat\u0131rlamak a\u00e7\u0131s\u0131ndan \u00e7ok anlaml\u0131. Art\u0131k biliyoruz ki ya\u015fad\u0131\u011f\u0131m\u0131z \u00e7evreyi korumak bir g\u00f6rev olman\u0131n \u00f6tesinde, hepimizin ortak sorumlulu\u011fudur. Bu bilinci g\u00fcnl\u00fck hayat\u0131m\u0131za ta\u015f\u0131mak ve s\u00fcrd\u00fcr\u00fclebilir k\u0131lmak zorunday\u0131z. Marmara Denizi, hepimizin bildi\u011fi gibi sadece bir su k\u00fctlesi de\u011fil; bal\u0131k\u00e7\u0131l\u0131\u011f\u0131n ekme\u011fi, denizcili\u011fin rotas\u0131 ve milyonlarca insan ile canl\u0131n\u0131n ya\u015fam kayna\u011f\u0131d\u0131r. Ne kadar k\u0131ymetli oldu\u011funu, 2021 y\u0131l\u0131nda ya\u015fad\u0131\u011f\u0131m\u0131z ve bir do\u011fa olay\u0131 olman\u0131n \u00e7ok \u00f6tesinde bir \u00e7evre felaketi olan m\u00fcsilajla daha iyi anlad\u0131k. Deniziyle, orman\u0131yla, bereketli topraklar\u0131yla bu b\u00f6lge \u00fclkemizin en nadide k\u00f6\u015felerinden biri. Ve biz, bu do\u011faya sahip \u00e7\u0131kan bir \u015fehir olmal\u0131y\u0131z. \u00c7evre konusunda \u00f6nc\u00fc olmal\u0131, herkes i\u00e7in \u00f6rnek bir davran\u0131\u015f sergilemeliyiz. Bal\u0131kesir olarak Marmara k\u0131y\u0131s\u0131ndaki t\u00fcm il\u00e7elerimizle birlikte, geli\u015fim ve iyile\u015fme s\u00fcrecinde \u00f6nemli bir g\u00f6rev \u00fcstleniyoruz. At\u0131ksu y\u00f6netimi, sanayi faaliyetleri, bilin\u00e7siz tar\u0131m uygulamalar\u0131 ve plastik kullan\u0131m\u0131 gibi \u00e7evre sorunlar\u0131n\u0131n her birine kar\u015f\u0131 aktif rol almak zorunday\u0131z. \u00c7\u00fcnk\u00fc mesele yaln\u0131zca temiz bir manzara de\u011fil; mesele bir ya\u015fam alan\u0131, bir ekosistem, hatta gelece\u011fimiz\u201d dedi.<\/span><\/p>\n<p><span style=\"font-family: arial, helvetica, sans-serif; font-size: 14px;\"><strong>Mirza: \u201cArt\u0131k \u00e7ok fazla konu\u015fman\u0131n bir anlam\u0131 yok. Eyleme ge\u00e7me zaman\u0131\u201d<br \/>\n<\/strong>Band\u0131rma Belediye Ba\u015fkan\u0131 Dursun Mirza da yapt\u0131\u011f\u0131 konu\u015fmada, \u201cSon 10 g\u00fcnd\u00fcr, Band\u0131rma\u2019da \u00e7ok anlaml\u0131 bir \u00e7evre festivali ger\u00e7ekle\u015ftirdik. 34. Uluslararas\u0131 Band\u0131rma Ku\u015fcenneti K\u00fclt\u00fcr ve Turizm Festivali kapsam\u0131nda, ya\u015fad\u0131\u011f\u0131m\u0131z \u00e7evreye, Band\u0131rma\u2019ya ve d\u00fcnyaya olan sorumlulu\u011fumuzu bir kez daha hat\u0131rlatmak istedik. \u00c7\u00fcnk\u00fc i\u00e7inde bulundu\u011fumuz bu cennet co\u011frafyan\u0131n, art\u0131k hepimizin ortak derdi olmas\u0131 gerekiyor. Ancak ne yaz\u0131k ki, bu konuda h\u00e2l\u00e2 ciddi eksiklerimiz var. Marmara Denizi\u2019ni, Band\u0131rma\u2019y\u0131 ve genel olarak d\u00fcnyam\u0131z\u0131 kirletiyoruz. Burada sadece halk\u0131 de\u011fil, biz y\u00f6neticileri de sorumluluk almaya davet ediyorum. Belediyeler dahil t\u00fcm kurumlar g\u00f6revlerini eksiksiz yerine getirmeli. Elbette biz de dahiliz buna, hepimiz aynaya bakmal\u0131y\u0131z\u201d ifadelerini kulland\u0131.<\/span><br \/>\n<span style=\"font-family: arial, helvetica, sans-serif; font-size: 14px;\">Etkinli\u011fin sonunda Bal\u0131kesir B\u00fcy\u00fck\u015fehir Belediyesi \u0130tfaiye Daire Ba\u015fkanl\u0131\u011f\u0131 Band\u0131rma Grup Amirli\u011fi\u2019ne ba\u011fl\u0131 ekipler, \u201cMarmara Hepimizin\u201d yaz\u0131l\u0131 pankart a\u00e7arak fark\u0131ndal\u0131k olu\u015fturdu. Toplu foto\u011fraf \u00e7ekiminin ard\u0131ndan temizlik \u00e7al\u0131\u015fmalar\u0131 devam etti. \u0130HA<\/span><\/p>\n","protected":false},"excerpt":{"rendered":"<p>\u00c7evre, \u015eehircilik ve \u0130klim De\u011fi\u015fikli\u011fi Bakanl\u0131\u011f\u0131\u2019n\u0131n deste\u011fiyle ve Marmara Belediyeler Birli\u011fi koordinasyonunda Band\u0131rma sahilinde Marmara Denizi k\u0131y\u0131 temizleme etkinli\u011fi d\u00fczenlendi.<\/p>\n","protected":false},"author":3,"featured_media":28670,"comment_status":"open","ping_status":"open","sticky":false,"template":"","format":"standard","meta":{"colormag_page_container_layout":"default_layout","colormag_page_sidebar_layout":"default_layout","footnotes":""},"categories":[1,5,8],"tags":[],"class_list":["post-28669","post","type-post","status-publish","format-standard","has-post-thumbnail","hentry","category-genel","category-gundem","category-siyaset"],"_links":{"self":[{"href":"https:\/\/marmarayerelhizmet.com\/index.php\/wp-json\/wp\/v2\/posts\/28669","targetHints":{"allow":["GET"]}}],"collection":[{"href":"https:\/\/marmarayerelhizmet.com\/index.php\/wp-json\/wp\/v2\/posts"}],"about":[{"href":"https:\/\/marmarayerelhizmet.com\/index.php\/wp-json\/wp\/v2\/types\/post"}],"author":[{"embeddable":true,"href":"https:\/\/marmarayerelhizmet.com\/index.php\/wp-json\/wp\/v2\/users\/3"}],"replies":[{"embeddable":true,"href":"https:\/\/marmarayerelhizmet.com\/index.php\/wp-json\/wp\/v2\/comments?post=28669"}],"version-history":[{"count":0,"href":"https:\/\/marmarayerelhizmet.com\/index.php\/wp-json\/wp\/v2\/posts\/28669\/revisions"}],"wp:featuredmedia":[{"embeddable":true,"href":"https:\/\/marmarayerelhizmet.com\/index.php\/wp-json\/wp\/v2\/media\/28670"}],"wp:attachment":[{"href":"https:\/\/marmarayerelhizmet.com\/index.php\/wp-json\/wp\/v2\/media?parent=28669"}],"wp:term":[{"taxonomy":"category","embeddable":true,"href":"https:\/\/marmarayerelhizmet.com\/index.php\/wp-json\/wp\/v2\/categories?post=28669"},{"taxonomy":"post_tag","embeddable":true,"href":"https:\/\/marmarayerelhizmet.com\/index.php\/wp-json\/wp\/v2\/tags?post=28669"}],"curies":[{"name":"wp","href":"https:\/\/api.w.org\/{rel}","templated":true}]}}