{"id":28665,"date":"2025-06-03T00:00:04","date_gmt":"2025-06-02T21:00:04","guid":{"rendered":"https:\/\/marmarayerelhizmet.com\/?p=28665"},"modified":"2025-06-02T21:55:59","modified_gmt":"2025-06-02T18:55:59","slug":"buyuksehirden-kurban-bayraminda-724-hizmet","status":"publish","type":"post","link":"https:\/\/marmarayerelhizmet.com\/index.php\/2025\/06\/03\/buyuksehirden-kurban-bayraminda-724-hizmet\/","title":{"rendered":"B\u00fcy\u00fck\u015fehir\u2019den Kurban Bayram\u0131\u2019nda 7\\24 Hizmet"},"content":{"rendered":"<p><strong><span style=\"font-family: arial, helvetica, sans-serif; font-size: 14px;\">Bal\u0131kesir B\u00fcy\u00fck\u015fehir Belediyesi, vatanda\u015flar\u0131n Kurban Bayram\u0131\u2019n\u0131 konforlu ve sa\u011fl\u0131kl\u0131 bir ortamda ge\u00e7irebilmesi i\u00e7in t\u00fcm haz\u0131rl\u0131klar\u0131n\u0131 tamamlad\u0131. BTT\u2019ye ait otob\u00fcsler bayram boyunca \u00fccretsiz hizmet verirken Yak\u0131n \u00c7\u00f6z\u00fcm \u00c7a\u011fr\u0131 Merkezi de istek ve \u015fik\u00e2yetler i\u00e7in 7\/24 vatanda\u015f\u0131n hizmetinde olacak.<\/span><\/strong><\/p>\n<p><span style=\"font-family: arial, helvetica, sans-serif; font-size: 14px;\">Kurban Bayram\u0131\u2019n\u0131 birlik, beraberlik ve dayan\u0131\u015fma ruhuyla ya\u015fatacak olan Bal\u0131kesir B\u00fcy\u00fck\u015fehir Belediyesi, t\u00fcm birimleriyle bayrama haz\u0131r. Sosyal belediyecilik anlay\u0131\u015f\u0131yla her zaman vatanda\u015flar\u0131n yan\u0131nda olan Bal\u0131kesir B\u00fcy\u00fck\u015fehir Belediye Ba\u015fkan\u0131 Ahmet Ak\u0131n \u00f6nc\u00fcl\u00fc\u011f\u00fcnde; temizlikten ula\u015f\u0131ma, denetimlerden ha\u015fereyle m\u00fccadeleye kadar her alanda yo\u011fun mesai harcayan ekipler, vatanda\u015flar\u0131n rahat bir bayram ge\u00e7irmesi i\u00e7in gece g\u00fcnd\u00fcz \u00e7al\u0131\u015f\u0131yor. Bayram boyunca vatanda\u015flara \u00fccretsiz toplu ta\u015f\u0131ma hizmeti sunacak olan Bal\u0131kesir B\u00fcy\u00fck\u015fehir Belediyesi\u2019nin 444 40 10 numaral\u0131 Yak\u0131n \u00c7\u00f6z\u00fcm \u00c7a\u011fr\u0131 Merkezi de her t\u00fcrl\u00fc istek ve talepler i\u00e7in 7\/24 Bal\u0131kesirlilerin hizmetinde olacak.<\/span><\/p>\n<p><strong><span style=\"font-family: arial, helvetica, sans-serif; font-size: 14px;\">ZABITA HALK SA\u011eLI\u011eI \u0130\u00c7\u0130N SAHADA<br \/>\n<\/span><\/strong><span style=\"font-family: arial, helvetica, sans-serif; font-size: 14px;\">Halk sa\u011fl\u0131\u011f\u0131n\u0131 korumak ve g\u00fcvenli al\u0131\u015fveri\u015f ortam\u0131 sa\u011flamak i\u00e7in \u00e7al\u0131\u015fmalar\u0131n\u0131 s\u00fcrd\u00fcren Bal\u0131kesir B\u00fcy\u00fck\u015fehir Belediyesi Zab\u0131ta Daire Ba\u015fkanl\u0131\u011f\u0131\u2019na ba\u011fl\u0131 ekipler, Kurban Bayram\u0131 \u00f6ncesi denetimlerini art\u0131rd\u0131. Terminallerde, g\u0131da alanlar\u0131nda, tatl\u0131 \u00fcretimi yapan imalathanelerde ve sokaklarda seyyar sat\u0131c\u0131lara y\u00f6nelik denetimler yapan zab\u0131ta ekipleri \u00fcr\u00fcnlerin gramaj, son kullanma tarihi ve saklama ko\u015fullar\u0131 gibi her detay\u0131n\u0131 inceledi. Denetimlerde kurallara uymayan i\u015fletmelere gerekli uyar\u0131lar yap\u0131ld\u0131. Bal\u0131kesir B\u00fcy\u00fck\u015fehir Belediyesi\u2019ne ba\u011fl\u0131 zab\u0131ta ekipleri, bayram boyunca herhangi bir olumsuzluk ya\u015fanmamas\u0131 i\u00e7in Hayvan Pazar\u0131 ve kurban kesim noktalar\u0131nda da denetimlerini aral\u0131ks\u0131z s\u00fcrd\u00fcrecek.<\/span><\/p>\n<p><strong><span style=\"font-family: arial, helvetica, sans-serif; font-size: 14px;\">BTT\u2019DEN \u00dcCRETS\u0130Z H\u0130ZMET<br \/>\n<\/span><\/strong><span style=\"font-family: arial, helvetica, sans-serif; font-size: 14px;\">Bal\u0131kesir B\u00fcy\u00fck\u015fehir Belediyesi\u2019nin Bal\u0131kesir Toplu Ta\u015f\u0131ma A.\u015e\u2019ye ba\u011fl\u0131 belediye otob\u00fcsleri, Bal\u0131kesirlilerin daha rahat ve huzurlu bir bayram ge\u00e7irmesi i\u00e7in 6-7-8-9 Haziran tarihlerinde \u00fccretsiz hizmet verecek. Vatanda\u015flar\u0131n kolayl\u0131kla Hayvan Pazar\u0131\u2019na ula\u015fabilmesi i\u00e7in Toplu Ta\u015f\u0131ma Merkezi\u2019nden her saat ba\u015f\u0131 B\u00fcy\u00fck\u015fehir Belediyesi Toplu Ta\u015f\u0131ma ara\u00e7lar\u0131 hareket edecek. Bayram\u0131n ilk ve ikinci g\u00fcn\u00fc \u00fccretsiz hizmet verecek olan ring hatt\u0131 ile vatanda\u015flar rahatl\u0131kla Hayvan Pazar\u0131\u2019na ula\u015f\u0131m sa\u011flayabilecekler. Vatanda\u015flar\u0131n konforlu ve rahat bir ula\u015f\u0131mdan faydalanmas\u0131 i\u00e7in toplu ta\u015f\u0131ma ara\u00e7lar\u0131nda detayl\u0131 temizlik ve ila\u00e7lama da yap\u0131ld\u0131. Toplu ta\u015f\u0131ma ara\u00e7lar\u0131ndaki d\u00fczenli dezenfeksiyon ve sterilizasyon \u00e7al\u0131\u015fmalar\u0131 bayram \u00f6ncesi de ger\u00e7ekle\u015ftirilerek Bal\u0131kesirlilerin sa\u011fl\u0131kl\u0131 ve hijyenik bir ortamda ula\u015f\u0131m sa\u011flamalar\u0131 hedeflendi.<\/span><\/p>\n<p><strong><span style=\"font-family: arial, helvetica, sans-serif; font-size: 14px;\">MEZARLIK Z\u0130YARETLER\u0130 \u0130\u00c7\u0130N <\/span><span style=\"font-family: arial, helvetica, sans-serif; font-size: 14px;\">HAZIRLIKLAR TAMAMLANDI<br \/>\n<\/span><\/strong><span style=\"font-family: arial, helvetica, sans-serif; font-size: 14px;\">Bal\u0131kesir B\u00fcy\u00fck\u015fehir Belediyesi, bayram \u00f6ncesi yo\u011fun bir temizlik program\u0131 y\u00fcr\u00fct\u00fcrken il genelindeki mezarl\u0131klarda ot temizli\u011fi ve ha\u015fere ila\u00e7lamas\u0131 yapt\u0131. Kabir ziyareti yapacak vatanda\u015flar\u0131n rahat bir \u015fekilde ula\u015f\u0131m\u0131n\u0131 sa\u011flayabilmesi i\u00e7in mezarl\u0131k yollar\u0131 ve \u00e7evresinde bak\u0131m, onar\u0131m \u00e7al\u0131\u015fmalar\u0131 da ger\u00e7ekle\u015ftirildi. Bal\u0131kesir B\u00fcy\u00fck\u015fehir Belediyesi Sa\u011fl\u0131k ve Sosyal \u0130\u015fler Dairesi Ba\u015fkanl\u0131\u011f\u0131 \u00f6nc\u00fcl\u00fc\u011f\u00fcnde t\u00fcm il\u00e7elerdeki mezarl\u0131klarda ziyaret\u00e7ilere Arife g\u00fcn\u00fc g\u00fcl suyu ve lokum ikram\u0131 yap\u0131lacak.<\/span><\/p>\n<p><strong><span style=\"font-family: arial, helvetica, sans-serif; font-size: 14px;\">YE\u015e\u0130L ALANLARDA HUMMALI \u00c7ALI\u015eMA<\/span><\/strong><br \/>\n<span style=\"font-family: arial, helvetica, sans-serif; font-size: 14px;\">\u0130l merkezi ve k\u0131rsal mahallelerdeki ye\u015fil alanlarda hummal\u0131 bir \u00e7al\u0131\u015fma ger\u00e7ekle\u015ftiren Bal\u0131kesir B\u00fcy\u00fck\u015fehir Belediyesi Kent Esteti\u011fi Dairesi Ba\u015fkanl\u0131\u011f\u0131na ba\u011fl\u0131 ekipler, park ve bah\u00e7elerde kapsaml\u0131 bir \u00e7al\u0131\u015fma ger\u00e7ekle\u015ftirdi. A\u011fa\u00e7 bak\u0131m\u0131 ve budamalar\u0131n\u0131 ger\u00e7ekle\u015ftiren ekipler, ot temizli\u011finin yan\u0131 s\u0131ra ot bi\u00e7me, m\u0131nt\u0131ka temizli\u011fi ve d\u00fczenleme \u00e7al\u0131\u015fmalar\u0131n\u0131 ger\u00e7ekle\u015ftiriyor.<\/span><\/p>\n<p><strong><span style=\"font-family: arial, helvetica, sans-serif; font-size: 14px;\">\u0130BADETHANELERDE BAYRAM TEM\u0130ZL\u0130\u011e\u0130<\/span><\/strong><br \/>\n<span style=\"font-family: arial, helvetica, sans-serif; font-size: 14px;\">Kurban Bayram\u0131 \u00f6ncesi t\u00fcm ibadethaneler, Bal\u0131kesir B\u00fcy\u00fck\u015fehir Belediyesi Sa\u011fl\u0131k ve Sosyal \u0130\u015fler Daire Ba\u015fkanl\u0131\u011f\u0131na ba\u011fl\u0131 ekipler taraf\u0131ndan detayl\u0131 temizlendi. Mobil ara\u00e7l\u0131 ekipler \u00f6zellikle s\u0131cak su ve k\u00f6p\u00fcks\u00fcz deterjanl\u0131 buharl\u0131 sistem ile cami ve mescitleri bayrama haz\u0131r hale getiriyor. Hal\u0131lar\u0131 y\u0131kanan ve ila\u00e7lanarak dezenfekte edilen camilerde Bal\u0131kesir B\u00fcy\u00fck\u015fehir Belediyesi taraf\u0131ndan bayram namaz\u0131 sonras\u0131nda ise 20 il\u00e7ede belirlenen camilerin \u00f6n\u00fcnde simit, meyve suyu, \u00e7ay ve su ikramlar\u0131 olacak.<\/span><\/p>\n<p><strong><span style=\"font-family: arial, helvetica, sans-serif; font-size: 14px;\">BASK\u0130\u2019DEN BAYRAMDA 7\/24 MESA\u0130<br \/>\n<\/span><\/strong><span style=\"font-family: arial, helvetica, sans-serif; font-size: 14px;\">Kurban Bayram\u0131\u2019nda vatanda\u015flar\u0131n kesintisiz i\u00e7me suyuna ula\u015fabilmesi i\u00e7in BASK\u0130 ekipleri bayram boyunca 7\/24 tam zamanl\u0131 sahada olacak. T\u00fcm il\u00e7elerde kanalizasyon hatlar\u0131nda periyodik bak\u0131m ve temizlik \u00e7al\u0131\u015fmalar\u0131n\u0131 aksatmadan s\u00fcrd\u00fcren BASK\u0130 ekipleri, bayramda da \u00e7al\u0131\u015fmalar\u0131na aral\u0131ks\u0131z devam edecek. Bu kapsamda 185 numaral\u0131 BASK\u0130 \u00c7a\u011fr\u0131 Merkezi, vatanda\u015flar\u0131n her t\u00fcrl\u00fc istek ve taleplerine an\u0131nda cevap verecek.<\/p>\n<p><\/span><strong><span style=\"font-family: arial, helvetica, sans-serif; font-size: 14px;\">HAYVAN PAZARI KURBANLIKLAR \u0130\u00c7\u0130N HAZIR<br \/>\n<\/span><\/strong><span style=\"font-family: arial, helvetica, sans-serif; font-size: 14px;\">Bal\u0131kesir B\u00fcy\u00fck\u015fehir Belediyesi K\u0131rsal Hizmetler Dairesi Ba\u015fkanl\u0131\u011f\u0131na ba\u011fl\u0131 olarak Kepsut Yolu \u00fczerinde hizmet veren Hayvan Pazar\u0131\u2019nda Kurban Bayram\u0131 \u00f6ncesi detayl\u0131 temizlik ve ila\u00e7lama \u00e7al\u0131\u015fmalar\u0131 ger\u00e7ekle\u015ftirildi. Padoklar ve pazar\u0131n \u00e7evresinde y\u0131kama i\u015flemlerinin ard\u0131ndan \u00c7evre Koruma ve Kontrol Dairesi Ba\u015fkanl\u0131\u011f\u0131na ba\u011fl\u0131 ekipler taraf\u0131ndan zoonoz hastal\u0131klar\u0131n \u00f6nlenmesi i\u00e7in ila\u00e7lama i\u015flemleri tamamland\u0131.<\/span><\/p>\n<p><strong><span style=\"font-family: arial, helvetica, sans-serif; font-size: 14px;\">20 \u0130L\u00c7EDE HA\u015eEREYLE ETK\u0130L\u0130 M\u00dcCADELE<br \/>\n<\/span><\/strong><span style=\"font-family: arial, helvetica, sans-serif; font-size: 14px;\">Bal\u0131kesir\u2019in 20 il\u00e7esinde Kurban Bayram\u0131 \u00f6ncesi kapsaml\u0131 bir \u00e7al\u0131\u015fma ger\u00e7ekle\u015ftiren Bal\u0131kesir B\u00fcy\u00fck\u015fehir Belediyesi \u00c7evre Koruma ve Kontrol Dairesi Ba\u015fkanl\u0131\u011f\u0131na ba\u011fl\u0131 ekipler, t\u00fcm \u00e7\u00f6p konteynerlerinde vekt\u00f6r m\u00fccadelesini s\u00fcrd\u00fcr\u00fcyor. \u0130l\u00e7e belediye ba\u015fkanl\u0131klar\u0131yla yap\u0131lan koordinasyon sonucunda kurban kesim yerleri ve at\u0131klar\u0131n g\u00f6m\u00fclece\u011fi alanlar da ekiplerce tespit edilerek gerekli tedbirler al\u0131n\u0131yor. 7 g\u00fcn 24 saat esas\u0131na g\u00f6re \u00e7al\u0131\u015fmalar\u0131n\u0131 s\u00fcrd\u00fcren ekipler, t\u00fcm il\u00e7elerde ha\u015fereyle etkili bir m\u00fccadele s\u00fcrd\u00fcr\u00fcyor.<\/span><\/p>\n<p><strong><span style=\"font-family: arial, helvetica, sans-serif; font-size: 14px;\">CAN DOSTLAR BAYRAMDA DA YALNIZ DE\u011e\u0130L<br \/>\n<\/span><\/strong><span style=\"font-family: arial, helvetica, sans-serif; font-size: 14px;\">Bal\u0131kesir B\u00fcy\u00fck\u015fehir Belediyesi \u00c7evre Kontrol ve Koruma Dairesi Ba\u015fkanl\u0131\u011f\u0131 Veteriner \u0130\u015fleri \u015eube M\u00fcd\u00fcrl\u00fc\u011f\u00fc\u2019ne ba\u011fl\u0131 ekipler taraf\u0131ndan Kurban Bayram\u0131\u2019nda da can dostlar unutulmuyor. Can Dost Mobil Tedavi Arac\u0131, il\u00e7e il\u00e7e gezerek sokaktaki can dostlara \u015fifa da\u011f\u0131tmaya devam ediyor. Yaban hayvanlar\u0131na ve sokaktaki canlara beslenme deste\u011fi veren Bal\u0131kesir B\u00fcy\u00fck\u015fehir Belediyesi, sokaklarda bak\u0131ma ve tedaviye muhta\u00e7 hayvanlar\u0131n daha konforlu ve sa\u011fl\u0131kl\u0131 bir ya\u015fam s\u00fcrmesini sa\u011fl\u0131yor.<\/span><\/p>\n<p><strong><span style=\"font-family: arial, helvetica, sans-serif; font-size: 14px;\">BALIKES\u0130R \u0130TFA\u0130YES\u0130 BAYRAMDA DA G\u00d6REV BA\u015eINDA<br \/>\n<\/span><\/strong><span style=\"font-family: arial, helvetica, sans-serif; font-size: 14px;\">Halk\u0131n huzurlu ve sa\u011fl\u0131kl\u0131 bir Kurban Bayram\u0131 ge\u00e7irmesi i\u00e7in Bal\u0131kesir \u0130tfaiyesi, Kurban Bayram\u0131\u2019nda da t\u00fcm kadrolar\u0131yla g\u00f6rev ba\u015f\u0131nda olacak. Kent genelinde meydana gelebilecek olas\u0131 risklere kar\u015f\u0131 haz\u0131rl\u0131kl\u0131 olan ekipler, vatanda\u015flar\u0131n g\u00fcvenli\u011fi i\u00e7in 24 saat kesintisiz hizmet verecek.<\/span><\/p>\n<p><strong><span style=\"font-family: arial, helvetica, sans-serif; font-size: 14px;\">444 40 10 YAKIN \u00c7\u00d6Z\u00dcM MERKEZ\u0130 H\u0130ZMET\u0130N\u0130ZDE<br \/>\n<\/span><\/strong><span style=\"font-family: arial, helvetica, sans-serif; font-size: 14px;\">Vatanda\u015flar\u0131n her t\u00fcrl\u00fc istek, ihtiya\u00e7 ve taleplerinde gece g\u00fcnd\u00fcz kesintisiz hizmet sa\u011flayan Bal\u0131kesir B\u00fcy\u00fck\u015fehir Belediyesi\u2019nin 444 40 10 numaral\u0131 Yak\u0131n \u00c7\u00f6z\u00fcm \u00c7a\u011fr\u0131 Merkezi, Kurban Bayram\u0131\u2019nda da vatanda\u015flar\u0131n hizmetinde olacak. Belediye hizmetlerinden an\u0131nda ve kesintisiz yararlanmak isteyen vatanda\u015flar, Yak\u0131n \u00c7\u00f6z\u00fcm \u00c7a\u011fr\u0131 Merkezi\u2019nde taleplerine en h\u0131zl\u0131 s\u00fcrede yan\u0131t alabilecekler.<\/span><\/p>\n","protected":false},"excerpt":{"rendered":"<p>Bal\u0131kesir B\u00fcy\u00fck\u015fehir Belediyesi, vatanda\u015flar\u0131n Kurban Bayram\u0131\u2019n\u0131 konforlu ve sa\u011fl\u0131kl\u0131 bir ortamda ge\u00e7irebilmesi i\u00e7in t\u00fcm haz\u0131rl\u0131klar\u0131n\u0131 tamamlad\u0131. BTT\u2019ye ait otob\u00fcsler bayram<\/p>\n","protected":false},"author":3,"featured_media":28666,"comment_status":"open","ping_status":"open","sticky":false,"template":"","format":"standard","meta":{"colormag_page_container_layout":"default_layout","colormag_page_sidebar_layout":"default_layout","footnotes":""},"categories":[1,5,8],"tags":[],"class_list":["post-28665","post","type-post","status-publish","format-standard","has-post-thumbnail","hentry","category-genel","category-gundem","category-siyaset"],"_links":{"self":[{"href":"https:\/\/marmarayerelhizmet.com\/index.php\/wp-json\/wp\/v2\/posts\/28665","targetHints":{"allow":["GET"]}}],"collection":[{"href":"https:\/\/marmarayerelhizmet.com\/index.php\/wp-json\/wp\/v2\/posts"}],"about":[{"href":"https:\/\/marmarayerelhizmet.com\/index.php\/wp-json\/wp\/v2\/types\/post"}],"author":[{"embeddable":true,"href":"https:\/\/marmarayerelhizmet.com\/index.php\/wp-json\/wp\/v2\/users\/3"}],"replies":[{"embeddable":true,"href":"https:\/\/marmarayerelhizmet.com\/index.php\/wp-json\/wp\/v2\/comments?post=28665"}],"version-history":[{"count":0,"href":"https:\/\/marmarayerelhizmet.com\/index.php\/wp-json\/wp\/v2\/posts\/28665\/revisions"}],"wp:featuredmedia":[{"embeddable":true,"href":"https:\/\/marmarayerelhizmet.com\/index.php\/wp-json\/wp\/v2\/media\/28666"}],"wp:attachment":[{"href":"https:\/\/marmarayerelhizmet.com\/index.php\/wp-json\/wp\/v2\/media?parent=28665"}],"wp:term":[{"taxonomy":"category","embeddable":true,"href":"https:\/\/marmarayerelhizmet.com\/index.php\/wp-json\/wp\/v2\/categories?post=28665"},{"taxonomy":"post_tag","embeddable":true,"href":"https:\/\/marmarayerelhizmet.com\/index.php\/wp-json\/wp\/v2\/tags?post=28665"}],"curies":[{"name":"wp","href":"https:\/\/api.w.org\/{rel}","templated":true}]}}