{"id":28662,"date":"2025-06-02T21:53:51","date_gmt":"2025-06-02T18:53:51","guid":{"rendered":"https:\/\/marmarayerelhizmet.com\/?p=28662"},"modified":"2025-06-02T21:53:51","modified_gmt":"2025-06-02T18:53:51","slug":"cop-degil-farkindalik-topladilar","status":"publish","type":"post","link":"https:\/\/marmarayerelhizmet.com\/index.php\/2025\/06\/02\/cop-degil-farkindalik-topladilar\/","title":{"rendered":"\u00c7\u00f6p De\u011fil Fark\u0131ndal\u0131k Toplad\u0131lar"},"content":{"rendered":"<p><strong><span style=\"font-family: arial, helvetica, sans-serif; font-size: 14px;\">Alt\u0131eyl\u00fcl Belediyesi b\u00fcnyesinde faaliyet g\u00f6steren ve g\u00f6n\u00fcll\u00fc belediye personellerinden olu\u015fan &#8220;Kom\u015fun Yan\u0131nda&#8221; ekibi, \u00e7evre temizli\u011fi konusunda fark\u0131ndal\u0131k olu\u015fturmak amac\u0131yla anlaml\u0131 bir etkinli\u011fe imza att\u0131. Gazi Mustafa Kemal Atat\u00fcrk Ya\u015fam Kompleksi\u2019nde ger\u00e7ekle\u015ftirilen \u00e7\u00f6p toplama etkinli\u011fine Alt\u0131eyl\u00fcl Belediye Ba\u015fkan\u0131 Hakan \u015eehirli&#8217;nin e\u015fi H\u00fcveyla \u015eehirli de kat\u0131ld\u0131.<br \/>\n<\/span><\/strong><br \/>\n<span style=\"font-family: arial, helvetica, sans-serif; font-size: 14px;\">Etkinlik kapsam\u0131nda Alt\u0131eyl\u00fcl Belediye b\u00fcnyesinde \u00e7al\u0131\u015fan g\u00f6n\u00fcll\u00fc kad\u0131nlar, \u00e7evreye bilin\u00e7sizce at\u0131lm\u0131\u015f \u00e7\u00f6pleri toplayarak \u00e7evre temizli\u011fi konusunda \u00f6rnek bir davran\u0131\u015f sergiledi. Toplum yarar\u0131na \u00e7e\u015fitli projelere imza atan &#8220;Kom\u015fun Yan\u0131nda&#8221; ekibi, bu etkinlikle sosyal sorumluluk faaliyetlerine bir yenisini daha ekledi. Etkinli\u011fe kat\u0131lan g\u00f6n\u00fcll\u00fcler, \u00e7evre temizli\u011finin sadece belediyelerin ya da ilgili kurumlar\u0131n de\u011fil, toplumun her bireyinin ortak sorumlulu\u011fu oldu\u011funa dikkat \u00e7ekti. Vatanda\u015flar\u0131 \u00e7evre konusunda daha dikkatli ve sorumlu davranmaya davet eden ekip, \u00f6zellikle kamusal alanlarda yere \u00e7\u00f6p at\u0131lmamas\u0131 gerekti\u011fini vurgulad\u0131. Ayr\u0131ca, \u00e7ocuklar\u0131n bu t\u00fcr etkinliklerle erken ya\u015fta bilin\u00e7lenmesinin \u00f6nemine de\u011finerek, aileleri de \u00e7evre konusunda duyarl\u0131 olmaya \u00e7a\u011f\u0131rd\u0131lar.<br \/>\n<\/span><br \/>\n<strong><span style=\"font-family: arial, helvetica, sans-serif; font-size: 14px;\">&#8220;TEM\u0130Z \u00c7EVRE \u0130\u00c7\u0130N B\u0130RL\u0130KTE HAREKET ETMEL\u0130Y\u0130Z&#8221;<\/span><\/strong><br \/>\n<span style=\"font-family: arial, helvetica, sans-serif; font-size: 14px;\">Etkinlik hakk\u0131nda a\u00e7\u0131klamalarda bulunan H\u00fcveyla \u015eehirli, \u00e7evre bilincinin bireyden topluma yay\u0131lan bir de\u011fer oldu\u011funu vurgulayarak \u015funlar\u0131 s\u00f6yledi \u201cBug\u00fcn burada Kom\u015fun Yan\u0131nda ekibimizle birlikte bir \u00e7evre temizli\u011fi etkinli\u011fi d\u00fczenledik. Amac\u0131m\u0131z sadece \u00e7\u00f6p toplamak de\u011fil, ayn\u0131 zamanda \u00e7evre kirlili\u011fine kar\u015f\u0131 duyarl\u0131l\u0131k olu\u015fturmakt\u0131r. Temiz bir \u00e7evre, ancak hepimizin katk\u0131s\u0131yla m\u00fcmk\u00fcn olabilir. Bu t\u00fcr etkinliklerle hem \u00e7ocuklar\u0131m\u0131za \u00f6rnek oluyoruz hem de toplumsal bilinci canl\u0131 tutuyoruz. \u00c7evre bilincini \u00e7ocuklar\u0131m\u0131za ve gen\u00e7lerimize de a\u015f\u0131lamak i\u00e7in yeni projeler \u00fcretmeye devam edece\u011fiz\u201d\u00a0diye\u00a0konu\u015ftu.<\/span><\/p>\n","protected":false},"excerpt":{"rendered":"<p>Alt\u0131eyl\u00fcl Belediyesi b\u00fcnyesinde faaliyet g\u00f6steren ve g\u00f6n\u00fcll\u00fc belediye personellerinden olu\u015fan &#8220;Kom\u015fun Yan\u0131nda&#8221; ekibi, \u00e7evre temizli\u011fi konusunda fark\u0131ndal\u0131k olu\u015fturmak amac\u0131yla anlaml\u0131<\/p>\n","protected":false},"author":3,"featured_media":28663,"comment_status":"open","ping_status":"open","sticky":false,"template":"","format":"standard","meta":{"colormag_page_container_layout":"default_layout","colormag_page_sidebar_layout":"default_layout","footnotes":""},"categories":[1,5,8],"tags":[],"class_list":["post-28662","post","type-post","status-publish","format-standard","has-post-thumbnail","hentry","category-genel","category-gundem","category-siyaset"],"_links":{"self":[{"href":"https:\/\/marmarayerelhizmet.com\/index.php\/wp-json\/wp\/v2\/posts\/28662","targetHints":{"allow":["GET"]}}],"collection":[{"href":"https:\/\/marmarayerelhizmet.com\/index.php\/wp-json\/wp\/v2\/posts"}],"about":[{"href":"https:\/\/marmarayerelhizmet.com\/index.php\/wp-json\/wp\/v2\/types\/post"}],"author":[{"embeddable":true,"href":"https:\/\/marmarayerelhizmet.com\/index.php\/wp-json\/wp\/v2\/users\/3"}],"replies":[{"embeddable":true,"href":"https:\/\/marmarayerelhizmet.com\/index.php\/wp-json\/wp\/v2\/comments?post=28662"}],"version-history":[{"count":0,"href":"https:\/\/marmarayerelhizmet.com\/index.php\/wp-json\/wp\/v2\/posts\/28662\/revisions"}],"wp:featuredmedia":[{"embeddable":true,"href":"https:\/\/marmarayerelhizmet.com\/index.php\/wp-json\/wp\/v2\/media\/28663"}],"wp:attachment":[{"href":"https:\/\/marmarayerelhizmet.com\/index.php\/wp-json\/wp\/v2\/media?parent=28662"}],"wp:term":[{"taxonomy":"category","embeddable":true,"href":"https:\/\/marmarayerelhizmet.com\/index.php\/wp-json\/wp\/v2\/categories?post=28662"},{"taxonomy":"post_tag","embeddable":true,"href":"https:\/\/marmarayerelhizmet.com\/index.php\/wp-json\/wp\/v2\/tags?post=28662"}],"curies":[{"name":"wp","href":"https:\/\/api.w.org\/{rel}","templated":true}]}}