{"id":28658,"date":"2025-06-02T21:51:33","date_gmt":"2025-06-02T18:51:33","guid":{"rendered":"https:\/\/marmarayerelhizmet.com\/?p=28658"},"modified":"2025-06-02T21:51:33","modified_gmt":"2025-06-02T18:51:33","slug":"saglikli-cocuk-saglikli-gelecek-cocuklara-tanitildi","status":"publish","type":"post","link":"https:\/\/marmarayerelhizmet.com\/index.php\/2025\/06\/02\/saglikli-cocuk-saglikli-gelecek-cocuklara-tanitildi\/","title":{"rendered":"&#8216;Sa\u011fl\u0131kl\u0131 \u00c7ocuk, Sa\u011fl\u0131kl\u0131 Gelecek&#8217; \u00c7ocuklara Tan\u0131t\u0131ld\u0131"},"content":{"rendered":"<p><strong><span style=\"font-family: arial, helvetica, sans-serif; font-size: 14px;\">Sa\u011fl\u0131k Bakanl\u0131\u011f\u0131 taraf\u0131ndan y\u00fcr\u00fct\u00fclen &#8220;Sa\u011fl\u0131kl\u0131 \u00c7ocuk Sa\u011fl\u0131kl\u0131 Gelecek&#8221; program\u0131 kapsam\u0131nda Valilik koordinat\u00f6rl\u00fc\u011f\u00fcnde \u0130l Sa\u011fl\u0131k M\u00fcd\u00fcrl\u00fc\u011f\u00fc, \u0130l Milli E\u011fitim M\u00fcd\u00fcrl\u00fc\u011f\u00fc ve T\u00fcrk K\u0131z\u0131lay\u2019\u0131 Bal\u0131kesir \u015eubesinin i\u015fbirli\u011fi ile Alt\u0131eyl\u00fcl \u0130l\u00e7esi Fevzi \u00c7akmak \u0130lkokulu\u2019nda kapsaml\u0131 bir tan\u0131t\u0131m etkinli\u011fi ger\u00e7ekle\u015ftirildi.<\/span><\/strong><\/p>\n<p><span style=\"font-family: arial, helvetica, sans-serif; font-size: 14px;\">Etkinlik kapsam\u0131nda t\u00fcm s\u0131n\u0131flarda sa\u011fl\u0131k personeli taraf\u0131ndan 112 Acil Sa\u011fl\u0131k Hizmetleri, Ulusal Medikal Kurtarma Ekibi (UMKE), A\u011f\u0131z ve Di\u015f Sa\u011fl\u0131\u011f\u0131, Aile Hekimli\u011fi, Ki\u015fisel Hijyen ve Bula\u015f\u0131c\u0131 Hastal\u0131klardan Korunma, Sa\u011fl\u0131kl\u0131 Beslenme ve Fiziksel Aktivite konular\u0131nda e\u011fitimler verildi. Okul bah\u00e7esinde kurulan stantlarda \u00e7ocuklara bro\u015f\u00fcrler, boyama kitaplar\u0131, g\u00f6rev kartlar\u0131 ve e\u011fitim materyalleri da\u011f\u0131t\u0131l\u0131rken sa\u011fl\u0131k hizmetlerinde kullan\u0131lan malzemelerin uygulamal\u0131 tan\u0131t\u0131mlar\u0131 yap\u0131ld\u0131. Ayr\u0131ca M\u00fcd\u00fcrl\u00fck hizmet ara\u00e7lar\u0131ndan 112 Acil Yard\u0131m Ambulans\u0131, UMKE ara\u00e7lar\u0131, a\u015f\u0131 nakil arac\u0131 ve evde sa\u011fl\u0131k hizmetleri arac\u0131 \u00f6\u011frencilerin incelemesine sunuldu.<br \/>\n<\/span><span style=\"font-family: arial, helvetica, sans-serif; font-size: 14px;\">\u0130l Milli E\u011fitim M\u00fcd\u00fcrl\u00fc\u011f\u00fc Arama Kurtarma Birimi (MEB AKUB), Sa\u011fl\u0131kl\u0131 Beslenme, Fiziksel Aktivite ve \u0130lk Yard\u0131m konular\u0131nda olu\u015fturulan stantlar\u0131yla, T\u00fcrk K\u0131z\u0131lay\u2019\u0131 Bal\u0131kesir \u015eubesi saha faaliyetleri ve a\u015fevi arac\u0131n\u0131n tan\u0131t\u0131m\u0131 ile programda yer ald\u0131. Etkinli\u011fe kat\u0131lan \u00f6\u011frencilere &#8220;Sa\u011fl\u0131k El\u00e7isi&#8221; unvan\u0131 verilerek, sa\u011fl\u0131k bilgilerini \u00e7evrelerine yaymalar\u0131 te\u015fvik edildi. Etkinlik sonunda t\u00fcm \u00f6\u011frencilerin kat\u0131l\u0131m\u0131yla m\u00fczik e\u015fli\u011finde fiziksel aktivite ve egzersizler yap\u0131ld\u0131.<br \/>\n<\/span><span style=\"font-family: arial, helvetica, sans-serif; font-size: 14px;\">\u0130l Sa\u011fl\u0131k M\u00fcd\u00fcrl\u00fc\u011f\u00fc taraf\u0131ndan d\u00fczenlenen bu etkinlik ile \u00e7ocuklarda sa\u011fl\u0131k bilincinin temellerinin at\u0131lmas\u0131 ve toplum genelinde sa\u011fl\u0131kl\u0131 ya\u015fam al\u0131\u015fkanl\u0131klar\u0131n\u0131n yayg\u0131nla\u015ft\u0131r\u0131lmas\u0131 hedeflendi. \u0130HA<\/span><\/p>\n","protected":false},"excerpt":{"rendered":"<p>Sa\u011fl\u0131k Bakanl\u0131\u011f\u0131 taraf\u0131ndan y\u00fcr\u00fct\u00fclen &#8220;Sa\u011fl\u0131kl\u0131 \u00c7ocuk Sa\u011fl\u0131kl\u0131 Gelecek&#8221; program\u0131 kapsam\u0131nda Valilik koordinat\u00f6rl\u00fc\u011f\u00fcnde \u0130l Sa\u011fl\u0131k M\u00fcd\u00fcrl\u00fc\u011f\u00fc, \u0130l Milli E\u011fitim M\u00fcd\u00fcrl\u00fc\u011f\u00fc ve<\/p>\n","protected":false},"author":3,"featured_media":28659,"comment_status":"open","ping_status":"open","sticky":false,"template":"","format":"standard","meta":{"colormag_page_container_layout":"default_layout","colormag_page_sidebar_layout":"default_layout","footnotes":""},"categories":[45,1,5,7],"tags":[],"class_list":["post-28658","post","type-post","status-publish","format-standard","has-post-thumbnail","hentry","category-egitim","category-genel","category-gundem","category-saglik"],"_links":{"self":[{"href":"https:\/\/marmarayerelhizmet.com\/index.php\/wp-json\/wp\/v2\/posts\/28658","targetHints":{"allow":["GET"]}}],"collection":[{"href":"https:\/\/marmarayerelhizmet.com\/index.php\/wp-json\/wp\/v2\/posts"}],"about":[{"href":"https:\/\/marmarayerelhizmet.com\/index.php\/wp-json\/wp\/v2\/types\/post"}],"author":[{"embeddable":true,"href":"https:\/\/marmarayerelhizmet.com\/index.php\/wp-json\/wp\/v2\/users\/3"}],"replies":[{"embeddable":true,"href":"https:\/\/marmarayerelhizmet.com\/index.php\/wp-json\/wp\/v2\/comments?post=28658"}],"version-history":[{"count":0,"href":"https:\/\/marmarayerelhizmet.com\/index.php\/wp-json\/wp\/v2\/posts\/28658\/revisions"}],"wp:featuredmedia":[{"embeddable":true,"href":"https:\/\/marmarayerelhizmet.com\/index.php\/wp-json\/wp\/v2\/media\/28659"}],"wp:attachment":[{"href":"https:\/\/marmarayerelhizmet.com\/index.php\/wp-json\/wp\/v2\/media?parent=28658"}],"wp:term":[{"taxonomy":"category","embeddable":true,"href":"https:\/\/marmarayerelhizmet.com\/index.php\/wp-json\/wp\/v2\/categories?post=28658"},{"taxonomy":"post_tag","embeddable":true,"href":"https:\/\/marmarayerelhizmet.com\/index.php\/wp-json\/wp\/v2\/tags?post=28658"}],"curies":[{"name":"wp","href":"https:\/\/api.w.org\/{rel}","templated":true}]}}