{"id":28656,"date":"2025-05-29T17:29:51","date_gmt":"2025-05-29T14:29:51","guid":{"rendered":"https:\/\/marmarayerelhizmet.com\/?p=28656"},"modified":"2025-05-29T17:29:51","modified_gmt":"2025-05-29T14:29:51","slug":"ahmet-akina-onemli-gorev","status":"publish","type":"post","link":"https:\/\/marmarayerelhizmet.com\/index.php\/2025\/05\/29\/ahmet-akina-onemli-gorev\/","title":{"rendered":"Ahmet Ak\u0131n&#8217;a \u00d6nemli G\u00f6rev"},"content":{"rendered":"<div class=\"tg-post\">\n<article id=\"post-42926\" class=\"post-42926 post type-post status-publish format-standard has-post-thumbnail hentry category-ekonomi category-genel category-siyaset\">\n<div class=\"cm-post-content\">\n<div class=\"cm-entry-summary\">\n<p><span style=\"font-family: arial, helvetica, sans-serif; font-size: 14px;\"><strong>Bal\u0131kesir B\u00fcy\u00fck\u015fehir Belediye Ba\u015fkan\u0131 Ahmet Ak\u0131n, T\u00fcrkiye Belediyeler Birli\u011fi (TBB) May\u0131s Ay\u0131 Ola\u011fan Meclis Toplant\u0131s\u0131\u2019nda ger\u00e7ekle\u015fen oylamada 408 oy alarak oy birli\u011fiyle T\u00fcrkiye Belediyeler Birli\u011fi 1. Ba\u015fkanvekili se\u00e7ildi.<\/strong><\/span><\/p>\n<p><span style=\"font-family: arial, helvetica, sans-serif; font-size: 14px;\">T\u00fcrkiye Belediyeler Birli\u011fi May\u0131s Ay\u0131 Ola\u011fan Meclis Toplant\u0131s\u0131 Ankara\u2019da yo\u011fun bir kat\u0131l\u0131mla ger\u00e7ekle\u015ftirildi. TBB Ba\u015fkan Vekili ve Adana B\u00fcy\u00fck\u015fehir Belediye Ba\u015fkan\u0131 Zeydan Karalar\u2019\u0131n ba\u015fkanl\u0131\u011f\u0131nda yap\u0131lan toplant\u0131n\u0131n Divan Ba\u015fkanl\u0131\u011f\u0131n\u0131 Bal\u0131kesir B\u00fcy\u00fck\u015fehir Belediye Ba\u015fkan\u0131 Ahmet Ak\u0131n \u00fcstlendi. Ortak ak\u0131l ve dayan\u0131\u015fman\u0131n \u00f6ne \u00e7\u0131kt\u0131\u011f\u0131 toplant\u0131da yap\u0131lan oylama sonucunda T\u00fcrkiye Belediyeler Birli\u011fi 1. Ba\u015fkan Vekilli\u011fine 408 oy alan Bal\u0131kesir B\u00fcy\u00fck\u015fehir Belediye Ba\u015fkan\u0131 Ahmet Ak\u0131n oybirli\u011fiyle se\u00e7ildi.<\/span><\/p>\n<p><span style=\"font-family: arial, helvetica, sans-serif; font-size: 14px;\"><strong>\u201cB\u0130RL\u0130K VE BERABERL\u0130K \u0130\u00c7ER\u0130S\u0130NDE \u00c7ALI\u015eMAYA DEVAM EDECE\u011e\u0130Z\u201d<br \/>\n<\/strong>TBB \u00e7at\u0131s\u0131 alt\u0131nda dayan\u0131\u015fman\u0131n \u00f6nemini vurgulayan ve takdirlerinden dolay\u0131 belediye ba\u015fkanlar\u0131na te\u015fekk\u00fcr eden T\u00fcrkiye Belediyeler Birli\u011fi 1. Ba\u015fkanvekili ve Bal\u0131kesir B\u00fcy\u00fck\u015fehir Belediye Ba\u015fkan\u0131 Ahmet Ak\u0131n, \u201cDivan Ba\u015fkanl\u0131\u011f\u0131n\u0131 yapt\u0131\u011f\u0131m T\u00fcrkiye Belediyeler Birli\u011fi May\u0131s Ay\u0131 Ola\u011fan Toplant\u0131s\u0131n\u0131 ger\u00e7ekle\u015ftirdik. Toplant\u0131da TBB 1. Ba\u015fkanvekili g\u00f6revine oy birli\u011fiyle se\u00e7ilmem dolay\u0131s\u0131yla k\u0131ymetli ba\u015fkanlar\u0131m\u0131za y\u00fcrekten te\u015fekk\u00fcr ediyorum. Yerel y\u00f6netimlerin sorunlar\u0131 ve \u00e7\u00f6z\u00fcm yollar\u0131 i\u00e7in birlik ve beraberlik i\u00e7erisinde \u00e7al\u0131\u015fmaya devam edece\u011fiz.\u201d ifadelerini kulland\u0131.<\/span><\/p>\n<p><span style=\"font-family: arial, helvetica, sans-serif; font-size: 14px;\"><strong>ENC\u00dcMEN \u00dcYELER\u0130 BEL\u0130RLEND\u0130<br \/>\n<\/strong>TBB Enc\u00fcmen \u00dcyeleri ise \u015fu \u015fekilde belirlendi: Ayd\u0131n B\u00fcy\u00fck\u015fehir Belediye Ba\u015fkan\u0131 \u00d6zlem \u00c7er\u00e7io\u011flu, Diyarbak\u0131r B\u00fcy\u00fck\u015fehir Belediye Ba\u015fkan\u0131 Ay\u015fe Serra Bucak K\u00fc\u00e7\u00fck, Eski\u015fehir B\u00fcy\u00fck\u015fehir Belediye Ba\u015fkan\u0131 Ay\u015fe \u00dcnl\u00fcce, Mersin B\u00fcy\u00fck\u015fehir Belediye Ba\u015fkan\u0131 Vahap Se\u00e7er, A\u011fr\u0131 Belediye Ba\u015fkan\u0131 Hazal Aras, Ad\u0131yaman Belediye Ba\u015fkan\u0131 Abdurrahman Tutdere, Artvin Belediye Ba\u015fkan\u0131 Bilgehan Erdem, Edirne Belediye Ba\u015fkan\u0131 Filiz Gencan Ak\u0131n, Nev\u015fehir Belediye Ba\u015fkan\u0131 Rasim Ar\u0131, Zonguldak Belediye Ba\u015fkan\u0131 Tahsin Erdem, B\u00fcy\u00fck\u00e7ekmece Belediye Ba\u015fkan\u0131 Hasan Akg\u00fcn, Karak\u00f6pr\u00fc Belediye Ba\u015fkan\u0131 Nihat \u00c7ift\u00e7i, Ke\u00e7i\u00f6ren Belediye Ba\u015fkan\u0131 Mesut \u00d6zarslan, Sel\u00e7uk Belediye Ba\u015fkan\u0131 Filiz Cerito\u011flu Sengel.<\/span><br \/>\n<span style=\"font-family: arial, helvetica, sans-serif; font-size: 14px;\">Birlik enc\u00fcmeni taraf\u0131ndan se\u00e7imlerin ard\u0131ndan ilk toplant\u0131 ger\u00e7ekle\u015ftirildi. \u0130HA<\/span><\/p>\n<div class=\"row\">\n<div id=\"\" class=\"col-lg-3 col-md-4 col-sm-12 p-1\"><\/div>\n<\/div>\n<\/div>\n<\/div>\n<\/article>\n<\/div>\n<ul class=\"default-wp-page\">\n<li class=\"previous\"><\/li>\n<\/ul>\n","protected":false},"excerpt":{"rendered":"<p>Bal\u0131kesir B\u00fcy\u00fck\u015fehir Belediye Ba\u015fkan\u0131 Ahmet Ak\u0131n, T\u00fcrkiye Belediyeler Birli\u011fi (TBB) May\u0131s Ay\u0131 Ola\u011fan Meclis Toplant\u0131s\u0131\u2019nda ger\u00e7ekle\u015fen oylamada 408 oy alarak<\/p>\n","protected":false},"author":3,"featured_media":27390,"comment_status":"open","ping_status":"open","sticky":false,"template":"","format":"standard","meta":{"colormag_page_container_layout":"default_layout","colormag_page_sidebar_layout":"default_layout","footnotes":""},"categories":[1,5,8],"tags":[],"class_list":["post-28656","post","type-post","status-publish","format-standard","has-post-thumbnail","hentry","category-genel","category-gundem","category-siyaset"],"_links":{"self":[{"href":"https:\/\/marmarayerelhizmet.com\/index.php\/wp-json\/wp\/v2\/posts\/28656","targetHints":{"allow":["GET"]}}],"collection":[{"href":"https:\/\/marmarayerelhizmet.com\/index.php\/wp-json\/wp\/v2\/posts"}],"about":[{"href":"https:\/\/marmarayerelhizmet.com\/index.php\/wp-json\/wp\/v2\/types\/post"}],"author":[{"embeddable":true,"href":"https:\/\/marmarayerelhizmet.com\/index.php\/wp-json\/wp\/v2\/users\/3"}],"replies":[{"embeddable":true,"href":"https:\/\/marmarayerelhizmet.com\/index.php\/wp-json\/wp\/v2\/comments?post=28656"}],"version-history":[{"count":0,"href":"https:\/\/marmarayerelhizmet.com\/index.php\/wp-json\/wp\/v2\/posts\/28656\/revisions"}],"wp:featuredmedia":[{"embeddable":true,"href":"https:\/\/marmarayerelhizmet.com\/index.php\/wp-json\/wp\/v2\/media\/27390"}],"wp:attachment":[{"href":"https:\/\/marmarayerelhizmet.com\/index.php\/wp-json\/wp\/v2\/media?parent=28656"}],"wp:term":[{"taxonomy":"category","embeddable":true,"href":"https:\/\/marmarayerelhizmet.com\/index.php\/wp-json\/wp\/v2\/categories?post=28656"},{"taxonomy":"post_tag","embeddable":true,"href":"https:\/\/marmarayerelhizmet.com\/index.php\/wp-json\/wp\/v2\/tags?post=28656"}],"curies":[{"name":"wp","href":"https:\/\/api.w.org\/{rel}","templated":true}]}}