{"id":28653,"date":"2025-05-28T18:17:56","date_gmt":"2025-05-28T15:17:56","guid":{"rendered":"https:\/\/marmarayerelhizmet.com\/?p=28653"},"modified":"2025-05-28T18:17:56","modified_gmt":"2025-05-28T15:17:56","slug":"cankurtaranlar-sezona-hazir","status":"publish","type":"post","link":"https:\/\/marmarayerelhizmet.com\/index.php\/2025\/05\/28\/cankurtaranlar-sezona-hazir\/","title":{"rendered":"Cankurtaranlar Sezona Haz\u0131r"},"content":{"rendered":"<p><strong><span style=\"font-family: arial, helvetica, sans-serif; font-size: 14px;\">Bal\u0131kesir B\u00fcy\u00fck\u015fehir Belediyesi\u2019nin 2025 yaz sezonu haz\u0131rl\u0131klar\u0131 kapsam\u0131nda sahillerde g\u00f6rev yapacak olan cankurtaranlar kapsaml\u0131 e\u011fitimden ge\u00e7ti. Ge\u00e7ti\u011fimiz y\u0131l 34 olan kule say\u0131s\u0131n\u0131 bu y\u0131l 48\u2019e \u00e7\u0131karan B\u00fcy\u00fck\u015fehir Belediyesi, 65 personel, 17 bot, 3 jet ski ile vatanda\u015flara hizmet verecek.<\/span><\/strong><\/p>\n<p><span style=\"font-family: arial, helvetica, sans-serif; font-size: 14px;\">Bal\u0131kesir B\u00fcy\u00fck\u015fehir Belediyesi \u0130tfaiye Daire Ba\u015fkanl\u0131\u011f\u0131na ba\u011fl\u0131 olarak yaz sezonu boyunca can g\u00fcvenli\u011fini sa\u011flamak i\u00e7in sahillerde g\u00f6rev yapacak cankurtaranlar G\u00f6me\u00e7 Dal\u0131\u015f k\u00f6y\u00fcnde s\u0131k\u0131 bir e\u011fitimden ge\u00e7ti. Alan\u0131nda uzman e\u011fitmenlerin g\u00f6zetiminde ger\u00e7ekle\u015fen e\u011fitimlerde; kondisyon, kurtarma, y\u00fczme, y\u00f6neltme, kazazede yakalama gibi teknikler uygulamal\u0131 olarak \u00f6\u011fretildi. Kurban Bayram\u0131\u2019na say\u0131l\u0131 g\u00fcnler kala \u00f6zellikle sahil kesimlerinde denizde ya\u015fanabilecek olumsuzluklar\u0131n en aza indirilmesi hedefleniyor.<\/span><\/p>\n<p><strong><span style=\"font-family: arial, helvetica, sans-serif; font-size: 14px;\">48 plajda g\u00f6rev alacaklar<br \/>\n<\/span><\/strong><span style=\"font-family: arial, helvetica, sans-serif; font-size: 14px;\">Her y\u0131l oldu\u011fu gibi bu y\u0131l da bir dizi e\u011fitimden ge\u00e7en cankurtaranlar, vatanda\u015flar\u0131n g\u00fcvenli bir \u015fekilde tatillerini ge\u00e7irebilmeleri i\u00e7in gece g\u00fcnd\u00fcz g\u00f6rev yapacak. Bayram\u0131n yakla\u015fmas\u0131n\u0131n yan\u0131 s\u0131ra yaz sezonu yo\u011funlu\u011funa da haz\u0131rlanan cankurtaranlar sayesinde vatanda\u015flar ve turistler sahil kesimlerinde g\u00fcvenle denize girebilecek. E\u011fitimlerden ge\u00e7en cankurtaranlar, hem Ege hem de Marmara Denizi\u2019ne k\u0131y\u0131s\u0131 olan Bal\u0131kesir\u2019de k\u0131y\u0131 \u015feridinin g\u00fcvenli\u011fini sa\u011flamak i\u00e7in canla ba\u015fla \u00e7al\u0131\u015f\u0131yor. Ge\u00e7ti\u011fimiz y\u0131l 7 olan bot say\u0131s\u0131n\u0131 17\u2019ye y\u00fckselten B\u00fcy\u00fck\u015fehir Belediyesi, kule say\u0131s\u0131n\u0131 da mavi bayrak say\u0131s\u0131yla bir tutarak 48\u2019e \u00e7\u0131kard\u0131.<\/span><\/p>\n<p><strong><span style=\"font-family: arial, helvetica, sans-serif; font-size: 14px;\">Bal\u0131kesir\u2019in mavi bayrakl\u0131 plajlar\u0131 onlara emanet<br \/>\n<\/span><\/strong><span style=\"font-family: arial, helvetica, sans-serif; font-size: 14px;\">T\u00fcrkiye\u2019nin en \u00e7ok mavi bayrakl\u0131 plaj\u0131na sahip d\u00f6rd\u00fcnc\u00fc ili olan Bal\u0131kesir\u2019in e\u015fsiz plajlar\u0131n\u0131 tercih eden yerli ve yabanc\u0131 turistler g\u00f6n\u00fcl rahatl\u0131\u011f\u0131yla denize girebilmenin tad\u0131n\u0131 \u00e7\u0131kartacak. \u00d6zveriyle \u00e7al\u0131\u015fan cankurtaran hem denizde hem de sahilde vatanda\u015flar\u0131n can g\u00fcvenli\u011fini sa\u011flayacak. \u0130HA<\/span><\/p>\n","protected":false},"excerpt":{"rendered":"<p>Bal\u0131kesir B\u00fcy\u00fck\u015fehir Belediyesi\u2019nin 2025 yaz sezonu haz\u0131rl\u0131klar\u0131 kapsam\u0131nda sahillerde g\u00f6rev yapacak olan cankurtaranlar kapsaml\u0131 e\u011fitimden ge\u00e7ti. Ge\u00e7ti\u011fimiz y\u0131l 34 olan<\/p>\n","protected":false},"author":3,"featured_media":28654,"comment_status":"open","ping_status":"open","sticky":false,"template":"","format":"standard","meta":{"colormag_page_container_layout":"default_layout","colormag_page_sidebar_layout":"default_layout","footnotes":""},"categories":[1,5,7,8],"tags":[],"class_list":["post-28653","post","type-post","status-publish","format-standard","has-post-thumbnail","hentry","category-genel","category-gundem","category-saglik","category-siyaset"],"_links":{"self":[{"href":"https:\/\/marmarayerelhizmet.com\/index.php\/wp-json\/wp\/v2\/posts\/28653","targetHints":{"allow":["GET"]}}],"collection":[{"href":"https:\/\/marmarayerelhizmet.com\/index.php\/wp-json\/wp\/v2\/posts"}],"about":[{"href":"https:\/\/marmarayerelhizmet.com\/index.php\/wp-json\/wp\/v2\/types\/post"}],"author":[{"embeddable":true,"href":"https:\/\/marmarayerelhizmet.com\/index.php\/wp-json\/wp\/v2\/users\/3"}],"replies":[{"embeddable":true,"href":"https:\/\/marmarayerelhizmet.com\/index.php\/wp-json\/wp\/v2\/comments?post=28653"}],"version-history":[{"count":0,"href":"https:\/\/marmarayerelhizmet.com\/index.php\/wp-json\/wp\/v2\/posts\/28653\/revisions"}],"wp:featuredmedia":[{"embeddable":true,"href":"https:\/\/marmarayerelhizmet.com\/index.php\/wp-json\/wp\/v2\/media\/28654"}],"wp:attachment":[{"href":"https:\/\/marmarayerelhizmet.com\/index.php\/wp-json\/wp\/v2\/media?parent=28653"}],"wp:term":[{"taxonomy":"category","embeddable":true,"href":"https:\/\/marmarayerelhizmet.com\/index.php\/wp-json\/wp\/v2\/categories?post=28653"},{"taxonomy":"post_tag","embeddable":true,"href":"https:\/\/marmarayerelhizmet.com\/index.php\/wp-json\/wp\/v2\/tags?post=28653"}],"curies":[{"name":"wp","href":"https:\/\/api.w.org\/{rel}","templated":true}]}}