{"id":28649,"date":"2025-05-28T18:17:06","date_gmt":"2025-05-28T15:17:06","guid":{"rendered":"https:\/\/marmarayerelhizmet.com\/?p=28649"},"modified":"2025-05-28T18:17:06","modified_gmt":"2025-05-28T15:17:06","slug":"61-bin-kursiyer-belge-aldi","status":"publish","type":"post","link":"https:\/\/marmarayerelhizmet.com\/index.php\/2025\/05\/28\/61-bin-kursiyer-belge-aldi\/","title":{"rendered":"61 Bin Kursiyer Belge Ald\u0131"},"content":{"rendered":"<p><strong><span style=\"font-family: arial, helvetica, sans-serif; font-size: 14px;\">Hayat boyu \u00f6\u011frenmenin \u00f6nemine dikkat \u00e7ekmek ve bu bilinci toplum genelinde yayg\u0131nla\u015ft\u0131rmak amac\u0131yla d\u00fczenlenen Hayat Boyu \u00d6\u011frenme Haftas\u0131, Bal\u0131kesir\u2019de ger\u00e7ekle\u015ftirilen a\u00e7\u0131l\u0131\u015f t\u00f6reniyle ba\u015flad\u0131. 2 bin 874 kursta 61 bin 873 kursiyere belge verildi.<\/span><\/strong><\/p>\n<p><span style=\"font-family: arial, helvetica, sans-serif; font-size: 14px;\">A\u00e7\u0131l\u0131\u015f program\u0131nda konu\u015fan \u0130l Milli E\u011fitim M\u00fcd\u00fcr\u00fc Murat Demir, hayat boyu \u00f6\u011frenmenin yaln\u0131zca okul \u00e7a\u011flar\u0131yla s\u0131n\u0131rl\u0131 olmad\u0131\u011f\u0131n\u0131, ya\u015fam boyu devam eden bir geli\u015fim s\u00fcreci oldu\u011funu vurgulad\u0131. M\u00fcd\u00fcr Murat Demir, konu\u015fmas\u0131nda \u015fu ifadelere yer verdi: <\/span><span style=\"font-family: arial, helvetica, sans-serif; font-size: 14px;\">&#8220;Bal\u0131kesir olarak bizler de bu bilin\u00e7le hareket ediyor, Halk E\u011fitimi Merkezlerimiz ve Olgunla\u015fma Enstit\u00fcm\u00fcz arac\u0131l\u0131\u011f\u0131yla her ya\u015ftan bireyin \u00f6\u011frenme yolculu\u011funa e\u015flik ediyoruz. 2024-2025 e\u011fitim \u00f6\u011fretim y\u0131l\u0131nda a\u00e7t\u0131\u011f\u0131m\u0131z 2 bin 874 kursla 61 bin 873 kursiyerimize ula\u015ft\u0131k&#8221; dedi. Ayr\u0131ca verilere g\u00f6re, 20 il\u00e7ede faaliyet g\u00f6steren 20 Halk E\u011fitimi Merkezi ve 1 Olgunla\u015fma Enstit\u00fcs\u00fc ile toplam 21 kurumda 128 kadrolu \u00f6\u011fretmen, 40 m\u00fcd\u00fcr yard\u0131mc\u0131s\u0131 ve 389 usta \u00f6\u011fretici g\u00f6rev yapmakta. A\u00e7\u0131k \u00f6\u011fretim kapsam\u0131nda ise Bal\u0131kesir genelinde toplam 7 bin 938 \u00f6\u011frenci e\u011fitimine devam etmektedir.&#8221;<\/span><\/p>\n<p><strong><span style=\"font-family: arial, helvetica, sans-serif; font-size: 14px;\">Sergi a\u00e7\u0131l\u0131\u015f\u0131 b\u00fcy\u00fck ilgi g\u00f6rd\u00fc<br \/>\n<\/span><\/strong><span style=\"font-family: arial, helvetica, sans-serif; font-size: 14px;\">&#8220;\u00d6\u011fretmenin kaleminden, kursiyerin elinden, halk\u0131n i\u00e7inden g\u00f6n\u00fcllere nak\u015fedilen eserler&#8221; slogan\u0131yla d\u00fczenlenen Hayat Boyu \u00d6\u011frenme Haftas\u0131 sergisi a\u00e7\u0131l\u0131\u015ftan sonra kursiyerlerden olu\u015fan halk oyunlar\u0131 g\u00f6sterisinden sonra kat\u0131l\u0131mc\u0131lar, kursiyerlerin el eme\u011fi g\u00f6z nuru \u00fcr\u00fcnlerini yak\u0131ndan inceleme f\u0131rsat\u0131 buldu.<br \/>\n<\/span><span style=\"font-family: arial, helvetica, sans-serif; font-size: 14px;\">A\u00e7\u0131l\u0131\u015f Program\u0131na Bal\u0131kesir Valisi \u0130smail Ustao\u011flu, Karesi Kaymakam\u0131 Metin Arslanba\u015f, Alt\u0131eyl\u00fcl Kaymakam\u0131 Turgay Hakan Bilgin, \u0130l Milli E\u011fitim M\u00fcd\u00fcr\u00fc Murat Demir, il\u00e7e milli e\u011fitim m\u00fcd\u00fcrleri, \u015fube m\u00fcd\u00fcrleri, okul ve kurum m\u00fcd\u00fcrleri, usta \u00f6\u011fretiler ve kursiyerlerin kat\u0131l\u0131m\u0131yla ba\u015flad\u0131. \u0130HA<\/span><\/p>\n","protected":false},"excerpt":{"rendered":"<p>Hayat boyu \u00f6\u011frenmenin \u00f6nemine dikkat \u00e7ekmek ve bu bilinci toplum genelinde yayg\u0131nla\u015ft\u0131rmak amac\u0131yla d\u00fczenlenen Hayat Boyu \u00d6\u011frenme Haftas\u0131, Bal\u0131kesir\u2019de ger\u00e7ekle\u015ftirilen<\/p>\n","protected":false},"author":3,"featured_media":28650,"comment_status":"open","ping_status":"open","sticky":false,"template":"","format":"standard","meta":{"colormag_page_container_layout":"default_layout","colormag_page_sidebar_layout":"default_layout","footnotes":""},"categories":[45,1,5,8],"tags":[],"class_list":["post-28649","post","type-post","status-publish","format-standard","has-post-thumbnail","hentry","category-egitim","category-genel","category-gundem","category-siyaset"],"_links":{"self":[{"href":"https:\/\/marmarayerelhizmet.com\/index.php\/wp-json\/wp\/v2\/posts\/28649","targetHints":{"allow":["GET"]}}],"collection":[{"href":"https:\/\/marmarayerelhizmet.com\/index.php\/wp-json\/wp\/v2\/posts"}],"about":[{"href":"https:\/\/marmarayerelhizmet.com\/index.php\/wp-json\/wp\/v2\/types\/post"}],"author":[{"embeddable":true,"href":"https:\/\/marmarayerelhizmet.com\/index.php\/wp-json\/wp\/v2\/users\/3"}],"replies":[{"embeddable":true,"href":"https:\/\/marmarayerelhizmet.com\/index.php\/wp-json\/wp\/v2\/comments?post=28649"}],"version-history":[{"count":0,"href":"https:\/\/marmarayerelhizmet.com\/index.php\/wp-json\/wp\/v2\/posts\/28649\/revisions"}],"wp:featuredmedia":[{"embeddable":true,"href":"https:\/\/marmarayerelhizmet.com\/index.php\/wp-json\/wp\/v2\/media\/28650"}],"wp:attachment":[{"href":"https:\/\/marmarayerelhizmet.com\/index.php\/wp-json\/wp\/v2\/media?parent=28649"}],"wp:term":[{"taxonomy":"category","embeddable":true,"href":"https:\/\/marmarayerelhizmet.com\/index.php\/wp-json\/wp\/v2\/categories?post=28649"},{"taxonomy":"post_tag","embeddable":true,"href":"https:\/\/marmarayerelhizmet.com\/index.php\/wp-json\/wp\/v2\/tags?post=28649"}],"curies":[{"name":"wp","href":"https:\/\/api.w.org\/{rel}","templated":true}]}}