{"id":28643,"date":"2025-05-29T00:00:31","date_gmt":"2025-05-28T21:00:31","guid":{"rendered":"https:\/\/marmarayerelhizmet.com\/?p=28643"},"modified":"2025-05-28T18:12:40","modified_gmt":"2025-05-28T15:12:40","slug":"altieylulde-ekipler-tam-kadro-sahada","status":"publish","type":"post","link":"https:\/\/marmarayerelhizmet.com\/index.php\/2025\/05\/29\/altieylulde-ekipler-tam-kadro-sahada\/","title":{"rendered":"Alt\u0131eyl\u00fcl&#8217;de Ekipler Tam Kadro Sahada"},"content":{"rendered":"<p><span style=\"font-size: 14px;\"><strong><span style=\"font-family: arial, helvetica, sans-serif;\">Alt\u0131eyl\u00fcl Belediyesi, yaz mevsiminin gelmesiyle birlikte yang\u0131n riski olu\u015fturan otlar\u0131n temizli\u011fi ve park bak\u0131m \u00e7al\u0131\u015fmalar\u0131n\u0131 h\u0131zland\u0131rd\u0131. Fen \u0130\u015fleri ve Park Bah\u00e7eler M\u00fcd\u00fcrl\u00fckleri ekipleri, vatanda\u015flara daha h\u0131zl\u0131 ve etkili hizmet verebilmek i\u00e7in hafta sonlar\u0131 da \u00e7al\u0131\u015fmalar\u0131n\u0131 s\u00fcrd\u00fcr\u00fcyor.<br \/>\n<\/span><\/strong><\/span><br \/>\n<span style=\"font-size: 14px;\"><strong><span style=\"font-family: arial, helvetica, sans-serif;\">4 B\u0130N TON SICAK ASFALT SER\u0130LECEK<\/span><\/strong><\/span><br \/>\n<span style=\"font-family: arial, helvetica, sans-serif; font-size: 14px;\">Alt\u0131eyl\u00fcl Belediyesi, bahar bak\u0131m\u0131 ve yaza haz\u0131rl\u0131k \u00e7al\u0131\u015fmalar\u0131n\u0131 b\u00fcy\u00fck bir kararl\u0131l\u0131kla s\u00fcrd\u00fcr\u00fcyor. \u0130l\u00e7e merkezinde bulunan park, ye\u015fil alan, ba\u011flant\u0131l\u0131 ara arter yol kenarlar\u0131, cadde, bulvar, kald\u0131r\u0131m ve bo\u015f alanlarda yang\u0131n olu\u015fturabilecek otlar\u0131n bi\u00e7im ve temizlik i\u015flemleri kapsaml\u0131 bir \u015fekilde y\u00fcr\u00fct\u00fcl\u00fcyor. Fen \u0130\u015fleri ve Park Bah\u00e7eler M\u00fcd\u00fcrl\u00fckleri ekipleri, yaz ay\u0131n\u0131n gelmesiyle birlikte il\u00e7e genelinde uzayan yabani otlar, bah\u00e7e at\u0131klar\u0131 ve molozlardan olu\u015fabilecek yang\u0131n ve g\u00f6r\u00fcnt\u00fc kirlili\u011fini sistematik olarak ortadan kald\u0131r\u0131yor. Ekipler ayr\u0131ca parklarda bulunan oyun gruplar\u0131n\u0131n bak\u0131m ve onar\u0131m i\u015flemleri ile a\u011fa\u00e7lar\u0131n budama \u00e7al\u0131\u015fmalar\u0131n\u0131 da tamamlad\u0131. Sahada tam mesai \u00e7al\u0131\u015fan fen i\u015fleri ekipleri, Alt\u0131eyl\u00fcl s\u0131n\u0131rlar\u0131 i\u00e7erisinde bak\u0131m, tamirat ve onar\u0131m \u00e7al\u0131\u015fmalar\u0131n\u0131 ger\u00e7ekle\u015ftirdi. Belediye ekipleri yaz aylar\u0131nda altyap\u0131 \u00e7al\u0131\u015fmalar\u0131 kapsam\u0131nda 4 bin ton s\u0131cak asfalt kullanarak 60 bin metrekare parke ta\u015f\u0131 onar\u0131m ve bak\u0131m hizmeti sunacak.<br \/>\n<\/span><br \/>\n<span style=\"font-size: 14px;\"><strong><span style=\"font-family: arial, helvetica, sans-serif;\">YE\u015e\u0130L ALANLARIN BAKIMI YAPILIYOR<\/span><\/strong><\/span><br \/>\n<span style=\"font-family: arial, helvetica, sans-serif; font-size: 14px;\">K\u0131rsal mahallelerde ya\u015fayan \u00e7ift\u00e7ilerin \u00fcretim faaliyetlerini desteklemek amac\u0131yla tarla yollar\u0131n\u0131n a\u00e7\u0131lmas\u0131 \u00e7al\u0131\u015fmalar\u0131 da h\u0131zla devam ediyor. Yaz aylar\u0131nda k\u0131rsal mahallelerde ya\u015fayan \u00e7ift\u00e7ilerin tarla yollar\u0131n\u0131 da a\u00e7an belediye ekipleri, t\u00fcm imkanlar\u0131n\u0131 seferber etti. Alt\u0131eyl\u00fcl Belediye Ba\u015fkan\u0131 Hakan \u015eehirli, yaz\u0131n gelmesi ile birlikte vatanda\u015flardan yo\u011fun talep ald\u0131klar\u0131n\u0131 belirtti. Ba\u015fkan \u015eehirli, &#8220;Aktif ye\u015fil alanlar\u0131m\u0131zda hizmetlere aral\u0131ks\u0131z devam ediyoruz. Bu alanlarda daha iyi hizmet vermek i\u00e7in Park Bah\u00e7eler ve Fen \u0130\u015fleri M\u00fcd\u00fcrl\u00fcklerimiz her g\u00fcn farkl\u0131 bir mahallede hizmetlerini s\u00fcrd\u00fcr\u00fcyor. Alt\u0131eyl\u00fcl&#8217;de parklar\u0131n d\u0131\u015f\u0131nda, kald\u0131r\u0131m, ref\u00fcj, cadde, bulvar ve bo\u015f alanlarda temizlik yap\u0131yoruz&#8221; dedi.<br \/>\n<\/span><br \/>\n<span style=\"font-size: 14px;\"><strong><span style=\"font-family: arial, helvetica, sans-serif;\">TALEPLERE ANINDA M\u00dcDAHALE ED\u0130L\u0130YOR<\/span><\/strong><\/span><br \/>\n<span style=\"font-family: arial, helvetica, sans-serif; font-size: 14px;\">Vatanda\u015flardan gelen taleplere an\u0131nda cevap verdiklerini belirten Alt\u0131eyl\u00fcl Belediye Ba\u015fkan\u0131 Hakan \u015eehirli, &#8220;Alt\u0131eyl\u00fcl geni\u015f bir alana sahip. O y\u00fczden ekiplerimize takviye olarak di\u011fer m\u00fcd\u00fcrl\u00fcklerden de personel ilave ederek hafta sonlar\u0131 da bu temizli\u011fe devam ediyoruz&#8221; ifadelerini kulland\u0131. K\u0131rsal mahallelerde de hizmetlere devam ettiklerini belirten \u015eehirli, &#8220;Alt\u0131eyl\u00fcl Belediyesi olarak m\u00fccadelemiz, k\u00f6ylerimizin \u00fcretimine yard\u0131mc\u0131 olmak, \u00fcretimin \u00f6n\u00fcndeki engelleri kald\u0131rmakt\u0131r. Bu do\u011frultuda da at\u0131l yollar\u0131n iyile\u015ftirmesi ve tarla yollar\u0131n\u0131n a\u00e7\u0131lmas\u0131 i\u00e7in ekiplerimiz il\u00e7emizin k\u0131rsal mahallelerinde \u00e7al\u0131\u015fmalar\u0131na devam ediyor&#8221; \u015feklinde konu\u015ftu.<\/span><\/p>\n","protected":false},"excerpt":{"rendered":"<p>Alt\u0131eyl\u00fcl Belediyesi, yaz mevsiminin gelmesiyle birlikte yang\u0131n riski olu\u015fturan otlar\u0131n temizli\u011fi ve park bak\u0131m \u00e7al\u0131\u015fmalar\u0131n\u0131 h\u0131zland\u0131rd\u0131. Fen \u0130\u015fleri ve Park<\/p>\n","protected":false},"author":3,"featured_media":28644,"comment_status":"open","ping_status":"open","sticky":false,"template":"","format":"standard","meta":{"colormag_page_container_layout":"default_layout","colormag_page_sidebar_layout":"default_layout","footnotes":""},"categories":[1,5,8],"tags":[],"class_list":["post-28643","post","type-post","status-publish","format-standard","has-post-thumbnail","hentry","category-genel","category-gundem","category-siyaset"],"_links":{"self":[{"href":"https:\/\/marmarayerelhizmet.com\/index.php\/wp-json\/wp\/v2\/posts\/28643","targetHints":{"allow":["GET"]}}],"collection":[{"href":"https:\/\/marmarayerelhizmet.com\/index.php\/wp-json\/wp\/v2\/posts"}],"about":[{"href":"https:\/\/marmarayerelhizmet.com\/index.php\/wp-json\/wp\/v2\/types\/post"}],"author":[{"embeddable":true,"href":"https:\/\/marmarayerelhizmet.com\/index.php\/wp-json\/wp\/v2\/users\/3"}],"replies":[{"embeddable":true,"href":"https:\/\/marmarayerelhizmet.com\/index.php\/wp-json\/wp\/v2\/comments?post=28643"}],"version-history":[{"count":0,"href":"https:\/\/marmarayerelhizmet.com\/index.php\/wp-json\/wp\/v2\/posts\/28643\/revisions"}],"wp:featuredmedia":[{"embeddable":true,"href":"https:\/\/marmarayerelhizmet.com\/index.php\/wp-json\/wp\/v2\/media\/28644"}],"wp:attachment":[{"href":"https:\/\/marmarayerelhizmet.com\/index.php\/wp-json\/wp\/v2\/media?parent=28643"}],"wp:term":[{"taxonomy":"category","embeddable":true,"href":"https:\/\/marmarayerelhizmet.com\/index.php\/wp-json\/wp\/v2\/categories?post=28643"},{"taxonomy":"post_tag","embeddable":true,"href":"https:\/\/marmarayerelhizmet.com\/index.php\/wp-json\/wp\/v2\/tags?post=28643"}],"curies":[{"name":"wp","href":"https:\/\/api.w.org\/{rel}","templated":true}]}}