{"id":28639,"date":"2025-05-19T17:57:46","date_gmt":"2025-05-19T14:57:46","guid":{"rendered":"https:\/\/marmarayerelhizmet.com\/?p=28639"},"modified":"2025-05-21T17:58:37","modified_gmt":"2025-05-21T14:58:37","slug":"baskan-sehhirliden-moral-ziyareti","status":"publish","type":"post","link":"https:\/\/marmarayerelhizmet.com\/index.php\/2025\/05\/19\/baskan-sehhirliden-moral-ziyareti\/","title":{"rendered":"Ba\u015fkan \u015eehhirli\u2019den Moral Ziyareti"},"content":{"rendered":"<div class=\"tg-post\">\n<article id=\"post-42751\" class=\"post-42751 post type-post status-publish format-standard has-post-thumbnail hentry category-genel category-ilceler category-siyaset category-spor\">\n<div class=\"cm-post-content\">\n<div class=\"cm-entry-summary\">\n<p><span style=\"font-family: arial, helvetica, sans-serif; font-size: 14px;\"><strong>Alt\u0131eyl\u00fcl Belediye Ba\u015fkan\u0131 Hakan \u015eehirli, tarihi play-off ma\u00e7\u0131 \u00f6ncesinde Bal\u0131kesirspor formas\u0131n\u0131 giyerek futbolculara moral deste\u011finde bulundu. Ma\u00e7 \u00f6ncesi tesislerde K\u0131rm\u0131z\u0131-beyazl\u0131 ekibi ziyaret eden Ba\u015fkan \u015eehirli, futbolcular ve teknik heyetle bir araya gelerek \u00f6nemli mesajlar verdi.<\/strong><\/span><\/p>\n<p><span style=\"font-family: arial, helvetica, sans-serif; font-size: 14px;\">Tak\u0131mla ger\u00e7ekle\u015ftirilen toplant\u0131da konu\u015fan Ba\u015fkan \u015eehirli, t\u00fcm \u015fehrin Bal\u0131kesirspor\u2019un arkas\u0131nda oldu\u011funu vurgulad\u0131. \u015eehirli, \u201cB\u00fct\u00fcn \u015fehir ayakta. Bu ak\u015famki zaferi bekliyor. Biz sizlere inan\u0131yoruz ve g\u00fcveniyoruz. Bug\u00fcn burada, binlerce Bal\u0131kesirsporlunun \u00f6n\u00fcnde zaferle finale \u00e7\u0131kaca\u011f\u0131m\u0131za inanc\u0131m tam\u201d dedi.<\/span><\/p>\n<p><span style=\"font-family: arial, helvetica, sans-serif; font-size: 14px;\"><strong>\u201cVERD\u0130\u011e\u0130N\u0130Z EMEKLERE \u015eAH\u0130D\u0130Z\u201d<\/strong><\/span><br \/>\n<span style=\"font-family: arial, helvetica, sans-serif; font-size: 14px;\">Futbolcular\u0131n sezon boyunca g\u00f6sterdi\u011fi \u00e7abaya da de\u011finen \u015eehirli, \u201cYeter ki r\u00fczgar arkam\u0131zda olsun. Sizin 2. Lig\u2019e \u00e7\u0131kaca\u011f\u0131n\u0131za ve verdi\u011finiz emeklere hepimiz \u015fahidiz. Siz sahada sava\u015facaks\u0131n\u0131z, biz de trib\u00fcnde size destek olaca\u011f\u0131z. Allah yard\u0131mc\u0131n\u0131z olsun, sonu g\u00fczel olsun\u201d ifadelerini kulland\u0131.<\/span><\/p>\n<p><span style=\"font-family: arial, helvetica, sans-serif; font-size: 14px;\"><strong>TEK Y\u00dcREK OLDULAR<\/strong><\/span><br \/>\n<span style=\"font-family: arial, helvetica, sans-serif; font-size: 14px;\">Moral konu\u015fmas\u0131n\u0131n ard\u0131ndan Bal\u0131kesirsporlu futbolcular, Ba\u015fkan Hakan \u015eehirli\u2019ye galibiyet s\u00f6z\u00fc vererek tek y\u00fcrek olduklar\u0131n\u0131 g\u00f6sterdi. Alt\u0131eyl\u00fcl Belediye Ba\u015fkan\u0131 Hakan \u015eehirli ise t\u00fcm tak\u0131ma baklava\u00a0ikram\u00a0etti.<\/span><\/p>\n<\/div>\n<\/div>\n<\/article>\n<\/div>\n<ul class=\"default-wp-page\">\n<li class=\"previous\"><\/li>\n<\/ul>\n","protected":false},"excerpt":{"rendered":"<p>Alt\u0131eyl\u00fcl Belediye Ba\u015fkan\u0131 Hakan \u015eehirli, tarihi play-off ma\u00e7\u0131 \u00f6ncesinde Bal\u0131kesirspor formas\u0131n\u0131 giyerek futbolculara moral deste\u011finde bulundu. Ma\u00e7 \u00f6ncesi tesislerde K\u0131rm\u0131z\u0131-beyazl\u0131<\/p>\n","protected":false},"author":3,"featured_media":28640,"comment_status":"open","ping_status":"open","sticky":false,"template":"","format":"standard","meta":{"colormag_page_container_layout":"default_layout","colormag_page_sidebar_layout":"default_layout","footnotes":""},"categories":[1,5,8,9],"tags":[],"class_list":["post-28639","post","type-post","status-publish","format-standard","has-post-thumbnail","hentry","category-genel","category-gundem","category-siyaset","category-spor"],"_links":{"self":[{"href":"https:\/\/marmarayerelhizmet.com\/index.php\/wp-json\/wp\/v2\/posts\/28639","targetHints":{"allow":["GET"]}}],"collection":[{"href":"https:\/\/marmarayerelhizmet.com\/index.php\/wp-json\/wp\/v2\/posts"}],"about":[{"href":"https:\/\/marmarayerelhizmet.com\/index.php\/wp-json\/wp\/v2\/types\/post"}],"author":[{"embeddable":true,"href":"https:\/\/marmarayerelhizmet.com\/index.php\/wp-json\/wp\/v2\/users\/3"}],"replies":[{"embeddable":true,"href":"https:\/\/marmarayerelhizmet.com\/index.php\/wp-json\/wp\/v2\/comments?post=28639"}],"version-history":[{"count":0,"href":"https:\/\/marmarayerelhizmet.com\/index.php\/wp-json\/wp\/v2\/posts\/28639\/revisions"}],"wp:featuredmedia":[{"embeddable":true,"href":"https:\/\/marmarayerelhizmet.com\/index.php\/wp-json\/wp\/v2\/media\/28640"}],"wp:attachment":[{"href":"https:\/\/marmarayerelhizmet.com\/index.php\/wp-json\/wp\/v2\/media?parent=28639"}],"wp:term":[{"taxonomy":"category","embeddable":true,"href":"https:\/\/marmarayerelhizmet.com\/index.php\/wp-json\/wp\/v2\/categories?post=28639"},{"taxonomy":"post_tag","embeddable":true,"href":"https:\/\/marmarayerelhizmet.com\/index.php\/wp-json\/wp\/v2\/tags?post=28639"}],"curies":[{"name":"wp","href":"https:\/\/api.w.org\/{rel}","templated":true}]}}