{"id":28636,"date":"2025-05-20T17:53:46","date_gmt":"2025-05-20T14:53:46","guid":{"rendered":"https:\/\/marmarayerelhizmet.com\/?p=28636"},"modified":"2025-05-21T17:55:41","modified_gmt":"2025-05-21T14:55:41","slug":"engel-tanimayan-bayram-kutlamasi","status":"publish","type":"post","link":"https:\/\/marmarayerelhizmet.com\/index.php\/2025\/05\/20\/engel-tanimayan-bayram-kutlamasi\/","title":{"rendered":"Engel Tan\u0131mayan Bayram Kutlamas\u0131"},"content":{"rendered":"<p><strong><span style=\"font-family: arial, helvetica, sans-serif; font-size: 14px;\">Alt\u0131eyl\u00fcl Belediyesi, 19 May\u0131s Atat\u00fcrk&#8217;\u00fc Anma, Gen\u00e7lik ve Spor Bayram\u0131&#8217;n\u0131 \u00f6zel gereksinimli bireyler ve vatanda\u015flar\u0131n kat\u0131l\u0131m\u0131yla co\u015fkulu etkinliklerle kutlad\u0131. &#8220;Engelsiz Kula\u00e7lar&#8221; etkinli\u011fi ve T\u00fcrk m\u00fczi\u011fi konseriyle renklenen programda, bayram co\u015fkusu doyas\u0131ya ya\u015fan\u0131yor.<br \/>\n<\/span><\/strong><br \/>\n<strong><span style=\"font-family: arial, helvetica, sans-serif; font-size: 14px;\">BAYRAMIN TADINI \u00c7IKARDILAR<\/span><\/strong><br \/>\n<span style=\"font-family: arial, helvetica, sans-serif; font-size: 14px;\">Alt\u0131eyl\u00fcl Belediyesi, Bal\u0131kesir B\u00fcy\u00fck\u015fehir Belediyesi, Alt\u0131eyl\u00fcl Kent Konseyi Engelsiz \u015eehir Meclisi ve Bal\u0131kesir Kent Konseyi Engelsiz \u015eehir Bal\u0131kesir i\u015fbirli\u011fiyle d\u00fczenlenen &#8220;Engelsiz Kula\u00e7lar&#8221; etkinli\u011fi, 19 May\u0131s Atat\u00fcrk&#8217;\u00fc Anma, Gen\u00e7lik ve Spor Bayram\u0131 kutlamalar\u0131 kapsam\u0131nda Gazi Mustafa Kemal Atat\u00fcrk Ya\u015fam Kompleksi y\u00fczme havuzunda ger\u00e7ekle\u015ftirildi. Etkinli\u011fe kat\u0131lan 20 \u00f6zel gereksinimli birey, y\u00fczme havuzunda d\u00fczenlenen aktivitelerle e\u011flenceli dakikalar ge\u00e7irdi. Kat\u0131l\u0131mc\u0131lar, uzman e\u011fitmenler e\u015fli\u011finde y\u00fczme aktivitelerine kat\u0131larak engellerin sporla nas\u0131l a\u015f\u0131labilece\u011fini g\u00f6sterdi.<br \/>\n<\/span><br \/>\n<strong><span style=\"font-family: arial, helvetica, sans-serif; font-size: 14px;\">BA\u015eKAN \u015eEH\u0130RL\u0130 \u0130LE KUCAKLA\u015eTILAR<\/span><\/strong><br \/>\n<span style=\"font-family: arial, helvetica, sans-serif; font-size: 14px;\">Y\u00fczme etkinli\u011finin ard\u0131ndan d\u00fczenlenen \u00f6zel bir t\u00f6renle, kat\u0131l\u0131mc\u0131lara Alt\u0131eyl\u00fcl Belediye Ba\u015fkan\u0131 Hakan \u015eehirli taraf\u0131ndan madalya ve belgeler takdim edildi. Ba\u015fkan \u015eehirli, t\u00f6rende yapt\u0131\u011f\u0131 konu\u015fmada, &#8220;19 May\u0131s ruhunu en g\u00fczel \u015fekilde ya\u015fatan \u00f6zel misafirlerimizle bir arada olmaktan b\u00fcy\u00fck mutluluk duyuyoruz. Engel tan\u0131mayan vatanda\u015flar\u0131m\u0131z\u0131n azmi ve kararl\u0131l\u0131\u011f\u0131 hepimize \u00f6rnek oluyor&#8221; ifadelerini kulland\u0131. Madalya t\u00f6reninin ard\u0131ndan \u00f6zel gereksinimli bireyler, Ba\u015fkan \u015eehirli ile samimi anlarda bir araya gelerek bayram co\u015fkusunu payla\u015ft\u0131.<br \/>\n<\/span><br \/>\n<strong><span style=\"font-family: arial, helvetica, sans-serif; font-size: 14px;\">M\u00dcZ\u0130K Z\u0130YAFET\u0130YLE KAPANI\u015e<\/span><\/strong><br \/>\n<span style=\"font-family: arial, helvetica, sans-serif; font-size: 14px;\">19 May\u0131s Bayram\u0131 kutlamalar\u0131n\u0131n kapan\u0131\u015f etkinli\u011fi, Asuva Ay Y\u0131ld\u0131z Amfi Tiyatro&#8217;da ger\u00e7ekle\u015ftirilen muhte\u015fem bir konserle ta\u00e7land\u0131r\u0131ld\u0131. \u015eef Bora Balo\u011flu y\u00f6netimindeki Bal\u0131kesir Sanat Toplulu\u011fu T\u00fcrk M\u00fczi\u011fi Korosu, sanatseverlere unutulmaz bir m\u00fczik ziyafeti sundu. Konserde, T\u00fcrk m\u00fczi\u011finin sevilen eserleri seslendirilirken, vatanda\u015flar bayram co\u015fkusunu m\u00fczi\u011fin birle\u015ftirici g\u00fcc\u00fcyle ya\u015fad\u0131. Yo\u011fun kat\u0131l\u0131mla ger\u00e7ekle\u015fen konser, izleyicilerden b\u00fcy\u00fck alk\u0131\u015f ald\u0131 ve g\u00f6rkemli bir final ile sonland\u0131r\u0131ld\u0131. Alt\u0131eyl\u00fcl\u2019de bayram\u0131n co\u015fkusu konserler ve etkinliklerle 2 g\u00fcn daha\u00a0devam\u00a0edecek.<\/span><\/p>\n","protected":false},"excerpt":{"rendered":"<p>Alt\u0131eyl\u00fcl Belediyesi, 19 May\u0131s Atat\u00fcrk&#8217;\u00fc Anma, Gen\u00e7lik ve Spor Bayram\u0131&#8217;n\u0131 \u00f6zel gereksinimli bireyler ve vatanda\u015flar\u0131n kat\u0131l\u0131m\u0131yla co\u015fkulu etkinliklerle kutlad\u0131. &#8220;Engelsiz<\/p>\n","protected":false},"author":3,"featured_media":28637,"comment_status":"open","ping_status":"open","sticky":false,"template":"","format":"standard","meta":{"colormag_page_container_layout":"default_layout","colormag_page_sidebar_layout":"default_layout","footnotes":""},"categories":[1,5,8],"tags":[],"class_list":["post-28636","post","type-post","status-publish","format-standard","has-post-thumbnail","hentry","category-genel","category-gundem","category-siyaset"],"_links":{"self":[{"href":"https:\/\/marmarayerelhizmet.com\/index.php\/wp-json\/wp\/v2\/posts\/28636","targetHints":{"allow":["GET"]}}],"collection":[{"href":"https:\/\/marmarayerelhizmet.com\/index.php\/wp-json\/wp\/v2\/posts"}],"about":[{"href":"https:\/\/marmarayerelhizmet.com\/index.php\/wp-json\/wp\/v2\/types\/post"}],"author":[{"embeddable":true,"href":"https:\/\/marmarayerelhizmet.com\/index.php\/wp-json\/wp\/v2\/users\/3"}],"replies":[{"embeddable":true,"href":"https:\/\/marmarayerelhizmet.com\/index.php\/wp-json\/wp\/v2\/comments?post=28636"}],"version-history":[{"count":0,"href":"https:\/\/marmarayerelhizmet.com\/index.php\/wp-json\/wp\/v2\/posts\/28636\/revisions"}],"wp:featuredmedia":[{"embeddable":true,"href":"https:\/\/marmarayerelhizmet.com\/index.php\/wp-json\/wp\/v2\/media\/28637"}],"wp:attachment":[{"href":"https:\/\/marmarayerelhizmet.com\/index.php\/wp-json\/wp\/v2\/media?parent=28636"}],"wp:term":[{"taxonomy":"category","embeddable":true,"href":"https:\/\/marmarayerelhizmet.com\/index.php\/wp-json\/wp\/v2\/categories?post=28636"},{"taxonomy":"post_tag","embeddable":true,"href":"https:\/\/marmarayerelhizmet.com\/index.php\/wp-json\/wp\/v2\/tags?post=28636"}],"curies":[{"name":"wp","href":"https:\/\/api.w.org\/{rel}","templated":true}]}}