{"id":28630,"date":"2025-05-18T18:22:03","date_gmt":"2025-05-18T15:22:03","guid":{"rendered":"https:\/\/marmarayerelhizmet.com\/?p=28630"},"modified":"2025-05-18T18:22:03","modified_gmt":"2025-05-18T15:22:03","slug":"balikesirde-itfaiyeden-yangina-ilk-mudahale-egitimi","status":"publish","type":"post","link":"https:\/\/marmarayerelhizmet.com\/index.php\/2025\/05\/18\/balikesirde-itfaiyeden-yangina-ilk-mudahale-egitimi\/","title":{"rendered":"Bal\u0131kesir&#8217;de \u0130tfaiyeden Yang\u0131na \u0130lk M\u00fcdahale E\u011fitimi"},"content":{"rendered":"<div class=\"tg-post\">\n<article id=\"post-42740\" class=\"post-42740 post type-post status-publish format-standard has-post-thumbnail hentry category-genel category-siyaset\">\n<div class=\"cm-post-content\">\n<div class=\"cm-entry-summary\">\n<p><span style=\"font-family: arial, helvetica, sans-serif; font-size: 14px;\"><strong>Bal\u0131kesir \u0130tfaiye Daire Ba\u015fkanl\u0131\u011f\u0131 taraf\u0131ndan Kara Kuvvetleri Komutanl\u0131\u011f\u0131 Bak\u0131m M\u00fchimmat Okulu ve E\u011fitim Merkezi Komutanl\u0131\u011f\u0131\u2019nda g\u00f6revli 341 askeri personele yang\u0131na ilk m\u00fcdahale e\u011fitimi verildi. Askeri itfaiye ve Bal\u0131kesir Orman B\u00f6lge M\u00fcd\u00fcrl\u00fc\u011f\u00fc yang\u0131n ekiplerinin de kat\u0131ld\u0131\u011f\u0131 e\u011fitimde ortak yang\u0131n s\u00f6nd\u00fcrme tatbikat\u0131 yap\u0131ld\u0131.<\/strong><\/span><\/p>\n<p><span style=\"font-family: arial, helvetica, sans-serif; font-size: 14px;\">Bal\u0131kesir \u0130tfaiye Daire Ba\u015fkanl\u0131\u011f\u0131, kamu kurum ve kurulu\u015flar\u0131 ile \u00f6zel kurulu\u015f personeli i\u00e7in d\u00fczenledi\u011fi e\u011fitim programlar\u0131n\u0131 s\u00fcrd\u00fcr\u00fcyor. Bu kapsamda Bal\u0131kesir B\u00fcy\u00fck\u015fehir Belediyesi \u0130tfaiye Daire Ba\u015fkanl\u0131\u011f\u0131 g\u00f6revlileri taraf\u0131ndan Kara Kuvvetleri Komutanl\u0131\u011f\u0131 Bak\u0131m M\u00fchimmat Okulu ve E\u011fitim Merkezi Komutanl\u0131\u011f\u0131\u2019ndaki 341 askeri personele yang\u0131n s\u00f6nd\u00fcrme e\u011fitimi verildi. Yang\u0131n ekipmanlar\u0131n\u0131n tan\u0131t\u0131ld\u0131\u011f\u0131 e\u011fitimlerde ilk yang\u0131n an\u0131nda do\u011fru m\u00fcdahale y\u00f6ntemleri, orman yang\u0131nlar\u0131 ve mesken yang\u0131nlar\u0131nda yap\u0131lmas\u0131 gerekenler anlat\u0131ld\u0131.<\/span><\/p>\n<p><span style=\"font-family: arial, helvetica, sans-serif; font-size: 14px;\"><strong>Ortak tatbikat<br \/>\n<\/strong>Kara Kuvvetleri Komutanl\u0131\u011f\u0131 Bak\u0131m M\u00fchimmat Okulu ve E\u011fitim Merkezi Komutanl\u0131\u011f\u0131\u2019ndaki teorik e\u011fitimlerin ard\u0131ndan Bal\u0131kesir B\u00fcy\u00fck\u015fehir Belediyesi \u0130tfaiye Daire Ba\u015fkanl\u0131\u011f\u0131, Bal\u0131kesir Orman B\u00f6lge M\u00fcd\u00fcrl\u00fc\u011f\u00fc yang\u0131n ekibi ve Askeri \u0130tfaiye Ekip Komutanl\u0131\u011f\u0131 ortak tatbikat ger\u00e7ekle\u015ftirdi. Tatbikatta ger\u00e7ek bir yang\u0131n sahnesi canland\u0131r\u0131larak do\u011fru m\u00fcdahalenin \u00f6nemi anlat\u0131ld\u0131. Askeri personel, tatbikat s\u0131ras\u0131nda yang\u0131n s\u00f6nd\u00fcrme tekniklerini birebir deneyimleyerek \u00f6\u011frendi. Kurum i\u00e7i g\u00fcvenli\u011fi art\u0131ran e\u011fitimler sayesinde e\u011fitimlere kat\u0131lan personel, sahada kar\u015f\u0131la\u015ft\u0131\u011f\u0131 acil durumlara daha bilin\u00e7li, haz\u0131rl\u0131kl\u0131 ve h\u0131zl\u0131 m\u00fcdahale edebilecek. \u0130HA<\/span><\/p>\n<\/div>\n<\/div>\n<\/article>\n<\/div>\n","protected":false},"excerpt":{"rendered":"<p>Bal\u0131kesir \u0130tfaiye Daire Ba\u015fkanl\u0131\u011f\u0131 taraf\u0131ndan Kara Kuvvetleri Komutanl\u0131\u011f\u0131 Bak\u0131m M\u00fchimmat Okulu ve E\u011fitim Merkezi Komutanl\u0131\u011f\u0131\u2019nda g\u00f6revli 341 askeri personele yang\u0131na<\/p>\n","protected":false},"author":3,"featured_media":28631,"comment_status":"open","ping_status":"open","sticky":false,"template":"","format":"standard","meta":{"colormag_page_container_layout":"default_layout","colormag_page_sidebar_layout":"default_layout","footnotes":""},"categories":[1,5,8],"tags":[],"class_list":["post-28630","post","type-post","status-publish","format-standard","has-post-thumbnail","hentry","category-genel","category-gundem","category-siyaset"],"_links":{"self":[{"href":"https:\/\/marmarayerelhizmet.com\/index.php\/wp-json\/wp\/v2\/posts\/28630","targetHints":{"allow":["GET"]}}],"collection":[{"href":"https:\/\/marmarayerelhizmet.com\/index.php\/wp-json\/wp\/v2\/posts"}],"about":[{"href":"https:\/\/marmarayerelhizmet.com\/index.php\/wp-json\/wp\/v2\/types\/post"}],"author":[{"embeddable":true,"href":"https:\/\/marmarayerelhizmet.com\/index.php\/wp-json\/wp\/v2\/users\/3"}],"replies":[{"embeddable":true,"href":"https:\/\/marmarayerelhizmet.com\/index.php\/wp-json\/wp\/v2\/comments?post=28630"}],"version-history":[{"count":0,"href":"https:\/\/marmarayerelhizmet.com\/index.php\/wp-json\/wp\/v2\/posts\/28630\/revisions"}],"wp:featuredmedia":[{"embeddable":true,"href":"https:\/\/marmarayerelhizmet.com\/index.php\/wp-json\/wp\/v2\/media\/28631"}],"wp:attachment":[{"href":"https:\/\/marmarayerelhizmet.com\/index.php\/wp-json\/wp\/v2\/media?parent=28630"}],"wp:term":[{"taxonomy":"category","embeddable":true,"href":"https:\/\/marmarayerelhizmet.com\/index.php\/wp-json\/wp\/v2\/categories?post=28630"},{"taxonomy":"post_tag","embeddable":true,"href":"https:\/\/marmarayerelhizmet.com\/index.php\/wp-json\/wp\/v2\/tags?post=28630"}],"curies":[{"name":"wp","href":"https:\/\/api.w.org\/{rel}","templated":true}]}}