{"id":28627,"date":"2025-05-19T00:00:47","date_gmt":"2025-05-18T21:00:47","guid":{"rendered":"https:\/\/marmarayerelhizmet.com\/?p=28627"},"modified":"2025-05-19T00:01:55","modified_gmt":"2025-05-18T21:01:55","slug":"baskan-sehirliden-genlere-mesaj","status":"publish","type":"post","link":"https:\/\/marmarayerelhizmet.com\/index.php\/2025\/05\/19\/baskan-sehirliden-genlere-mesaj\/","title":{"rendered":"Ba\u015fkan \u015eehirli&#8217;den Genlere Mesaj"},"content":{"rendered":"<p><span style=\"font-family: arial, helvetica, sans-serif; font-size: 14px;\"><strong>Alt\u0131eyl\u00fcl Belediye Ba\u015fkan\u0131 Hakan \u015eehirli, 19 May\u0131s Atat\u00fcrk&#8217;\u00fc Anma, Gen\u00e7lik ve Spor Bayram\u0131 dolay\u0131s\u0131yla bir kutlama mesaj\u0131 yay\u0131mlad\u0131.<br \/>\n<\/strong><\/span><br \/>\n<span style=\"font-family: arial, helvetica, sans-serif; font-size: 14px;\">Ba\u015fkan Hakan \u015eehirli &#8220;19 May\u0131s, milletimizin ba\u011f\u0131ms\u0131zl\u0131k me\u015falesinin yak\u0131ld\u0131\u011f\u0131, kurtulu\u015f m\u00fccadelemizin ba\u015flad\u0131\u011f\u0131 g\u00fcnd\u00fcr. Gazi Mustafa Kemal Atat\u00fcrk&#8217;\u00fcn Samsun&#8217;a \u00e7\u0131k\u0131\u015f\u0131yla ba\u015flayan bu kutlu yolculuk, aziz milletimizin destans\u0131 direni\u015fiyle zafere ula\u015fm\u0131\u015ft\u0131r. Bug\u00fcn, bu \u015fanl\u0131 tarihi ya\u015fatmak ve gen\u00e7lerimize emanet etmek en b\u00fcy\u00fck sorumlulu\u011fumuzdur. Gen\u00e7lerimiz gelece\u011fimizin teminat\u0131, yar\u0131nlar\u0131m\u0131z\u0131n umududur. Onlar\u0131n e\u011fitimi, geli\u015fimi ve ba\u015far\u0131s\u0131 i\u00e7in t\u00fcm imkanlar\u0131m\u0131z\u0131 seferber etmeye devam edece\u011fiz. Alt\u0131eyl\u00fcl Belediyesi olarak gen\u00e7lerimizin spor, k\u00fclt\u00fcr, sanat ve bilim alanlar\u0131nda kendilerini geli\u015ftirmeleri i\u00e7in projeler \u00fcretmeye, tesisler in\u015fa etmeye devam ediyoruz. Atat\u00fcrk&#8217;\u00fcn izinde, milli ve manevi de\u011ferlerine ba\u011fl\u0131, \u00e7a\u011fda\u015f gen\u00e7ler yeti\u015ftirmek i\u00e7in var g\u00fcc\u00fcm\u00fczle \u00e7al\u0131\u015f\u0131yoruz. Bu duygu ve d\u00fc\u015f\u00fcncelerle ba\u015fta Gazi Mustafa Kemal Atat\u00fcrk olmak \u00fczere, \u0130stiklal m\u00fccadelemizin t\u00fcm kahramanlar\u0131n\u0131 rahmet ve minnetle an\u0131yor, t\u00fcm hem\u015fehrilerimizin ve gen\u00e7lerimizin 19 May\u0131s Atat\u00fcrk&#8217;\u00fc Anma, Gen\u00e7lik ve Spor Bayram\u0131&#8217;n\u0131 kutluyorum.&#8221; dedi.<\/span><\/p>\n","protected":false},"excerpt":{"rendered":"<p>Alt\u0131eyl\u00fcl Belediye Ba\u015fkan\u0131 Hakan \u015eehirli, 19 May\u0131s Atat\u00fcrk&#8217;\u00fc Anma, Gen\u00e7lik ve Spor Bayram\u0131 dolay\u0131s\u0131yla bir kutlama mesaj\u0131 yay\u0131mlad\u0131. Ba\u015fkan Hakan<\/p>\n","protected":false},"author":3,"featured_media":28628,"comment_status":"open","ping_status":"open","sticky":false,"template":"","format":"standard","meta":{"colormag_page_container_layout":"default_layout","colormag_page_sidebar_layout":"default_layout","footnotes":""},"categories":[1,5,8],"tags":[],"class_list":["post-28627","post","type-post","status-publish","format-standard","has-post-thumbnail","hentry","category-genel","category-gundem","category-siyaset"],"_links":{"self":[{"href":"https:\/\/marmarayerelhizmet.com\/index.php\/wp-json\/wp\/v2\/posts\/28627","targetHints":{"allow":["GET"]}}],"collection":[{"href":"https:\/\/marmarayerelhizmet.com\/index.php\/wp-json\/wp\/v2\/posts"}],"about":[{"href":"https:\/\/marmarayerelhizmet.com\/index.php\/wp-json\/wp\/v2\/types\/post"}],"author":[{"embeddable":true,"href":"https:\/\/marmarayerelhizmet.com\/index.php\/wp-json\/wp\/v2\/users\/3"}],"replies":[{"embeddable":true,"href":"https:\/\/marmarayerelhizmet.com\/index.php\/wp-json\/wp\/v2\/comments?post=28627"}],"version-history":[{"count":0,"href":"https:\/\/marmarayerelhizmet.com\/index.php\/wp-json\/wp\/v2\/posts\/28627\/revisions"}],"wp:featuredmedia":[{"embeddable":true,"href":"https:\/\/marmarayerelhizmet.com\/index.php\/wp-json\/wp\/v2\/media\/28628"}],"wp:attachment":[{"href":"https:\/\/marmarayerelhizmet.com\/index.php\/wp-json\/wp\/v2\/media?parent=28627"}],"wp:term":[{"taxonomy":"category","embeddable":true,"href":"https:\/\/marmarayerelhizmet.com\/index.php\/wp-json\/wp\/v2\/categories?post=28627"},{"taxonomy":"post_tag","embeddable":true,"href":"https:\/\/marmarayerelhizmet.com\/index.php\/wp-json\/wp\/v2\/tags?post=28627"}],"curies":[{"name":"wp","href":"https:\/\/api.w.org\/{rel}","templated":true}]}}