{"id":28624,"date":"2025-05-16T15:25:39","date_gmt":"2025-05-16T12:25:39","guid":{"rendered":"https:\/\/marmarayerelhizmet.com\/?p=28624"},"modified":"2025-05-16T23:26:24","modified_gmt":"2025-05-16T20:26:24","slug":"55-okul-yaptiran-44-hayirseverlerle-bulustu","status":"publish","type":"post","link":"https:\/\/marmarayerelhizmet.com\/index.php\/2025\/05\/16\/55-okul-yaptiran-44-hayirseverlerle-bulustu\/","title":{"rendered":"55 Okul Yapt\u0131ran 44 Hay\u0131rseverlerle Bulu\u015ftu"},"content":{"rendered":"<p><strong><span style=\"font-family: arial, helvetica, sans-serif; font-size: 14px;\">Milli E\u011fitim Bakan\u0131 Yusuf Tekin, Bal\u0131kesir\u2019de 55 okul yapt\u0131ran 44 hay\u0131rseverle bir araya geldi. Hay\u0131rseverlere te\u015fekk\u00fcr eden Tekin, T\u00fcrkiye\u2019deki hay\u0131rseverlik \u00f6rne\u011finin d\u00fcnyan\u0131n hi\u00e7bir yerinde olmad\u0131\u011f\u0131n\u0131 s\u00f6yledi.<\/span><\/strong><\/p>\n<p><span style=\"font-family: arial, helvetica, sans-serif; font-size: 14px;\">Bal\u0131kesir \u00d6\u011fretmenevi\u2019nde 44 hay\u0131rsever ile ak\u015fam yeme\u011finde bir araya gelen Milli E\u011fitim Bakan\u0131 Yusuf Tekin, hay\u0131rseverlere plaket vererek te\u015fekk\u00fcrlerini sundu. Bakan Tekin, &#8220;\u00d6nce \u015funu s\u00f6yleyeyim. Bu kadar zorluk i\u00e7erisinde i\u015fimizi e\u011fitim \u00f6\u011fretim s\u00fcre\u00e7leriyle ilgili ya\u015fanan yeniliklere uygun bir bi\u00e7imde yapmaya \u00e7al\u0131\u015f\u0131yoruz. Bunlardan bir tanesi biraz \u00f6nce milletvekilimiz s\u00f6yledi; T\u00fcrkiye Y\u00fczy\u0131l\u0131 Maarif Modelimiz. \u00dczerinde \u00e7ok fazla spek\u00fclasyon yap\u0131lan, alg\u0131 olu\u015fturulan konulardan bir tanesi. Defalarca s\u00f6yledi\u011fimiz bir \u015feyi bug\u00fcn bu kadar hay\u0131rseveri bir arada g\u00f6rm\u00fc\u015fken bir kez daha s\u00f6yleyelim. T\u00fcrkiye i\u00e7in maarif modeliyle yapt\u0131\u011f\u0131m\u0131z iki ana de\u011fi\u015fiklikten bir tanesi, d\u00fcnyada e\u011fitim \u00f6\u011fretim s\u00fcre\u00e7leriyle ilgili olarak art\u0131k e\u011fitim bilgi vermek de\u011fil. Bilgi g\u00fcndelik hayatta beceriye d\u00f6n\u00fc\u015ft\u00fcrmek \u00fczerine kurguland\u0131\u011f\u0131 i\u00e7in, b\u00f6yle yap\u0131land\u0131\u011f\u0131 i\u00e7in biz dedik ki biz de e\u011fitim \u00f6\u011fretim sistemlerimizi buna g\u00f6re revize etmeliyiz. De\u011fi\u015ftirmezsek, \u00e7a\u011f\u0131n gerisinde kal\u0131rsak do\u011fru bir \u015fey mi yapm\u0131\u015f olaca\u011f\u0131z? Yoksa yak\u0131nda de\u011fi\u015ftirmi\u015ftik, bir daha de\u011fi\u015ftirirsek mi diyece\u011fiz. Bak\u0131n \u00e7ok basit bir \u00f6rnek de\u011fil. Elinizdeki cep telefonlar\u0131 veya elinizdeki teknolojik aletler belli aral\u0131klarla de\u011fi\u015ftirmedi\u011finiz zaman demode oluyor. \u00c7ocuklar mesela \u015fimdi disketin ne oldu\u011funu bilmiyorlar. Biz \u015fu anda okullar\u0131m\u0131zda disketli bilgisayarlar kulland\u0131rsak iyi bir \u015fey mi yapm\u0131\u015f oluruz? E\u011fitim \u00f6\u011fretim s\u00fcre\u00e7leri de b\u00f6yle. Bilgiye eri\u015fimin \u00e7ok g\u00fc\u00e7 oldu\u011fu d\u00f6nemlerde haz\u0131rlanan programlar \u00e7ocuklara bilgi vermeyi hedefliyordu. Biz dedik ki art\u0131k vermeyelim. \u00c7ocuklar\u0131m\u0131z, gen\u00e7lerimiz bilgi eri\u015fiminde \u00e7ok fazla metotla, \u00e7ok fazla enstr\u00fcmanla kar\u015f\u0131 kar\u015f\u0131yalar zaten. Elde ettikleri bilgileri g\u00fcndelik hayatta beceriye d\u00f6n\u00fc\u015ft\u00fcrmek \u00fczere revize edelim. Biz de beceri odakl\u0131 bir m\u00fcfredat olu\u015fturduk&#8221; dedi.<\/span><\/p>\n<p><span style=\"font-family: arial, helvetica, sans-serif; font-size: 14px;\">Bakan Tekin, s\u00f6zlerini \u015f\u00f6yle s\u00fcrd\u00fcrd\u00fc: <\/span><span style=\"font-family: arial, helvetica, sans-serif; font-size: 14px;\">&#8220;OECD\u2019nin raporlar\u0131nda T\u00fcrkiye e\u011fitim \u00f6\u011fretimle ilgili olarak \u2019d\u00fczenli olarak durumunu d\u00fczelten\u2019 d\u00fcnyadaki nadir \u00fclkelerden bir tanesi diye tan\u0131mlan\u0131yor. Fiziki kapasite itibar\u0131yla, derslik ba\u015f\u0131na d\u00fc\u015fen \u00f6\u011frenci say\u0131s\u0131 itibar\u0131yla, \u00f6\u011fretmen ba\u015f\u0131na d\u00fc\u015fen \u00f6\u011frenci say\u0131s\u0131 itibar\u0131yla 22 y\u0131l \u00f6nceki durumdan \u00e7ok \u00e7ok farkl\u0131 bir durumday\u0131z. Bu internet eri\u015fimi ve ak\u0131ll\u0131 tahtalarla beraber d\u00fcnyan\u0131n en b\u00fcy\u00fck e\u011fitim platformu dedi\u011fimiz EBA\u2019y\u0131 kurduk, geli\u015ftirdik. Sadece kendi \u00fclkemizde de\u011fil, bir\u00e7ok \u00fclkeyle de bu deneyimleri payla\u015fmaya ba\u015flad\u0131k. B\u00fct\u00fcn bu fiziki altyap\u0131y\u0131 d\u00fczeltmek konusunda bizim en b\u00fcy\u00fck destek\u00e7imiz bu salonda bulunan dostlar\u0131m\u0131z, hay\u0131rseverlerimiz oldu. Salonumuz veya eri\u015febilme imkan\u0131m\u0131z a\u00e7\u0131s\u0131ndan buraya sadece 44 hay\u0131rseverimiz kat\u0131ld\u0131 ama \u015funu s\u00f6yleyeyim, ba\u015fka \u00fclkelerle de konu\u015fuyoruz. Bu konuda T\u00fcrkiye\u2019de sahip oldu\u011fumuz destek d\u00fcnyan\u0131n hi\u00e7bir \u00fclkesinde yok. Ben bu vesileyle sizin \u015fahs\u0131n\u0131zda \u00f6\u011fretimi bu anlamda \u00f6ncelikli bir mesele haline d\u00f6n\u00fc\u015ft\u00fcren b\u00fct\u00fcn hay\u0131rseverlerimize te\u015fekk\u00fcr ediyorum. Allah hepsinden raz\u0131 olsun. Sa\u011f olun, var olun.&#8221;<\/span><\/p>\n<p><strong><span style=\"font-family: arial, helvetica, sans-serif; font-size: 14px;\">Hay\u0131rseverlerden 55 okul<br \/>\n<\/span><\/strong><span style=\"font-family: arial, helvetica, sans-serif; font-size: 14px;\">Milli E\u011fitim Bakan\u0131 Tekin, &#8220;Bakan olduktan sonra hi\u00e7bir resmi okulun a\u00e7\u0131l\u0131\u015f\u0131na kat\u0131lmad\u0131m \u015fu ana kadar, sadece hay\u0131rseverlerin yapt\u0131rd\u0131\u011f\u0131 okullar\u0131n resmi a\u00e7\u0131l\u0131\u015f t\u00f6renlerine gittik. Gidi\u015f sebebim de \u015fu; gidip hay\u0131rseverimize bir te\u015fekk\u00fcr etmek. Hay\u0131rseverimize yapt\u0131\u011f\u0131 \u015feyin bizim a\u00e7\u0131m\u0131zdan ne kadar \u00f6nemli oldu\u011funu, bizim bunu ne kadar \u00f6nemsedi\u011fimizi g\u00f6stermek. Bunu yapmak i\u00e7in gittik. Bu anlamda ge\u00e7ti\u011fimiz sonbaharda Ad\u0131yaman\u2019da bir hay\u0131rseverimizle ya\u015fad\u0131\u011f\u0131m\u0131z bir diyalo\u011fu da aktaray\u0131m. Hay\u0131rseverimiz dedi ki, \u2019Ben \u015fu kadar derslik yapt\u0131m T\u00fcrkiye\u2019nin her taraf\u0131nda. \u0130lk defa bir Milli E\u011fitim Bakan\u0131 bizim okulumuzun a\u00e7\u0131l\u0131\u015f\u0131na geldi\u2019, te\u015fekk\u00fcr etti. Ben, \u2019Sizin te\u015fekk\u00fcr etmenize gerek yok\u2019 dedim. Bizim sizden \u00f6z\u00fcr dilememiz laz\u0131m. Ben bu anlamda okullar\u0131m\u0131z\u0131 yap\u0131p a\u00e7\u0131l\u0131\u015f\u0131 yap\u0131lan ve a\u00e7\u0131l\u0131\u015flar\u0131nda bizleri aralar\u0131nda g\u00f6rmeyen hay\u0131rseverlerimizin hepsinden \u00f6z\u00fcr diliyorum. Bu toplant\u0131y\u0131 da bu anlamda hem \u00f6zr\u00fcm\u00fcz\u00fcn hem de te\u015fekk\u00fcr\u00fcm\u00fcz\u00fcn sizlere sunulmas\u0131 olarak kabul edip, bundan sonra da hay\u0131rlar\u0131n\u0131z\u0131 bekliyoruz. Siz hay\u0131r yapt\u0131k\u00e7a, siz hay\u0131rsever olarak e\u011fitim \u00f6\u011fretim s\u00fcre\u00e7lerine katk\u0131da bulunduk\u00e7a bizim \u00e7ocuklar\u0131m\u0131z daha iyi yeti\u015fecekler. Biz daha iyi ko\u015fullarda e\u011fitim \u00f6\u011fretim sunaca\u011f\u0131z. Ben hep s\u00f6yl\u00fcyorum e\u011fitim \u00f6\u011fretim sadece Milli E\u011fitim Bakanl\u0131\u011f\u0131n\u0131n \u00fcstesinden kalkabilece\u011fi bir problem de\u011fil, ancak bir seferberlikle alt\u0131ndan kalkabiliriz. Dolay\u0131s\u0131yla e\u011fitim \u00f6\u011fretim s\u00fcre\u00e7lerimizin ba\u015far\u0131s\u0131nda ya da ba\u015far\u0131s\u0131zl\u0131\u011f\u0131nda bizim de toplum olarak, ebeveyn olarak katk\u0131m\u0131z var. Biz fark\u0131nday\u0131z. O y\u00fczden bize bu s\u00fcre\u00e7te destek olan herkese te\u015fekk\u00fcr ediyoruz. Bu konuyla ilgili derdi olan herkesi de bize destek olmaya davet ediyoruz&#8221; dedi. <\/span><span style=\"font-family: arial, helvetica, sans-serif; font-size: 14px;\">Konu\u015fmalar\u0131n ard\u0131ndan toplant\u0131ya kat\u0131lan 44 hay\u0131rsevere Bakan Tekin taraf\u0131ndan te\u015fekk\u00fcr plaketi verildi. \u0130HA<\/span><\/p>\n","protected":false},"excerpt":{"rendered":"<p>Milli E\u011fitim Bakan\u0131 Yusuf Tekin, Bal\u0131kesir\u2019de 55 okul yapt\u0131ran 44 hay\u0131rseverle bir araya geldi. Hay\u0131rseverlere te\u015fekk\u00fcr eden Tekin, T\u00fcrkiye\u2019deki hay\u0131rseverlik<\/p>\n","protected":false},"author":3,"featured_media":28625,"comment_status":"open","ping_status":"open","sticky":false,"template":"","format":"standard","meta":{"colormag_page_container_layout":"default_layout","colormag_page_sidebar_layout":"default_layout","footnotes":""},"categories":[45,1,5,8],"tags":[],"class_list":["post-28624","post","type-post","status-publish","format-standard","has-post-thumbnail","hentry","category-egitim","category-genel","category-gundem","category-siyaset"],"_links":{"self":[{"href":"https:\/\/marmarayerelhizmet.com\/index.php\/wp-json\/wp\/v2\/posts\/28624","targetHints":{"allow":["GET"]}}],"collection":[{"href":"https:\/\/marmarayerelhizmet.com\/index.php\/wp-json\/wp\/v2\/posts"}],"about":[{"href":"https:\/\/marmarayerelhizmet.com\/index.php\/wp-json\/wp\/v2\/types\/post"}],"author":[{"embeddable":true,"href":"https:\/\/marmarayerelhizmet.com\/index.php\/wp-json\/wp\/v2\/users\/3"}],"replies":[{"embeddable":true,"href":"https:\/\/marmarayerelhizmet.com\/index.php\/wp-json\/wp\/v2\/comments?post=28624"}],"version-history":[{"count":0,"href":"https:\/\/marmarayerelhizmet.com\/index.php\/wp-json\/wp\/v2\/posts\/28624\/revisions"}],"wp:featuredmedia":[{"embeddable":true,"href":"https:\/\/marmarayerelhizmet.com\/index.php\/wp-json\/wp\/v2\/media\/28625"}],"wp:attachment":[{"href":"https:\/\/marmarayerelhizmet.com\/index.php\/wp-json\/wp\/v2\/media?parent=28624"}],"wp:term":[{"taxonomy":"category","embeddable":true,"href":"https:\/\/marmarayerelhizmet.com\/index.php\/wp-json\/wp\/v2\/categories?post=28624"},{"taxonomy":"post_tag","embeddable":true,"href":"https:\/\/marmarayerelhizmet.com\/index.php\/wp-json\/wp\/v2\/tags?post=28624"}],"curies":[{"name":"wp","href":"https:\/\/api.w.org\/{rel}","templated":true}]}}