{"id":28621,"date":"2025-05-16T09:24:40","date_gmt":"2025-05-16T06:24:40","guid":{"rendered":"https:\/\/marmarayerelhizmet.com\/?p=28621"},"modified":"2025-05-16T23:25:34","modified_gmt":"2025-05-16T20:25:34","slug":"kaymak-festivali-basladi","status":"publish","type":"post","link":"https:\/\/marmarayerelhizmet.com\/index.php\/2025\/05\/16\/kaymak-festivali-basladi\/","title":{"rendered":"Kaymak Festivali Ba\u015flad\u0131"},"content":{"rendered":"<p><strong><span style=\"font-family: arial, helvetica, sans-serif; font-size: 14px;\">Alt\u0131eyl\u00fcl\u2019e ba\u011fl\u0131 Yakupk\u00f6y&#8217;de ilk kez d\u00fczenlenen Kaymak Festivali ve H\u0131d\u0131rellez K\u00f6y Hayr\u0131, protokol \u00fcyeleri ve vatanda\u015flar\u0131n yo\u011fun kat\u0131l\u0131m\u0131yla co\u015fkulu bir \u015fekilde kutland\u0131. Bahar\u0131n m\u00fcjdecisi H\u0131d\u0131rellez ile Yakupk\u00f6y&#8217;\u00fcn \u00fcnl\u00fc kayma\u011f\u0131 bir araya gelerek birlik, bereket ve dostluk atmosferi olu\u015fturdu.<\/span><\/strong><\/p>\n<p><strong><span style=\"font-family: arial, helvetica, sans-serif; font-size: 14px;\">KAYMA\u011eIMIZI MARKA HAL\u0130NE GET\u0130RECE\u011e\u0130Z<br \/>\n<\/span><\/strong><span style=\"font-family: arial, helvetica, sans-serif; font-size: 14px;\">Yakupk\u00f6y Mahallesi&#8217;nde ger\u00e7ekle\u015ftirilen festivale Bal\u0131kesir Valisi \u0130smail Ustao\u011flu, Alt\u0131eyl\u00fcl Belediye Ba\u015fkan\u0131 Hakan \u015eehirli, Bal\u0131kesir Milletvekili Serkan Sar\u0131 ve B\u00fcy\u00fck\u015fehir Belediye Ba\u015fkan\u0131 Ahmet Ak\u0131n kat\u0131l\u0131m sa\u011flad\u0131. Etkinlikte bir araya gelen yetkililer ve Yakupk\u00f6y halk\u0131, bahar\u0131n geli\u015fini ve bereketini birlikte kutlad\u0131. Alt\u0131eyl\u00fcl Belediye Ba\u015fkan\u0131 Hakan \u015eehirli, Yakupk\u00f6y&#8217;\u00fcn bu g\u00fczel gelene\u011fini her y\u0131l b\u00fcy\u00fcterek devam ettireceklerini s\u00f6yledi. Ba\u015fkan \u015eehirli yapt\u0131\u011f\u0131 a\u00e7\u0131klamada \u201cYakupk\u00f6y kayma\u011f\u0131 ile gurur duyuyoruz. Bu festival sadece bir lezzet \u015f\u00f6leni de\u011fil, k\u00fclt\u00fcr\u00fcm\u00fcz\u00fcn ve de\u011ferlerimizin ya\u015fat\u0131lmas\u0131d\u0131r. Amac\u0131m\u0131z, Bal\u0131kesir&#8217;in kayma\u011f\u0131n\u0131 marka haline getirmek ve \u00fcreticilerimizin ekonomik g\u00fcc\u00fcn\u00fc art\u0131rmakt\u0131r. Yakupk\u00f6y&#8217;den t\u00fcm T\u00fcrkiye&#8217;ye yay\u0131lan bu lezzet kervan\u0131na \u00f6nc\u00fcl\u00fck etmekten mutluluk duyuyoruz. Gelecek y\u0131l daha b\u00fcy\u00fck bir organizasyonla t\u00fcm vatanda\u015flar\u0131m\u0131z\u0131 burada a\u011f\u0131rlamak istiyoruz.&#8221; dedi. Ba\u015fkan Hakan \u015eehirli Yakupk\u00f6y\u2019de ger\u00e7ekle\u015ftirilen etkinli\u011fin ard\u0131ndan Bayat ve Kesirven mahalle hay\u0131rlar\u0131na da kat\u0131larak vatanda\u015flarla birlikte bahar\u0131n geli\u015fini kutlad\u0131.\u00a0<\/span><\/p>\n<p>&nbsp;<\/p>\n","protected":false},"excerpt":{"rendered":"<p>Alt\u0131eyl\u00fcl\u2019e ba\u011fl\u0131 Yakupk\u00f6y&#8217;de ilk kez d\u00fczenlenen Kaymak Festivali ve H\u0131d\u0131rellez K\u00f6y Hayr\u0131, protokol \u00fcyeleri ve vatanda\u015flar\u0131n yo\u011fun kat\u0131l\u0131m\u0131yla co\u015fkulu bir<\/p>\n","protected":false},"author":3,"featured_media":28622,"comment_status":"open","ping_status":"open","sticky":false,"template":"","format":"standard","meta":{"colormag_page_container_layout":"default_layout","colormag_page_sidebar_layout":"default_layout","footnotes":""},"categories":[1,5,8],"tags":[],"class_list":["post-28621","post","type-post","status-publish","format-standard","has-post-thumbnail","hentry","category-genel","category-gundem","category-siyaset"],"_links":{"self":[{"href":"https:\/\/marmarayerelhizmet.com\/index.php\/wp-json\/wp\/v2\/posts\/28621","targetHints":{"allow":["GET"]}}],"collection":[{"href":"https:\/\/marmarayerelhizmet.com\/index.php\/wp-json\/wp\/v2\/posts"}],"about":[{"href":"https:\/\/marmarayerelhizmet.com\/index.php\/wp-json\/wp\/v2\/types\/post"}],"author":[{"embeddable":true,"href":"https:\/\/marmarayerelhizmet.com\/index.php\/wp-json\/wp\/v2\/users\/3"}],"replies":[{"embeddable":true,"href":"https:\/\/marmarayerelhizmet.com\/index.php\/wp-json\/wp\/v2\/comments?post=28621"}],"version-history":[{"count":0,"href":"https:\/\/marmarayerelhizmet.com\/index.php\/wp-json\/wp\/v2\/posts\/28621\/revisions"}],"wp:featuredmedia":[{"embeddable":true,"href":"https:\/\/marmarayerelhizmet.com\/index.php\/wp-json\/wp\/v2\/media\/28622"}],"wp:attachment":[{"href":"https:\/\/marmarayerelhizmet.com\/index.php\/wp-json\/wp\/v2\/media?parent=28621"}],"wp:term":[{"taxonomy":"category","embeddable":true,"href":"https:\/\/marmarayerelhizmet.com\/index.php\/wp-json\/wp\/v2\/categories?post=28621"},{"taxonomy":"post_tag","embeddable":true,"href":"https:\/\/marmarayerelhizmet.com\/index.php\/wp-json\/wp\/v2\/tags?post=28621"}],"curies":[{"name":"wp","href":"https:\/\/api.w.org\/{rel}","templated":true}]}}