{"id":28617,"date":"2025-05-16T23:24:34","date_gmt":"2025-05-16T20:24:34","guid":{"rendered":"https:\/\/marmarayerelhizmet.com\/?p=28617"},"modified":"2025-05-16T23:24:34","modified_gmt":"2025-05-16T20:24:34","slug":"cinarliderede-bayram-hazirliklari-basladi","status":"publish","type":"post","link":"https:\/\/marmarayerelhizmet.com\/index.php\/2025\/05\/16\/cinarliderede-bayram-hazirliklari-basladi\/","title":{"rendered":"\u00c7\u0131narl\u0131dere&#8217;de Bayram Haz\u0131rl\u0131klar\u0131 Ba\u015flad\u0131"},"content":{"rendered":"<p><strong><span style=\"font-family: arial, helvetica, sans-serif; font-size: 14px;\">Yakla\u015fan Kurban Bayram\u0131 \u00f6ncesinde Alt\u0131eyl\u00fcl Belediyesi Sa\u011fl\u0131k \u0130\u015fleri M\u00fcd\u00fcrl\u00fc\u011f\u00fc\u2019ne ba\u011fl\u0131 ekipler, \u00c7\u0131narl\u0131dere Mezarl\u0131\u011f\u0131\u2019nda kapsaml\u0131 bir bak\u0131m ve temizlik \u00e7al\u0131\u015fmas\u0131 ba\u015flatt\u0131. Bahar\u0131n gelmesiyle birlikte yo\u011funla\u015fan bitki \u00f6rt\u00fcs\u00fc nedeniyle \u00f6zellikle ot bi\u00e7me i\u015flemlerine a\u011f\u0131rl\u0131k veren ekipler, \u00e7al\u0131\u015fmalar\u0131n\u0131 h\u0131z kesmeden s\u00fcrd\u00fcr\u00fcyor.<\/span><\/strong><\/p>\n<p><strong><span style=\"font-family: arial, helvetica, sans-serif; font-size: 14px;\">BAKIM \u00c7ALI\u015eMALARI T\u0130T\u0130ZL\u0130KLE Y\u00dcR\u00dcT\u00dcL\u00dcYOR<\/span><\/strong><br \/>\n<span style=\"font-family: arial, helvetica, sans-serif; font-size: 14px;\">Kurban Bayram\u0131&#8217;n\u0131n yakla\u015fmas\u0131 ve bahar mevsiminin gelmesiyle birlikte Alt\u0131eyl\u00fcl Belediyesi Sa\u011fl\u0131k \u0130\u015fleri M\u00fcd\u00fcrl\u00fc\u011f\u00fc ekipleri, mezarl\u0131klarda kapsaml\u0131 bak\u0131m \u00e7al\u0131\u015fmalar\u0131na ba\u015flad\u0131. Bayram ziyaretleri \u00f6ncesinde vatanda\u015flar\u0131n sevdiklerinin kabirlerini daha rahat ziyaret edebilmeleri amac\u0131yla y\u00fcr\u00fct\u00fclen \u00e7al\u0131\u015fmalar kapsam\u0131nda mezarl\u0131k alanlar\u0131nda bak\u0131m \u00e7al\u0131\u015fmalar\u0131 yap\u0131l\u0131yor. Mezarl\u0131klar\u0131n daha d\u00fczenli ve bak\u0131ml\u0131 bir g\u00f6r\u00fcn\u00fcme kavu\u015fmas\u0131 i\u00e7in ekipler taraf\u0131ndan ger\u00e7ekle\u015ftirilen \u00e7al\u0131\u015fmalar s\u00fcr\u00fcyor.<\/span><\/p>\n<p><strong><span style=\"font-family: arial, helvetica, sans-serif; font-size: 14px;\">KAPSAMLI TEM\u0130ZL\u0130K PROGRAMI<\/span><\/strong><br \/>\n<span style=\"font-family: arial, helvetica, sans-serif; font-size: 14px;\">Belediye ekiplerince y\u00fcr\u00fct\u00fclen \u00e7al\u0131\u015fmalarda, \u00c7\u0131narl\u0131dere&#8217;de bulunan mezarl\u0131k alanlar\u0131ndaki otlar\u0131n bi\u00e7ilmesi, kurutma ama\u00e7l\u0131 ot ila\u00e7lamas\u0131 ve a\u011fa\u00e7lar\u0131n budanmas\u0131 gibi bak\u0131m i\u015flemleri b\u00fcy\u00fck bir \u00f6zenle ger\u00e7ekle\u015ftiriliyor. Bahar\u0131n gelmesiyle birlikte h\u0131zla b\u00fcy\u00fcyen otlar\u0131n temizlenmesi, mezar ziyaretlerinde ya\u015fanabilecek zorluklar\u0131 ortadan kald\u0131r\u0131yor. Sa\u011fl\u0131k \u0130\u015fleri M\u00fcd\u00fcrl\u00fc\u011f\u00fc&#8217;ne ba\u011fl\u0131 ekipler, kapsaml\u0131 temizlik program\u0131 \u00e7er\u00e7evesinde mezarl\u0131klar\u0131n her k\u00f6\u015fesinde d\u00fczenleme \u00e7al\u0131\u015fmalar\u0131n\u0131 s\u00fcrd\u00fcr\u00fcyor. Mezar bak\u0131mlar\u0131 da d\u00fczenli olarak yap\u0131larak, vatanda\u015flar\u0131n bayram ziyaretlerinde daha temiz ve d\u00fczenli bir ortamda bulunmalar\u0131 hedefleniyor.<\/span><\/p>\n<p><strong><span style=\"font-family: arial, helvetica, sans-serif; font-size: 14px;\">\u201cMEZARLIKLARIMIZ BAYRAMA HAZIRLANIYOR\u201d<\/span><\/strong><br \/>\n<span style=\"font-family: arial, helvetica, sans-serif; font-size: 14px;\">Alt\u0131eyl\u00fcl Belediye Ba\u015fkan\u0131 Hakan \u015eehirli, yakla\u015fan Kurban Bayram\u0131 \u00f6ncesi mezarl\u0131klarda y\u00fcr\u00fct\u00fclen kapsaml\u0131 \u00e7al\u0131\u015fmalar hakk\u0131nda a\u00e7\u0131klamalarda bulundu. Ba\u015fkan Hakan \u015eehirli, &#8220;Kurban Bayram\u0131 \u00f6ncesinde Sa\u011fl\u0131k \u0130\u015fleri M\u00fcd\u00fcrl\u00fc\u011f\u00fcm\u00fcze ba\u011fl\u0131 ekiplerimiz mezarl\u0131klar\u0131m\u0131zda kapsaml\u0131 bir bak\u0131m seferberli\u011fi ba\u015flatt\u0131. Vatanda\u015flar\u0131m\u0131z\u0131n sevdiklerini huzur i\u00e7inde ziyaret edebilmeleri i\u00e7in belediye olarak t\u00fcm mezarl\u0131klar\u0131m\u0131zda bak\u0131m ve temizlik \u00e7al\u0131\u015fmalar\u0131m\u0131z\u0131 aral\u0131ks\u0131z s\u00fcrd\u00fcr\u00fcyoruz. Bahar\u0131n gelmesiyle birlikte h\u0131zla b\u00fcy\u00fcyen otlar\u0131n bi\u00e7ilmesi, ot kurutma ve ila\u00e7lama \u00e7al\u0131\u015fmalar\u0131 ile a\u011fa\u00e7lar\u0131n budanmas\u0131 gibi i\u015flemleri titizlikle ger\u00e7ekle\u015ftiriyoruz. Amac\u0131m\u0131z vatanda\u015flar\u0131m\u0131z\u0131n bayram ziyaretlerinde sevdiklerinin kabirlerini daha rahat ve huzurlu bir ortamda ziyaret edebilmelerini sa\u011flamak. Bu \u00e7al\u0131\u015fmalar\u0131m\u0131z sadece bayram \u00f6ncesinde de\u011fil, y\u0131l boyunca d\u00fczenli olarak devam edecek.&#8221;\u00a0diye\u00a0konu\u015ftu.<\/span><\/p>\n","protected":false},"excerpt":{"rendered":"<p>Yakla\u015fan Kurban Bayram\u0131 \u00f6ncesinde Alt\u0131eyl\u00fcl Belediyesi Sa\u011fl\u0131k \u0130\u015fleri M\u00fcd\u00fcrl\u00fc\u011f\u00fc\u2019ne ba\u011fl\u0131 ekipler, \u00c7\u0131narl\u0131dere Mezarl\u0131\u011f\u0131\u2019nda kapsaml\u0131 bir bak\u0131m ve temizlik \u00e7al\u0131\u015fmas\u0131 ba\u015flatt\u0131.<\/p>\n","protected":false},"author":3,"featured_media":28618,"comment_status":"open","ping_status":"open","sticky":false,"template":"","format":"standard","meta":{"colormag_page_container_layout":"default_layout","colormag_page_sidebar_layout":"default_layout","footnotes":""},"categories":[1,5,8],"tags":[],"class_list":["post-28617","post","type-post","status-publish","format-standard","has-post-thumbnail","hentry","category-genel","category-gundem","category-siyaset"],"_links":{"self":[{"href":"https:\/\/marmarayerelhizmet.com\/index.php\/wp-json\/wp\/v2\/posts\/28617","targetHints":{"allow":["GET"]}}],"collection":[{"href":"https:\/\/marmarayerelhizmet.com\/index.php\/wp-json\/wp\/v2\/posts"}],"about":[{"href":"https:\/\/marmarayerelhizmet.com\/index.php\/wp-json\/wp\/v2\/types\/post"}],"author":[{"embeddable":true,"href":"https:\/\/marmarayerelhizmet.com\/index.php\/wp-json\/wp\/v2\/users\/3"}],"replies":[{"embeddable":true,"href":"https:\/\/marmarayerelhizmet.com\/index.php\/wp-json\/wp\/v2\/comments?post=28617"}],"version-history":[{"count":0,"href":"https:\/\/marmarayerelhizmet.com\/index.php\/wp-json\/wp\/v2\/posts\/28617\/revisions"}],"wp:featuredmedia":[{"embeddable":true,"href":"https:\/\/marmarayerelhizmet.com\/index.php\/wp-json\/wp\/v2\/media\/28618"}],"wp:attachment":[{"href":"https:\/\/marmarayerelhizmet.com\/index.php\/wp-json\/wp\/v2\/media?parent=28617"}],"wp:term":[{"taxonomy":"category","embeddable":true,"href":"https:\/\/marmarayerelhizmet.com\/index.php\/wp-json\/wp\/v2\/categories?post=28617"},{"taxonomy":"post_tag","embeddable":true,"href":"https:\/\/marmarayerelhizmet.com\/index.php\/wp-json\/wp\/v2\/tags?post=28617"}],"curies":[{"name":"wp","href":"https:\/\/api.w.org\/{rel}","templated":true}]}}