{"id":28613,"date":"2025-05-16T23:22:59","date_gmt":"2025-05-16T20:22:59","guid":{"rendered":"https:\/\/marmarayerelhizmet.com\/?p=28613"},"modified":"2025-05-16T23:22:59","modified_gmt":"2025-05-16T20:22:59","slug":"balikesirde-kuva-yi-milliye-gunu-kutlandi","status":"publish","type":"post","link":"https:\/\/marmarayerelhizmet.com\/index.php\/2025\/05\/16\/balikesirde-kuva-yi-milliye-gunu-kutlandi\/","title":{"rendered":"Bal\u0131kesir\u2019de Kuv\u00e2-yi Milliye G\u00fcn\u00fc Kutland\u0131"},"content":{"rendered":"<div class=\"tg-post\">\n<article id=\"post-42703\" class=\"post-42703 post type-post status-publish format-standard has-post-thumbnail hentry category-genel category-siyaset\">\n<div class=\"cm-post-content\">\n<div class=\"cm-entry-summary\">\n<p><span style=\"font-family: arial, helvetica, sans-serif; font-size: 14px;\"><strong>16 May\u0131s 1919 tarihinde d\u00fc\u015fman i\u015fgaline kar\u015f\u0131 Alacamescit\u2019te bir araya gelen 41 Bayrak Adam\u2019\u0131n yakt\u0131\u011f\u0131 Kuv\u00e2-yi Milliye ate\u015finin y\u0131ld\u00f6n\u00fcm\u00fc d\u00fczenlenen t\u00f6renle kutland\u0131. Bal\u0131kesir Valisi \u0130smail Ustao\u011flu ve protokol y\u00fcr\u00fcy\u00fc\u015f\u00fcn ard\u0131ndan restorasyonu tamamlanan Alaca Mescit Camisi\u2019nin a\u00e7\u0131l\u0131\u015f t\u00f6renine kat\u0131ld\u0131.<\/strong><\/span><\/p>\n<p><span style=\"font-family: arial, helvetica, sans-serif; font-size: 14px;\">Kuv\u00e2-yi Milliye An\u0131t\u0131\u2019nda ger\u00e7ekle\u015ftirilen t\u00f6rende Vali \u0130smail Ustao\u011flu ve B\u00fcy\u00fck\u015fehir Belediye Ba\u015fkan\u0131 Ahmet Ak\u0131n taraf\u0131ndan Kuv\u00e2-yi Milliye An\u0131t\u0131na T\u00fcrkiye harital\u0131 \u00e7elenk sunuldu.<\/span><br \/>\n<span style=\"font-family: arial, helvetica, sans-serif; font-size: 14px;\">Sayg\u0131 Duru\u015fu ve \u0130stiklal Mar\u015f\u0131\u2019n\u0131n okunmas\u0131n\u0131n ard\u0131ndan Rahmi Kula Anadolu Lisesi \u00d6\u011frencisi Emir Kaan Terkos \u201cMehmet Akif Ersoy Cenk \u015eark\u0131s\u0131\u201d adl\u0131 \u015fiiri okudu.<\/span><br \/>\n<span style=\"font-family: arial, helvetica, sans-serif; font-size: 14px;\">Programda konu\u015fan Vali \u0130smail Ustao\u011flu; 24\u2019\u00fcnc\u00fcs\u00fc kutlanan Kuv\u00e2-yi Milliye G\u00fcn\u00fc\u2019n\u00fcn T\u00fcrk milletinin istikl\u00e2l ve istikb\u00e2li u\u011fruna verdi\u011fi b\u00fcy\u00fck m\u00fccadelenin ilk ad\u0131mlar\u0131ndan birinin at\u0131ld\u0131\u011f\u0131, ba\u011f\u0131ms\u0131zl\u0131k me\u015falesinin yak\u0131ld\u0131\u011f\u0131 \u00f6nemli bir g\u00fcn oldu\u011funu ifade etti. Ustao\u011flu, \u201cTam 106 y\u0131l \u00f6nce, Okuma Yurdu\u2019nda bir araya gelen ve halk\u0131 Alaca Mescit\u2019e do\u011fru y\u00fcr\u00fcy\u00fc\u015fe ge\u00e7iren \u201841 Bayrak Adam\u2019, Kuv\u00e2-yi Milliye\u2019nin ilk k\u0131v\u0131lc\u0131m\u0131n\u0131 ate\u015flemi\u015ftir. Kuva-yi Milliye ruhu, Bal\u0131kesir\u2019de filizlenmi\u015f, b\u00fcy\u00fcm\u00fc\u015f ve t\u00fcm Anadolu\u2019ya umut olmu\u015ftur. Alaca Mescit\u2019te ba\u015flat\u0131lan bu hareketle Bal\u0131kesir\u2019in yi\u011fit evlatlar\u0131, kendi imkanlar\u0131yla vatan savunmas\u0131nda \u00fczerlerine d\u00fc\u015feni fazlas\u0131yla yerine getirmi\u015ftir\u201d diye konu\u015ftu.<\/span><\/p>\n<p><span style=\"font-family: arial, helvetica, sans-serif; font-size: 14px;\"><strong>Ustao\u011flu, \u201cBal\u0131kesir \u201cKuva-Yi Milliye\u201d kavram\u0131yla \u00f6zde\u015fle\u015fti\u201d<br \/>\n<\/strong>Tarihin, Bal\u0131kesirlilerin vatan\u0131 i\u015fgal etmek isteyen d\u00fc\u015fmanlara kar\u015f\u0131 g\u00f6sterdi\u011fi vatanseverlik duygusunu, \u00f6rg\u00fctlenme yetene\u011fini, kahramanl\u0131\u011f\u0131n\u0131 ve \u00f6zg\u00fcrl\u00fc\u011f\u00fc i\u00e7in verdi\u011fi m\u00fccadelenin b\u00fcy\u00fckl\u00fc\u011f\u00fcn\u00fc kabul etti\u011fini s\u00f6zlerine ekleyen Ustao\u011flu, \u201cBu nedenle, Bal\u0131kesir \u201cKuva-yi Milliye\u201d kavram\u0131yla \u00f6zde\u015fle\u015fmi\u015ftir. Karesi Bey\u2019in torunlar\u0131 i\u015fgal g\u00fcnlerinde \u201cD\u00fc\u015fman\u0131 durduracak kuvvet namlunun ucundad\u0131r!\u201d diyerek, toplant\u0131lar yapm\u0131\u015f, kongreler d\u00fczenlemi\u015f, yerel siyasi irade olu\u015fturmu\u015f ve gerekti\u011finde silahl\u0131 m\u00fccadeleye giri\u015fmi\u015ftir. Bu ruh, T\u00fcrk milletinin ba\u011f\u0131ms\u0131zl\u0131\u011fa olan inanc\u0131n\u0131 ve kararl\u0131l\u0131\u011f\u0131n\u0131 t\u00fcm d\u00fcnyaya g\u00f6stermi\u015ftir\u201d \u015feklinde belirtti.<\/span><br \/>\n<span style=\"font-family: arial, helvetica, sans-serif; font-size: 14px;\">M\u00fctareke\u2019nin karanl\u0131k g\u00fcnlerinde, herkesin \u00fcmitsizli\u011fe kap\u0131ld\u0131\u011f\u0131 bir d\u00f6nemde, Hasan Basri \u00c7antay\u2019\u0131n Bal\u0131kesir\u2019de Ses Gazetesi\u2019ni \u00e7\u0131kard\u0131\u011f\u0131n\u0131 ve yaz\u0131lar\u0131yla Bal\u0131kesirlilerin ve T\u00fcrk milletinin hakl\u0131 ve y\u00fckselen g\u00fcr sesi olmu\u015ftur. Ses gazetesi o d\u00f6nemlerde, ba\u011f\u0131ms\u0131zl\u0131k m\u00fccadelesinin en \u00f6nemli ileti\u015fim ara\u00e7lar\u0131ndan biri haline geldi\u011fini ifade eden Ustao\u011flu, \u201cKaresi Mebusu Vehbi Bolak, Demirci Kaymakam\u0131 ve Ak\u0131nc\u0131lar Reisi \u0130brahim Ethem Ak\u0131nc\u0131, Belediye Reisi Ke\u00e7eci Haf\u0131z Mehmet Emin Efendi, Y\u0131rcal\u0131zade \u015e\u00fckr\u00fc Efendi, Maarif M\u00fcd\u00fcr\u00fc Sabri bey, M\u00fcft\u00fc Abdullah Efendi, Varnal\u0131 \u0130smail Hakk\u0131 Bey, Sabri S\u00f6zen, Abdulgafur Efendi, Leblebici Ra\u015fit Efendi, Zarbal\u0131 Hulusi Bey, Hasan Basri \u00c7antay ve daha niceleri Bu kutlu direni\u015fte isimleri ge\u00e7en her bir \u015fahsiyet, i\u015fgale kar\u015f\u0131 dimdik duran bir halk\u0131n vatan sevdas\u0131n\u0131n ni\u015fanesi olmu\u015ftur. Bug\u00fcn bizler, onlar\u0131n torunlar\u0131 olarak bu miras\u0131 koruyor; yar\u0131n ise evlatlar\u0131m\u0131z, bu emaneti ayn\u0131 inan\u00e7 ve kararl\u0131l\u0131kla gelece\u011fe ta\u015f\u0131yacakt\u0131r. Bal\u0131kesir, Kuv\u00e2-yi Milliye\u2019nin do\u011fdu\u011fu toprak olarak bu ruhu sonsuza dek ya\u015fatacakt\u0131r\u201d dedi.<\/span><\/p>\n<p><span style=\"font-family: arial, helvetica, sans-serif; font-size: 14px;\"><strong>Alaca Mescit camisi a\u00e7\u0131ld\u0131<br \/>\n<\/strong>Bal\u0131kesir Valisi \u0130smail Ustao\u011flu ve protokol y\u00fcr\u00fcy\u00fc\u015f\u00fcn ard\u0131ndan restorasyonu tamamlanan Alaca Mescit Camisi\u2019nin a\u00e7\u0131l\u0131\u015f t\u00f6renine kat\u0131ld\u0131. Milli M\u00fccadele\u2019nin temellerinin at\u0131ld\u0131\u011f\u0131 caminin a\u00e7\u0131l\u0131\u015f t\u00f6renine; Bal\u0131kesir Valisi \u0130smail Ustao\u011flu, Bal\u0131kesir B\u00fcy\u00fck\u015fehir Belediye Ba\u015fkan\u0131 Ahmet Ak\u0131n, CHP Bal\u0131kesir Milletvekili Serkan Sar\u0131, AK Parti Bal\u0131kesir Milletvekili Belgin Uygur, AK Parti Bal\u0131kesir Milletvekili \u0130smail Ok, Karesi Belediye Ba\u015fkan\u0131 Mesut Akb\u0131y\u0131k kat\u0131ld\u0131. \u0130HA<\/span><\/p>\n<\/div>\n<\/div>\n<\/article>\n<\/div>\n<ul class=\"default-wp-page\">\n<li class=\"previous\"><\/li>\n<\/ul>\n","protected":false},"excerpt":{"rendered":"<p>16 May\u0131s 1919 tarihinde d\u00fc\u015fman i\u015fgaline kar\u015f\u0131 Alacamescit\u2019te bir araya gelen 41 Bayrak Adam\u2019\u0131n yakt\u0131\u011f\u0131 Kuv\u00e2-yi Milliye ate\u015finin y\u0131ld\u00f6n\u00fcm\u00fc d\u00fczenlenen<\/p>\n","protected":false},"author":3,"featured_media":28614,"comment_status":"open","ping_status":"open","sticky":false,"template":"","format":"standard","meta":{"colormag_page_container_layout":"default_layout","colormag_page_sidebar_layout":"default_layout","footnotes":""},"categories":[1,5,8],"tags":[],"class_list":["post-28613","post","type-post","status-publish","format-standard","has-post-thumbnail","hentry","category-genel","category-gundem","category-siyaset"],"_links":{"self":[{"href":"https:\/\/marmarayerelhizmet.com\/index.php\/wp-json\/wp\/v2\/posts\/28613","targetHints":{"allow":["GET"]}}],"collection":[{"href":"https:\/\/marmarayerelhizmet.com\/index.php\/wp-json\/wp\/v2\/posts"}],"about":[{"href":"https:\/\/marmarayerelhizmet.com\/index.php\/wp-json\/wp\/v2\/types\/post"}],"author":[{"embeddable":true,"href":"https:\/\/marmarayerelhizmet.com\/index.php\/wp-json\/wp\/v2\/users\/3"}],"replies":[{"embeddable":true,"href":"https:\/\/marmarayerelhizmet.com\/index.php\/wp-json\/wp\/v2\/comments?post=28613"}],"version-history":[{"count":0,"href":"https:\/\/marmarayerelhizmet.com\/index.php\/wp-json\/wp\/v2\/posts\/28613\/revisions"}],"wp:featuredmedia":[{"embeddable":true,"href":"https:\/\/marmarayerelhizmet.com\/index.php\/wp-json\/wp\/v2\/media\/28614"}],"wp:attachment":[{"href":"https:\/\/marmarayerelhizmet.com\/index.php\/wp-json\/wp\/v2\/media?parent=28613"}],"wp:term":[{"taxonomy":"category","embeddable":true,"href":"https:\/\/marmarayerelhizmet.com\/index.php\/wp-json\/wp\/v2\/categories?post=28613"},{"taxonomy":"post_tag","embeddable":true,"href":"https:\/\/marmarayerelhizmet.com\/index.php\/wp-json\/wp\/v2\/tags?post=28613"}],"curies":[{"name":"wp","href":"https:\/\/api.w.org\/{rel}","templated":true}]}}