{"id":28609,"date":"2025-05-16T23:20:48","date_gmt":"2025-05-16T20:20:48","guid":{"rendered":"https:\/\/marmarayerelhizmet.com\/?p=28609"},"modified":"2025-05-16T23:20:48","modified_gmt":"2025-05-16T20:20:48","slug":"balikesirde-genclik-haftasi-start-aldi","status":"publish","type":"post","link":"https:\/\/marmarayerelhizmet.com\/index.php\/2025\/05\/16\/balikesirde-genclik-haftasi-start-aldi\/","title":{"rendered":"Bal\u0131kesir\u2019de Gen\u00e7lik Haftas\u0131 Start Ald\u0131"},"content":{"rendered":"<p><span style=\"font-size: 14px;\"><strong><span style=\"font-family: arial, helvetica, sans-serif;\">15-21 May\u0131s tarihleri aras\u0131nda T\u00fcrkiye genelinde d\u00fczenlenen Gen\u00e7lik Haftas\u0131, bu y\u0131l da gen\u00e7lerin kat\u0131l\u0131m\u0131yla b\u00fcy\u00fck heyecana sahne oluyor. T\u00fcrkiye\u2019nin d\u00f6rt bir yan\u0131nda e\u015f zamanl\u0131 olarak ger\u00e7ekle\u015ftirilen etkinliklerle gen\u00e7lerin toplumdaki rol\u00fc, sorumluluk bilinci ve enerjisi \u00f6n plana \u00e7\u0131k\u0131yor.<\/span><\/strong><\/span><\/p>\n<p><span style=\"font-size: 14px;\"><span style=\"font-family: arial, helvetica, sans-serif;\">Bu kapsamda Bal\u0131kesir\u2019de de Gen\u00e7lik Haftas\u0131 kutlamalar\u0131, Tren Gar\u0131 \u00f6n\u00fcnden Atat\u00fcrk An\u0131t\u0131\u2019na ger\u00e7ekle\u015ftirilen kortej y\u00fcr\u00fcy\u00fc\u015f\u00fc ve \u00e7elenk sunma t\u00f6reni ile ba\u015flad\u0131. Bal\u0131kesir Gen\u00e7lik ve Spor \u0130l M\u00fcd\u00fcr\u00fc Adem \u00d6zalp\u2019in Atat\u00fcrk An\u0131t\u0131\u2019na \u00e7elenk sunmas\u0131n\u0131n ard\u0131ndan devam eden a\u00e7\u0131l\u0131\u015f t\u00f6reninde, Gazi Mustafa Kemal Atat\u00fcrk ve Aziz \u015eehitlerimizin manevi huzurunda sayg\u0131 duru\u015funda bulunuldu. \u0130stiklal Mar\u015f\u0131\u2019n\u0131n okunmas\u0131yla bayrak g\u00f6ndere \u00e7ekildi. T\u00f6rende,1919\u2018un 106. Y\u0131l\u0131 olmas\u0131 dolay\u0131s\u0131yla &#8220;106&#8221; koreografisiyle, 106 ki\u015filik halk oyunlar\u0131 ekibi taraf\u0131ndan sahnelenen zeybek g\u00f6sterisi b\u00fcy\u00fck be\u011feni toplad\u0131.<br \/>\n<\/span><span style=\"font-family: arial, helvetica, sans-serif;\">Gen\u00e7lik ve Spor \u0130l M\u00fcd\u00fcr\u00fc Adem \u00d6zalp, &#8220;Gen\u00e7lik Haftas\u0131 kapsamda d\u00fczenlenen etkinlikler, gen\u00e7lerimizin toplumda daha aktif, bilin\u00e7li ve sorumluluk sahibi bireyler olarak yer almalar\u0131n\u0131 te\u015fvik ediyor. \u00dclkenin her yerinde oldu\u011fu gibi Bal\u0131kesir\u2019de de Gen\u00e7lik Haftas\u0131, birbirinden renkli ve \u00e7e\u015fitli etkinliklerle dolu dolu kutlanmaya devam edecek. T\u00fcm halk\u0131m\u0131z\u0131, bu co\u015fkuya ortak olmaya ve gen\u00e7lerimizin yan\u0131nda olmaya davet ediyoruz.&#8221; ifadelerinde bulundu.<br \/>\n<\/span><span style=\"font-family: arial, helvetica, sans-serif;\">Hafta boyunca s\u00fcrecek programlar kapsam\u0131nda gen\u00e7ler; \u00d6zel Sporcular \u015eenli\u011fi, bisiklet turu, futbol, basketbol ve voleybol turnuvalar\u0131, E-Spor m\u00fcsabakalar\u0131, gen\u00e7lik konserleri, g\u00fczel sanatlar sergileri, softbol ve yelken \u015fampiyonas\u0131 gibi bir\u00e7ok etkinlikte bir araya gelerek yeteneklerini sergileme f\u0131rsat\u0131 bulacak. \u0130HA<\/span><\/span><\/p>\n<p>&nbsp;<\/p>\n","protected":false},"excerpt":{"rendered":"<p>15-21 May\u0131s tarihleri aras\u0131nda T\u00fcrkiye genelinde d\u00fczenlenen Gen\u00e7lik Haftas\u0131, bu y\u0131l da gen\u00e7lerin kat\u0131l\u0131m\u0131yla b\u00fcy\u00fck heyecana sahne oluyor. T\u00fcrkiye\u2019nin d\u00f6rt<\/p>\n","protected":false},"author":3,"featured_media":28610,"comment_status":"open","ping_status":"open","sticky":false,"template":"","format":"standard","meta":{"colormag_page_container_layout":"default_layout","colormag_page_sidebar_layout":"default_layout","footnotes":""},"categories":[1,5,9],"tags":[],"class_list":["post-28609","post","type-post","status-publish","format-standard","has-post-thumbnail","hentry","category-genel","category-gundem","category-spor"],"_links":{"self":[{"href":"https:\/\/marmarayerelhizmet.com\/index.php\/wp-json\/wp\/v2\/posts\/28609","targetHints":{"allow":["GET"]}}],"collection":[{"href":"https:\/\/marmarayerelhizmet.com\/index.php\/wp-json\/wp\/v2\/posts"}],"about":[{"href":"https:\/\/marmarayerelhizmet.com\/index.php\/wp-json\/wp\/v2\/types\/post"}],"author":[{"embeddable":true,"href":"https:\/\/marmarayerelhizmet.com\/index.php\/wp-json\/wp\/v2\/users\/3"}],"replies":[{"embeddable":true,"href":"https:\/\/marmarayerelhizmet.com\/index.php\/wp-json\/wp\/v2\/comments?post=28609"}],"version-history":[{"count":0,"href":"https:\/\/marmarayerelhizmet.com\/index.php\/wp-json\/wp\/v2\/posts\/28609\/revisions"}],"wp:featuredmedia":[{"embeddable":true,"href":"https:\/\/marmarayerelhizmet.com\/index.php\/wp-json\/wp\/v2\/media\/28610"}],"wp:attachment":[{"href":"https:\/\/marmarayerelhizmet.com\/index.php\/wp-json\/wp\/v2\/media?parent=28609"}],"wp:term":[{"taxonomy":"category","embeddable":true,"href":"https:\/\/marmarayerelhizmet.com\/index.php\/wp-json\/wp\/v2\/categories?post=28609"},{"taxonomy":"post_tag","embeddable":true,"href":"https:\/\/marmarayerelhizmet.com\/index.php\/wp-json\/wp\/v2\/tags?post=28609"}],"curies":[{"name":"wp","href":"https:\/\/api.w.org\/{rel}","templated":true}]}}