{"id":28605,"date":"2025-05-14T00:00:07","date_gmt":"2025-05-13T21:00:07","guid":{"rendered":"https:\/\/marmarayerelhizmet.com\/?p=28605"},"modified":"2025-05-13T19:15:31","modified_gmt":"2025-05-13T16:15:31","slug":"balikesirde-belediye-kendi-cimini-uretiyor","status":"publish","type":"post","link":"https:\/\/marmarayerelhizmet.com\/index.php\/2025\/05\/14\/balikesirde-belediye-kendi-cimini-uretiyor\/","title":{"rendered":"Bal\u0131kesir\u2019de Belediye Kendi \u00c7imini \u00dcretiyor"},"content":{"rendered":"<p><strong><span style=\"font-family: arial, helvetica, sans-serif; font-size: 14px;\">\u00a0<\/span><span style=\"font-family: arial, helvetica, sans-serif; font-size: 14px;\">Bal\u0131kesir B\u00fcy\u00fck\u015fehir Belediyesi, ye\u015fil alanlarda kulland\u0131\u011f\u0131 rulo \u00e7imleri, BA\u00c7EM yerle\u015fkesinde 14 bin 200 metrekarelik alanda kendisi \u00fcretiyor. Daha az su t\u00fcketen ve kurakl\u0131\u011fa dayan\u0131kl\u0131 \u00e7imler belediye b\u00fct\u00e7esine katk\u0131 sa\u011flarken peyzaj alanlar\u0131n\u0131 da g\u00fczelle\u015ftiriyor.<\/span><\/strong><\/p>\n<p><span style=\"font-family: arial, helvetica, sans-serif; font-size: 14px;\">S\u00fcrd\u00fcr\u00fclebilir bir \u00e7evre y\u00f6netimi ad\u0131na bir\u00e7ok \u00f6nemli \u00e7al\u0131\u015fmaya imza atan Bal\u0131kesir B\u00fcy\u00fck\u015fehir Belediye Ba\u015fkan\u0131 Ahmet Ak\u0131n \u00f6nc\u00fcl\u00fc\u011f\u00fcnde B\u00fcy\u00fck\u015fehir Belediyesi kendi imk\u00e2nlar\u0131yla \u00fcretti\u011fi \u00e7imleri, peyzaj d\u00fczenlemelerinde kullanarak belediye b\u00fct\u00e7esine katk\u0131 sunuyor. Bal\u0131kesir B\u00fcy\u00fck\u015fehir Belediyesi \u0130l\u00e7e Hizmetleri 1. B\u00f6lge Dairesi Ba\u015fkanl\u0131\u011f\u0131 koordinasyonunda Bal\u0131kesir B\u00fcy\u00fck\u015fehir Belediyesi\u2019ne ba\u011fl\u0131 Bal\u0131kesir \u00c7ift\u00e7i E\u011fitim Merkezi (BA\u00c7EM) yerle\u015fkesinde 14 bin 200 metrekarelik alanda \u00e7im ekimi tamamland\u0131. Hasad\u0131 yap\u0131lan \u00e7imler, peyzaj alanlar\u0131n\u0131 renklendirdi.<\/span><\/p>\n<p><strong><span style=\"font-family: arial, helvetica, sans-serif; font-size: 14px;\">HEM EKONOM\u0130K HEM \u00c7EVREC\u0130<br \/>\n<\/span><\/strong><span style=\"font-family: arial, helvetica, sans-serif; font-size: 14px;\">BA\u00c7EM yerle\u015fkesinde Bal\u0131kesir B\u00fcy\u00fck\u015fehir Belediyesi taraf\u0131ndan \u00fcretilen rulo \u00e7imler, Edremit il\u00e7esinde Alt\u0131noluk Ya\u011fc\u0131lar Halk Plaj\u0131 ve Antandros Halk Plaj\u0131\u2019ndaki ye\u015fil alanlarda kullan\u0131lmaya ba\u015fland\u0131. Edremit\u2019in yan\u0131 s\u0131ra Havran, Burhaniye, G\u00f6me\u00e7 ve Ayval\u0131k\u2019taki peyzaj alanlar\u0131nda \u00e7im serimi yap\u0131lmas\u0131n\u0131n yan\u0131 s\u0131ra yeni ba\u015flayacak pek \u00e7ok projede de belediyenin kendi b\u00fcnyesinde \u00fcretti\u011fi \u00e7imler kullan\u0131lacak. Su t\u00fcketimi daha az olan kurakl\u0131\u011fa dayan\u0131kl\u0131 bu rulo \u00e7imler, hem \u015fehrin ihtiyac\u0131n\u0131 kar\u015f\u0131layacak, hem de belediye b\u00fct\u00e7esine katk\u0131 sa\u011flayacak.<\/span><\/p>\n<p>&nbsp;<\/p>\n","protected":false},"excerpt":{"rendered":"<p>\u00a0Bal\u0131kesir B\u00fcy\u00fck\u015fehir Belediyesi, ye\u015fil alanlarda kulland\u0131\u011f\u0131 rulo \u00e7imleri, BA\u00c7EM yerle\u015fkesinde 14 bin 200 metrekarelik alanda kendisi \u00fcretiyor. Daha az su<\/p>\n","protected":false},"author":3,"featured_media":28606,"comment_status":"open","ping_status":"open","sticky":false,"template":"","format":"standard","meta":{"colormag_page_container_layout":"default_layout","colormag_page_sidebar_layout":"default_layout","footnotes":""},"categories":[1,5,8],"tags":[],"class_list":["post-28605","post","type-post","status-publish","format-standard","has-post-thumbnail","hentry","category-genel","category-gundem","category-siyaset"],"_links":{"self":[{"href":"https:\/\/marmarayerelhizmet.com\/index.php\/wp-json\/wp\/v2\/posts\/28605","targetHints":{"allow":["GET"]}}],"collection":[{"href":"https:\/\/marmarayerelhizmet.com\/index.php\/wp-json\/wp\/v2\/posts"}],"about":[{"href":"https:\/\/marmarayerelhizmet.com\/index.php\/wp-json\/wp\/v2\/types\/post"}],"author":[{"embeddable":true,"href":"https:\/\/marmarayerelhizmet.com\/index.php\/wp-json\/wp\/v2\/users\/3"}],"replies":[{"embeddable":true,"href":"https:\/\/marmarayerelhizmet.com\/index.php\/wp-json\/wp\/v2\/comments?post=28605"}],"version-history":[{"count":0,"href":"https:\/\/marmarayerelhizmet.com\/index.php\/wp-json\/wp\/v2\/posts\/28605\/revisions"}],"wp:featuredmedia":[{"embeddable":true,"href":"https:\/\/marmarayerelhizmet.com\/index.php\/wp-json\/wp\/v2\/media\/28606"}],"wp:attachment":[{"href":"https:\/\/marmarayerelhizmet.com\/index.php\/wp-json\/wp\/v2\/media?parent=28605"}],"wp:term":[{"taxonomy":"category","embeddable":true,"href":"https:\/\/marmarayerelhizmet.com\/index.php\/wp-json\/wp\/v2\/categories?post=28605"},{"taxonomy":"post_tag","embeddable":true,"href":"https:\/\/marmarayerelhizmet.com\/index.php\/wp-json\/wp\/v2\/tags?post=28605"}],"curies":[{"name":"wp","href":"https:\/\/api.w.org\/{rel}","templated":true}]}}