{"id":28598,"date":"2025-05-13T19:11:56","date_gmt":"2025-05-13T16:11:56","guid":{"rendered":"https:\/\/marmarayerelhizmet.com\/?p=28598"},"modified":"2025-05-13T19:11:56","modified_gmt":"2025-05-13T16:11:56","slug":"gmka-destegiyle-uretim-guclendi","status":"publish","type":"post","link":"https:\/\/marmarayerelhizmet.com\/index.php\/2025\/05\/13\/gmka-destegiyle-uretim-guclendi\/","title":{"rendered":"GMKA Deste\u011fiyle \u00dcretim G\u00fc\u00e7lendi"},"content":{"rendered":"<p><strong><span style=\"font-family: arial, helvetica, sans-serif; font-size: 14px;\">Sanayi ve Teknoloji Bakanl\u0131\u011f\u0131 Kalk\u0131nma Ajanslar\u0131 Genel M\u00fcd\u00fcrl\u00fc\u011f\u00fc koordinasyonunda faaliyetlerini y\u00fcr\u00fcten G\u00fcney Marmara Kalk\u0131nma Ajans\u0131 (GMKA), &#8220;Y\u00f6netim Dan\u0131\u015fmanl\u0131\u011f\u0131 Teknik Destek Program\u0131&#8221; kapsam\u0131nda G\u00fcney Marmara B\u00f6lgesi\u2019nde y\u00fcr\u00fct\u00fclen projelerle, verimlilik odakl\u0131 ve s\u00fcrd\u00fcr\u00fclebilir ba\u015far\u0131l\u0131 uygulamalar\u0131 hayata ge\u00e7irmeye devam ediyor.<\/span><\/strong><\/p>\n<p><span style=\"font-family: arial, helvetica, sans-serif; font-size: 14px;\">Baykan Mobilya (BAYMOB), GMKA\u2019n\u0131n Teknik Destek Program\u0131 kapsam\u0131nda ba\u015far\u0131l\u0131 bulunarak ger\u00e7ekle\u015ftirdi\u011fi &#8220;Yal\u0131n \u00dcretim Sistemi Kullan\u0131larak \u00dcretim S\u00fcre\u00e7lerinin \u0130yile\u015ftirilmesi&#8221; isimli projesi ile k\u00f6kl\u00fc bir d\u00f6n\u00fc\u015f\u00fcme imza att\u0131. Firma, yal\u0131n \u00fcretim, dijitalle\u015fme ve organizasyonel yap\u0131daki de\u011fi\u015fikliklerle verimlilik ve rekabet g\u00fcc\u00fcn\u00fc \u00f6nemli \u00f6l\u00e7\u00fcde art\u0131rd\u0131.<\/span><\/p>\n<p><strong><span style=\"font-family: arial, helvetica, sans-serif; font-size: 14px;\">&#8220;Bu destek sadece verimlili\u011fi de\u011fil, kurumsal k\u00fclt\u00fcr\u00fc de ileriye ta\u015f\u0131yan bir ad\u0131m oldu&#8221;<br \/>\n<\/span><\/strong><span style=\"font-family: arial, helvetica, sans-serif; font-size: 14px;\">Alm\u0131\u015f olduklar\u0131 deste\u011fin firmada ciddi bir d\u00f6n\u00fc\u015f\u00fcme vesile oldu\u011funu aktaran BAYMOB firma y\u00f6neticisi Emre Baykan, &#8220;Ger\u00e7ekle\u015ftirilen uygulamalar sayesinde \u00fcretim ve depo alanlar\u0131m\u0131zda ciddi bir d\u00fczen sa\u011flad\u0131k. Gereksiz malzemeleri ay\u0131klad\u0131k, ekipman eri\u015fimini h\u0131zland\u0131rd\u0131k. Ayn\u0131 zamanda \u00fcretimdeki israflar\u0131 tespit edip ortadan kald\u0131rarak hem zaman hem maliyet a\u00e7\u0131s\u0131ndan kazan\u00e7 sa\u011flad\u0131k. Kritik ekipmanlarda performans art\u0131\u015f\u0131 elde ettik. En \u00f6nemlisi ise \u00e7al\u0131\u015fanlar\u0131m\u0131z\u0131n s\u00fcrece aktif \u015fekilde kat\u0131lmas\u0131 oldu. E\u011fitimler ve saha uygulamalar\u0131yla 57 personelimizi s\u00fcrece dahil ettik. Bu kat\u0131l\u0131m, ekip i\u00e7inde sahiplenmeyi ve motivasyonu b\u00fcy\u00fck \u00f6l\u00e7\u00fcde art\u0131rd\u0131.&#8221;<br \/>\n<\/span><span style=\"font-family: arial, helvetica, sans-serif; font-size: 14px;\">Y\u00f6netici kadrosunun da bu s\u00fcre\u00e7ten olumlu etkilendi\u011fini dile getiren Baykan, &#8220;G\u00f6rev tan\u0131mlar\u0131n\u0131n netle\u015fmesi ve dijital sistemlerle s\u00fcre\u00e7 takibinin kolayla\u015fmas\u0131, karar alma h\u0131z\u0131m\u0131z\u0131 art\u0131rd\u0131. Ayr\u0131ca \u00fcretim planlama ve maliyetlendirme gibi operasyonel s\u00fcre\u00e7lerimizi dijital ortama ta\u015f\u0131d\u0131k, b\u00f6ylece hem raporlama hem veri do\u011frulu\u011funda ciddi geli\u015fmeler sa\u011flad\u0131k. K\u0131sacas\u0131, bu teknik destek s\u00fcreci Baykan Mobilya\u2019da sadece verimlili\u011fi de\u011fil, kurumsal k\u00fclt\u00fcr\u00fc de ileriye ta\u015f\u0131yan bir ad\u0131m oldu. \u015eimdi daha organize, daha bilin\u00e7li ve daha s\u00fcrd\u00fcr\u00fclebilir bir \u00fcretim anlay\u0131\u015f\u0131yla yolumuza devam ediyoruz.&#8221;<\/span><\/p>\n<p><strong><span style=\"font-family: arial, helvetica, sans-serif; font-size: 14px;\">&#8220;\u00c7ok verimli, planl\u0131 ve s\u00fcrd\u00fcr\u00fclebilir bir \u00fcretim modeline ge\u00e7i\u015f yapt\u0131k.&#8221;<br \/>\n<\/span><\/strong><span style=\"font-family: arial, helvetica, sans-serif; font-size: 14px;\">Daha \u00f6nceki y\u0131llarda GMKA\u2019dan ald\u0131klar\u0131 mali destekle de \u00f6nemli bir yat\u0131r\u0131m ger\u00e7ekle\u015ftirdiklerinden bahseden Baykan, &#8220;Bu destek ile edindi\u011fimiz makine ve ekipmanlarla ikinci bir \u00fcretim band\u0131 kurduk. Bu yeni hat sayesinde \u00fcretim kapasitemiz artt\u0131, i\u015f s\u00fcre\u00e7lerimiz h\u0131z kazand\u0131. Ayn\u0131 d\u00f6nemde istihdam say\u0131m\u0131z\u0131 da art\u0131rarak hem \u00fcretim g\u00fcc\u00fcm\u00fcz\u00fc hem de b\u00f6lgedeki ekonomik katk\u0131m\u0131z\u0131 b\u00fcy\u00fctme f\u0131rsat\u0131 yakalam\u0131\u015ft\u0131k. Bug\u00fcn ise ald\u0131\u011f\u0131m\u0131z teknik destekle bu fiziksel kapasiteyi g\u00fc\u00e7l\u00fc bir organizasyon yap\u0131s\u0131, dijital sistemler ve yal\u0131n y\u00f6netim anlay\u0131\u015f\u0131yla tamamlayarak, \u00e7ok daha verimli, planl\u0131 ve s\u00fcrd\u00fcr\u00fclebilir bir \u00fcretim modeline ge\u00e7i\u015f yapt\u0131k&#8221; diye konu\u015ftu.<br \/>\n<\/span><span style=\"font-family: arial, helvetica, sans-serif; font-size: 14px;\">GMKA, bu y\u0131l da &#8220;Y\u00f6netim Dan\u0131\u015fmanl\u0131\u011f\u0131&#8221;, &#8220;Be\u015feri ve Sosyal Geli\u015fim&#8221; ile &#8220;Yat\u0131r\u0131m Ortam\u0131n\u0131n \u0130yile\u015ftirilmesi&#8221; ba\u015fl\u0131klar\u0131 alt\u0131nda \u00fc\u00e7 farkl\u0131 konuda Teknik Destek Program\u0131 ile b\u00f6lgeye katk\u0131 sunmaya devam ediyor. Desteklerden faydalanmak isteyenler ba\u015fvurular\u0131n\u0131 www.gmka.gov.tr adresi \u00fczerinden ger\u00e7ekle\u015ftirebiliyor. \u0130HA<\/span><\/p>\n","protected":false},"excerpt":{"rendered":"<p>Sanayi ve Teknoloji Bakanl\u0131\u011f\u0131 Kalk\u0131nma Ajanslar\u0131 Genel M\u00fcd\u00fcrl\u00fc\u011f\u00fc koordinasyonunda faaliyetlerini y\u00fcr\u00fcten G\u00fcney Marmara Kalk\u0131nma Ajans\u0131 (GMKA), &#8220;Y\u00f6netim Dan\u0131\u015fmanl\u0131\u011f\u0131 Teknik Destek<\/p>\n","protected":false},"author":3,"featured_media":28599,"comment_status":"open","ping_status":"open","sticky":false,"template":"","format":"standard","meta":{"colormag_page_container_layout":"default_layout","colormag_page_sidebar_layout":"default_layout","footnotes":""},"categories":[3,1,5],"tags":[],"class_list":["post-28598","post","type-post","status-publish","format-standard","has-post-thumbnail","hentry","category-ekonomi","category-genel","category-gundem"],"_links":{"self":[{"href":"https:\/\/marmarayerelhizmet.com\/index.php\/wp-json\/wp\/v2\/posts\/28598","targetHints":{"allow":["GET"]}}],"collection":[{"href":"https:\/\/marmarayerelhizmet.com\/index.php\/wp-json\/wp\/v2\/posts"}],"about":[{"href":"https:\/\/marmarayerelhizmet.com\/index.php\/wp-json\/wp\/v2\/types\/post"}],"author":[{"embeddable":true,"href":"https:\/\/marmarayerelhizmet.com\/index.php\/wp-json\/wp\/v2\/users\/3"}],"replies":[{"embeddable":true,"href":"https:\/\/marmarayerelhizmet.com\/index.php\/wp-json\/wp\/v2\/comments?post=28598"}],"version-history":[{"count":0,"href":"https:\/\/marmarayerelhizmet.com\/index.php\/wp-json\/wp\/v2\/posts\/28598\/revisions"}],"wp:featuredmedia":[{"embeddable":true,"href":"https:\/\/marmarayerelhizmet.com\/index.php\/wp-json\/wp\/v2\/media\/28599"}],"wp:attachment":[{"href":"https:\/\/marmarayerelhizmet.com\/index.php\/wp-json\/wp\/v2\/media?parent=28598"}],"wp:term":[{"taxonomy":"category","embeddable":true,"href":"https:\/\/marmarayerelhizmet.com\/index.php\/wp-json\/wp\/v2\/categories?post=28598"},{"taxonomy":"post_tag","embeddable":true,"href":"https:\/\/marmarayerelhizmet.com\/index.php\/wp-json\/wp\/v2\/tags?post=28598"}],"curies":[{"name":"wp","href":"https:\/\/api.w.org\/{rel}","templated":true}]}}