{"id":28593,"date":"2025-05-13T19:09:40","date_gmt":"2025-05-13T16:09:40","guid":{"rendered":"https:\/\/marmarayerelhizmet.com\/?p=28593"},"modified":"2025-05-13T19:09:40","modified_gmt":"2025-05-13T16:09:40","slug":"buyuksehirden-aricilik-sektorune-onemli-destek","status":"publish","type":"post","link":"https:\/\/marmarayerelhizmet.com\/index.php\/2025\/05\/13\/buyuksehirden-aricilik-sektorune-onemli-destek\/","title":{"rendered":"B\u00fcy\u00fck\u015fehir\u2019den Ar\u0131c\u0131l\u0131k Sekt\u00f6r\u00fcne \u00d6nemli Destek"},"content":{"rendered":"<p><span style=\"font-family: arial, helvetica, sans-serif; font-size: 14px;\"><strong>S\u00fcrd\u00fcr\u00fclebilir kalk\u0131nma hedefleri kapsam\u0131nda ar\u0131c\u0131l\u0131\u011f\u0131 destekleyen Bal\u0131kesir B\u00fcy\u00fck\u015fehir Belediye Ba\u015fkan\u0131 Ahmet Ak\u0131n \u00f6nc\u00fcl\u00fc\u011f\u00fcnde ar\u0131c\u0131lara ana ar\u0131 y\u00fcz\u00fc\u011f\u00fc da\u011f\u0131t\u0131m\u0131na ba\u015flayan B\u00fcy\u00fck\u015fehir Belediyesi, 2025 y\u0131l\u0131 boyunca 400 ana ar\u0131 ve 6 bin ar\u0131 y\u00fcz\u00fc\u011f\u00fcn\u00fc \u00fcreticilerle bulu\u015fturacak.<\/strong><\/span><\/p>\n<p><span style=\"font-family: arial, helvetica, sans-serif; font-size: 14px;\">Bal\u0131kesir B\u00fcy\u00fck\u015fehir Belediyesi K\u0131rsal Hizmetler Daire Ba\u015fkanl\u0131\u011f\u0131na ba\u011fl\u0131 Ana Ar\u0131 ve Ar\u0131 \u00dcr\u00fcnleri \u00dcretim Tesisinde, 2025 y\u0131l\u0131nda ar\u0131 yeti\u015ftiricilerine da\u011f\u0131t\u0131lmak \u00fczere 400 ana ar\u0131 ve 6 bin ar\u0131 y\u00fcz\u00fc\u011f\u00fc \u00fcretimi ba\u015flad\u0131. Ar\u0131c\u0131l\u0131\u011f\u0131n geli\u015fmesi ve bal \u00fcretiminde kalitenin artmas\u0131 i\u00e7in \u00fcreticilere verdi\u011fi desteklerle y\u00fczleri g\u00fcld\u00fcren Bal\u0131kesir B\u00fcy\u00fck\u015fehir Belediye Ba\u015fkan\u0131 Ahmet Ak\u0131n\u2019a te\u015fekk\u00fcr eden Bal\u0131kesirli ar\u0131c\u0131lar, da\u011f\u0131t\u0131lan ar\u0131 y\u00fcz\u00fckleri sayesinde bal verimlerinin artaca\u011f\u0131n\u0131 dile getirdiler. Ar\u0131lar\u0131n kolonilerinin sa\u011fl\u0131kl\u0131 ve g\u00fc\u00e7l\u00fc olabilmesi i\u00e7in Ana Ar\u0131 ve Ar\u0131 \u00dcr\u00fcnleri \u00dcretim Tesisinde \u00fcretilen ar\u0131 y\u00fcz\u00fc\u011f\u00fc ve ana ar\u0131lar\u0131, \u00fcreticilere da\u011f\u0131tmaya ba\u015flayan Bal\u0131kesir B\u00fcy\u00fck\u015fehir Belediyesi do\u011fal ar\u0131 \u00fcr\u00fcnlerinde verimin, kalitenin ve katma de\u011ferin art\u0131r\u0131lmas\u0131na sa\u011fl\u0131yor.<\/span><\/p>\n<p><span style=\"font-family: arial, helvetica, sans-serif; font-size: 14px;\"><strong>\u201cAHMET BA\u015eKAN\u2019IMIZA \u00c7OK TE\u015eEKK\u00dcR EDER\u0130Z\u201d<br \/>\n<\/strong>Ar\u0131c\u0131l\u0131\u011f\u0131n geli\u015fmesinde verilen deste\u011fin \u00f6nemli bir katk\u0131 sunaca\u011f\u0131n\u0131 s\u00f6yleyen Hasan \u015een, \u201cBen ar\u0131c\u0131l\u0131\u011fa bu y\u0131l ba\u015fl\u0131yorum. Bu destekler benim ar\u0131lar\u0131m\u0131 bala, yavruya daha erken al\u0131\u015ft\u0131r\u0131yor. Benim i\u00e7in iyi bir uygulama. Bizlere bu imk\u00e2n\u0131 sa\u011flad\u0131\u011f\u0131 i\u00e7in Ahmet Ba\u015fkan\u2019\u0131m\u0131za te\u015fekk\u00fcr ederiz.\u201d ifadelerini kulland\u0131.<\/span><br \/>\n<span style=\"font-family: arial, helvetica, sans-serif; font-size: 14px;\">\u201cGayet g\u00fczel bir uygulama olmu\u015f\u201d diyerek ana ar\u0131 ve ar\u0131 y\u00fcz\u00fc\u011f\u00fc da\u011f\u0131t\u0131m\u0131n\u0131n i\u015flerini kolayla\u015ft\u0131rd\u0131\u011f\u0131n\u0131 belirten Ahmet Ak\u015fam, \u201cBu desteklerin artarak devam etmesini istiyoruz. Bir ana ar\u0131n\u0131n \u00e7\u0131kmas\u0131 yakla\u015f\u0131k 20 ila 25 g\u00fcn\u00fc buluyor. En az\u0131ndan bize yakla\u015f\u0131k 40-45 g\u00fcn gibi bir s\u00fcre kazand\u0131r\u0131yor. Bu a\u00e7\u0131dan da gayet ba\u015far\u0131l\u0131 bir \u00e7al\u0131\u015fma. Bu destek, bal al\u0131m\u0131nda ve kovan \u00fcretiminde de daha etkili oluyor.\u201d \u015feklinde konu\u015ftu.<\/span><\/p>\n<p><span style=\"font-family: arial, helvetica, sans-serif; font-size: 14px;\"><strong>YEN\u0130 ARICILAR \u0130\u00c7\u0130N HAYAT\u00ce TE\u015eV\u0130K!<br \/>\n<\/strong>Bal\u0131kesir B\u00fcy\u00fck\u015fehir Belediyesi\u2019nin ar\u0131c\u0131lara verdi\u011fi destekten mutlu oldu\u011funu dile getiren O\u011fuz Kandolu, \u201c\u00c7ok g\u00fczel bir uygulama. Bizim gibi yeni ar\u0131c\u0131lar i\u00e7in \u00f6nemli bir te\u015fvik.\u201d diyerek verdi\u011fi destekten dolay\u0131 Ba\u015fkan Ak\u0131n\u2019a te\u015fekk\u00fcr etti.<\/span><br \/>\n<span style=\"font-family: arial, helvetica, sans-serif; font-size: 14px;\">Ar\u0131c\u0131l\u0131kla u\u011fra\u015fan Murat Ba\u015fkurt, \u201cT\u00fcm ya\u015fam i\u00e7in, insanlar i\u00e7in ve ya\u015fayabilmek i\u00e7in \u00e7ok g\u00fczel bir fayda. Ar\u0131 olmazsa hayat olmaz. Bu g\u00fczel destekten dolay\u0131, biz ar\u0131c\u0131lara bu imk\u00e2n\u0131 sa\u011flad\u0131\u011f\u0131 i\u00e7in Bal\u0131kesir B\u00fcy\u00fck\u015fehir Belediye Ba\u015fkan\u0131m\u0131z Ahmet Ak\u0131n\u2019a te\u015fekk\u00fcr ederiz.\u201d s\u00f6zleriyle memnuniyetini dile getirdi.<\/span><\/p>\n","protected":false},"excerpt":{"rendered":"<p>S\u00fcrd\u00fcr\u00fclebilir kalk\u0131nma hedefleri kapsam\u0131nda ar\u0131c\u0131l\u0131\u011f\u0131 destekleyen Bal\u0131kesir B\u00fcy\u00fck\u015fehir Belediye Ba\u015fkan\u0131 Ahmet Ak\u0131n \u00f6nc\u00fcl\u00fc\u011f\u00fcnde ar\u0131c\u0131lara ana ar\u0131 y\u00fcz\u00fc\u011f\u00fc da\u011f\u0131t\u0131m\u0131na ba\u015flayan B\u00fcy\u00fck\u015fehir<\/p>\n","protected":false},"author":3,"featured_media":28594,"comment_status":"open","ping_status":"open","sticky":false,"template":"","format":"standard","meta":{"colormag_page_container_layout":"default_layout","colormag_page_sidebar_layout":"default_layout","footnotes":""},"categories":[3,1,5,8],"tags":[],"class_list":["post-28593","post","type-post","status-publish","format-standard","has-post-thumbnail","hentry","category-ekonomi","category-genel","category-gundem","category-siyaset"],"_links":{"self":[{"href":"https:\/\/marmarayerelhizmet.com\/index.php\/wp-json\/wp\/v2\/posts\/28593","targetHints":{"allow":["GET"]}}],"collection":[{"href":"https:\/\/marmarayerelhizmet.com\/index.php\/wp-json\/wp\/v2\/posts"}],"about":[{"href":"https:\/\/marmarayerelhizmet.com\/index.php\/wp-json\/wp\/v2\/types\/post"}],"author":[{"embeddable":true,"href":"https:\/\/marmarayerelhizmet.com\/index.php\/wp-json\/wp\/v2\/users\/3"}],"replies":[{"embeddable":true,"href":"https:\/\/marmarayerelhizmet.com\/index.php\/wp-json\/wp\/v2\/comments?post=28593"}],"version-history":[{"count":0,"href":"https:\/\/marmarayerelhizmet.com\/index.php\/wp-json\/wp\/v2\/posts\/28593\/revisions"}],"wp:featuredmedia":[{"embeddable":true,"href":"https:\/\/marmarayerelhizmet.com\/index.php\/wp-json\/wp\/v2\/media\/28594"}],"wp:attachment":[{"href":"https:\/\/marmarayerelhizmet.com\/index.php\/wp-json\/wp\/v2\/media?parent=28593"}],"wp:term":[{"taxonomy":"category","embeddable":true,"href":"https:\/\/marmarayerelhizmet.com\/index.php\/wp-json\/wp\/v2\/categories?post=28593"},{"taxonomy":"post_tag","embeddable":true,"href":"https:\/\/marmarayerelhizmet.com\/index.php\/wp-json\/wp\/v2\/tags?post=28593"}],"curies":[{"name":"wp","href":"https:\/\/api.w.org\/{rel}","templated":true}]}}