{"id":28589,"date":"2025-05-13T19:07:03","date_gmt":"2025-05-13T16:07:03","guid":{"rendered":"https:\/\/marmarayerelhizmet.com\/?p=28589"},"modified":"2025-05-13T19:07:03","modified_gmt":"2025-05-13T16:07:03","slug":"49-judocu-kusak-atladi","status":"publish","type":"post","link":"https:\/\/marmarayerelhizmet.com\/index.php\/2025\/05\/13\/49-judocu-kusak-atladi\/","title":{"rendered":"49 Judocu Ku\u015fak Atlad\u0131"},"content":{"rendered":"<p><strong><span style=\"font-family: arial, helvetica, sans-serif; font-size: 14px;\">Bal\u0131kesir B\u00fcy\u00fck\u015fehir Belediyesi Band\u0131rma Gen\u00e7lik ve Spor Merkezi\u2019nde judo e\u011fitimi alan 49 \u00f6\u011frenci, d\u00fczenlenen ku\u015fak s\u0131nav\u0131n\u0131 ba\u015far\u0131yla tamamlayarak bir \u00fcst seviyeye y\u00fckseldi. D\u00fczenlenen t\u00f6rende \u00f6\u011frencilere ku\u015faklar\u0131 ve sertifikalar\u0131 takdim edildi.<\/span><\/strong><\/p>\n<p><span style=\"font-family: arial, helvetica, sans-serif; font-size: 14px;\">Bal\u0131kesir B\u00fcy\u00fck\u015fehir Belediye Ba\u015fkan\u0131 Ahmet Ak\u0131n\u2019\u0131n spora ve gen\u00e7li\u011fe verdi\u011fi destek meyvelerini vermeye devam ediyor. Bu kapsamda Band\u0131rma Gen\u00e7lik ve Spor Merkezi\u2019nde e\u011fitim alan 49 judo \u00f6\u011frencisi, ku\u015fak s\u0131nav\u0131n\u0131 ba\u015far\u0131yla tamamlay\u0131p bir \u00fcst seviyeye y\u00fckseldi. \u00d6\u011frenciler i\u00e7in d\u00fczenlenen ku\u015fak t\u00f6reni, hem sporcular hem de aileleri i\u00e7in gurur dolu anlara sahne oldu. Band\u0131rma Gen\u00e7lik ve Spor Merkezi\u2019nde d\u00fczenlenen ku\u015fak t\u00f6reninde; Bal\u0131kesir B\u00fcy\u00fck\u015fehir Belediyesi Meclis \u00dcyesi Canset Sevim, T\u00fcrkiye Karate Federasyonu Bal\u0131kesir \u0130l Temsilcisi Ahmet Levent Kara\u00e7ay, Gen\u00e7lik ve Spor Merkezi Koordinat\u00f6r\u00fc \u015eimal Ka\u015f\u0131kc\u0131, Ba\u015f Antren\u00f6r Alican Elkatm\u0131\u015f ve Judo Antren\u00f6r\u00fc G\u00fclen Kaynak ve \u00e7ok say\u0131da \u00f6\u011frenci velisi yer ald\u0131.<\/span><\/p>\n<p><strong><span style=\"font-family: arial, helvetica, sans-serif; font-size: 14px;\">\u201cHEM BA\u015eARI HEM \u00d6\u011eRENC\u0130 SAYIMIZ ARTTI\u201d<br \/>\n<\/span><\/strong><span style=\"font-family: arial, helvetica, sans-serif; font-size: 14px;\">T\u00f6renin a\u00e7\u0131l\u0131\u015f konu\u015fmas\u0131n\u0131 yapan Gen\u00e7lik ve Spor Merkezi Koordinat\u00f6r\u00fc \u015eimal Ka\u015f\u0131kc\u0131, B\u00fcy\u00fck\u015fehir Belediye Ba\u015fkan\u0131 Ahmet Ak\u0131n\u2019\u0131n spora ve sporcuya verdi\u011fi \u00f6neme dikkat \u00e7ekerek, \u201cBa\u015fkan\u0131m\u0131z\u0131n deste\u011fiyle Bal\u0131kesir\u2019de gen\u00e7lerimize umut ve motivasyon katmaya devam ediyoruz. \u0130\u00e7inde bulundu\u011fumuz d\u00f6nemde hem ba\u015far\u0131 hem de \u00f6\u011frenci say\u0131m\u0131z artt\u0131,\u201d ifadelerini kulland\u0131. Ka\u015f\u0131kc\u0131, \u00f6\u011frenci ve velilere emeklerinden dolay\u0131 te\u015fekk\u00fcr etti.<\/span><br \/>\n<span style=\"font-family: arial, helvetica, sans-serif; font-size: 14px;\">Judo Antren\u00f6r\u00fc G\u00fclen Kaynak ise konu\u015fmas\u0131nda \u00f6\u011frencilerini g\u00f6sterdikleri geli\u015fim ve y\u00fcksek performans sebebiyle kutlad\u0131. Ba\u015fkan Ahmet Ak\u0131n\u2019\u0131n sporun her bran\u015f\u0131na verdi\u011fi destek sayesinde \u00f6nemli ad\u0131mlar at\u0131ld\u0131\u011f\u0131n\u0131 dile getirdi. Daha sonra \u00f6\u011frencilerin sergiledi\u011fi judo g\u00f6sterilerinin ard\u0131ndan ku\u015fak ve sertifika takdimine ge\u00e7ilen program, \u00e7ekilen toplu hat\u0131ra foto\u011fraf\u0131 ile sona erdi.<\/span><\/p>\n","protected":false},"excerpt":{"rendered":"<p>Bal\u0131kesir B\u00fcy\u00fck\u015fehir Belediyesi Band\u0131rma Gen\u00e7lik ve Spor Merkezi\u2019nde judo e\u011fitimi alan 49 \u00f6\u011frenci, d\u00fczenlenen ku\u015fak s\u0131nav\u0131n\u0131 ba\u015far\u0131yla tamamlayarak bir \u00fcst<\/p>\n","protected":false},"author":3,"featured_media":28590,"comment_status":"open","ping_status":"open","sticky":false,"template":"","format":"standard","meta":{"colormag_page_container_layout":"default_layout","colormag_page_sidebar_layout":"default_layout","footnotes":""},"categories":[1,5,8,9],"tags":[],"class_list":["post-28589","post","type-post","status-publish","format-standard","has-post-thumbnail","hentry","category-genel","category-gundem","category-siyaset","category-spor"],"_links":{"self":[{"href":"https:\/\/marmarayerelhizmet.com\/index.php\/wp-json\/wp\/v2\/posts\/28589","targetHints":{"allow":["GET"]}}],"collection":[{"href":"https:\/\/marmarayerelhizmet.com\/index.php\/wp-json\/wp\/v2\/posts"}],"about":[{"href":"https:\/\/marmarayerelhizmet.com\/index.php\/wp-json\/wp\/v2\/types\/post"}],"author":[{"embeddable":true,"href":"https:\/\/marmarayerelhizmet.com\/index.php\/wp-json\/wp\/v2\/users\/3"}],"replies":[{"embeddable":true,"href":"https:\/\/marmarayerelhizmet.com\/index.php\/wp-json\/wp\/v2\/comments?post=28589"}],"version-history":[{"count":0,"href":"https:\/\/marmarayerelhizmet.com\/index.php\/wp-json\/wp\/v2\/posts\/28589\/revisions"}],"wp:featuredmedia":[{"embeddable":true,"href":"https:\/\/marmarayerelhizmet.com\/index.php\/wp-json\/wp\/v2\/media\/28590"}],"wp:attachment":[{"href":"https:\/\/marmarayerelhizmet.com\/index.php\/wp-json\/wp\/v2\/media?parent=28589"}],"wp:term":[{"taxonomy":"category","embeddable":true,"href":"https:\/\/marmarayerelhizmet.com\/index.php\/wp-json\/wp\/v2\/categories?post=28589"},{"taxonomy":"post_tag","embeddable":true,"href":"https:\/\/marmarayerelhizmet.com\/index.php\/wp-json\/wp\/v2\/tags?post=28589"}],"curies":[{"name":"wp","href":"https:\/\/api.w.org\/{rel}","templated":true}]}}