{"id":28578,"date":"2025-04-23T20:03:02","date_gmt":"2025-04-23T17:03:02","guid":{"rendered":"https:\/\/marmarayerelhizmet.com\/?p=28578"},"modified":"2025-04-24T00:03:48","modified_gmt":"2025-04-23T21:03:48","slug":"balikesirde-23-nisan-coskusu-3","status":"publish","type":"post","link":"https:\/\/marmarayerelhizmet.com\/index.php\/2025\/04\/23\/balikesirde-23-nisan-coskusu-3\/","title":{"rendered":"Bal\u0131kesir\u2019de 23 Nisan Co\u015fkusu"},"content":{"rendered":"<div class=\"tg-post\">\n<article id=\"post-42305\" class=\"post-42305 post type-post status-publish format-standard has-post-thumbnail hentry category-genel category-siyaset\">\n<div class=\"cm-post-content\">\n<div class=\"cm-entry-summary\">\n<p><span style=\"font-family: arial, helvetica, sans-serif; font-size: 14px;\"><strong>23 Nisan Ulusal Egemenlik ve \u00c7ocuk Bayram\u0131 Bal\u0131kesir Valili\u011fi \u0130l Milli E\u011fitim M\u00fcd\u00fcrl\u00fc\u011f\u00fc taraf\u0131ndan d\u00fczenlenen programla co\u015fkuyla kutland\u0131. Atat\u00fcrk An\u0131t\u0131na \u00e7elenk sunumuyla ba\u015flayan kutlamalar daha sonra Kurtdereli Spor Salonunda devam etti.<\/strong><\/span><\/p>\n<p><span style=\"font-family: arial, helvetica, sans-serif; font-size: 14px;\">Sayg\u0131 Duru\u015fu ve \u0130stiklal Mar\u015f\u0131n\u0131n okunmas\u0131yla ba\u015flayan Kurtdereli Spor Salonundaki kutlamalarda anaokulu, ilkokul ve ortaokul \u00f6\u011frencilerinin haz\u0131rlad\u0131\u011f\u0131 g\u00f6steriler yer ald\u0131. \u00d6\u011frenciler haz\u0131rlad\u0131klar\u0131 koreografilerle izleyenler taraf\u0131ndan b\u00fcy\u00fck alk\u0131\u015f ald\u0131. Kutlamalar\u0131n finalinde g\u00f6steriler yapan \u00f6\u011frencilerin haz\u0131rlad\u0131\u011f\u0131 105 y\u0131l g\u00f6rseli ile il protokol\u00fc \u00f6\u011frencilerle birlikte foto\u011fraf \u00e7ektirdi.<\/span><br \/>\n<span style=\"font-family: arial, helvetica, sans-serif; font-size: 14px;\">23 Nisan Ulusal Egemenlik ve \u00c7ocuk Bayram\u0131 kutlamalar\u0131na Vali \u0130smail Ustao\u011flu, B\u00fcy\u00fck\u015fehir Belediye Ba\u015fkan\u0131 Ahmet Ak\u0131n, il\u00e7e belediye ba\u015fkanlar\u0131, \u00f6\u011frenciler ve aileleri kat\u0131ld\u0131. \u0130HA<\/span><\/p>\n<\/div>\n<\/div>\n<\/article>\n<\/div>\n<p>&nbsp;<\/p>\n","protected":false},"excerpt":{"rendered":"<p>23 Nisan Ulusal Egemenlik ve \u00c7ocuk Bayram\u0131 Bal\u0131kesir Valili\u011fi \u0130l Milli E\u011fitim M\u00fcd\u00fcrl\u00fc\u011f\u00fc taraf\u0131ndan d\u00fczenlenen programla co\u015fkuyla kutland\u0131. Atat\u00fcrk An\u0131t\u0131na<\/p>\n","protected":false},"author":3,"featured_media":28579,"comment_status":"open","ping_status":"open","sticky":false,"template":"","format":"standard","meta":{"colormag_page_container_layout":"default_layout","colormag_page_sidebar_layout":"default_layout","footnotes":""},"categories":[1,5,8],"tags":[],"class_list":["post-28578","post","type-post","status-publish","format-standard","has-post-thumbnail","hentry","category-genel","category-gundem","category-siyaset"],"_links":{"self":[{"href":"https:\/\/marmarayerelhizmet.com\/index.php\/wp-json\/wp\/v2\/posts\/28578","targetHints":{"allow":["GET"]}}],"collection":[{"href":"https:\/\/marmarayerelhizmet.com\/index.php\/wp-json\/wp\/v2\/posts"}],"about":[{"href":"https:\/\/marmarayerelhizmet.com\/index.php\/wp-json\/wp\/v2\/types\/post"}],"author":[{"embeddable":true,"href":"https:\/\/marmarayerelhizmet.com\/index.php\/wp-json\/wp\/v2\/users\/3"}],"replies":[{"embeddable":true,"href":"https:\/\/marmarayerelhizmet.com\/index.php\/wp-json\/wp\/v2\/comments?post=28578"}],"version-history":[{"count":0,"href":"https:\/\/marmarayerelhizmet.com\/index.php\/wp-json\/wp\/v2\/posts\/28578\/revisions"}],"wp:featuredmedia":[{"embeddable":true,"href":"https:\/\/marmarayerelhizmet.com\/index.php\/wp-json\/wp\/v2\/media\/28579"}],"wp:attachment":[{"href":"https:\/\/marmarayerelhizmet.com\/index.php\/wp-json\/wp\/v2\/media?parent=28578"}],"wp:term":[{"taxonomy":"category","embeddable":true,"href":"https:\/\/marmarayerelhizmet.com\/index.php\/wp-json\/wp\/v2\/categories?post=28578"},{"taxonomy":"post_tag","embeddable":true,"href":"https:\/\/marmarayerelhizmet.com\/index.php\/wp-json\/wp\/v2\/tags?post=28578"}],"curies":[{"name":"wp","href":"https:\/\/api.w.org\/{rel}","templated":true}]}}