{"id":28562,"date":"2025-04-21T17:54:25","date_gmt":"2025-04-21T14:54:25","guid":{"rendered":"https:\/\/marmarayerelhizmet.com\/?p=28562"},"modified":"2025-04-21T17:54:25","modified_gmt":"2025-04-21T14:54:25","slug":"akademi-ogretmenleri-ayran-fabrikasini-inceledi","status":"publish","type":"post","link":"https:\/\/marmarayerelhizmet.com\/index.php\/2025\/04\/21\/akademi-ogretmenleri-ayran-fabrikasini-inceledi\/","title":{"rendered":"Akademi \u00d6\u011fretmenleri Ayran Fabrikas\u0131n\u0131 \u0130nceledi"},"content":{"rendered":"<p><strong><span style=\"font-family: arial, helvetica, sans-serif;\">Milli E\u011fitim M\u00fcd\u00fcrl\u00fc\u011f\u00fc \u015eehir K\u00fclt\u00fcr Akademisi 2. D\u00f6nem 3. Etkinli\u011fi &#8220;Bal\u0131kesir\u2019in Tatlar\u0131: Ayran Fabrikas\u0131 Ziyareti&#8221; ba\u015fl\u0131\u011f\u0131 alt\u0131nda \u015fehirde faaliyet g\u00f6steren bir s\u00fct \u00fcr\u00fcnleri fabrikas\u0131nda ger\u00e7ekle\u015ftirildi.<\/span><\/strong><\/p>\n<p><span style=\"font-family: arial, helvetica, sans-serif;\">\u00dcst d\u00fczey y\u00f6netici Yaren Kandemir\u2019in misafiri olan akademi \u00f6\u011fretmenleri, Bal\u0131kesir\u2019in en \u00e7ok tercih edilen yerel tatlar\u0131ndan olan ayran\u0131n \u00fcretim tesisinde ayran\u0131n yap\u0131m\u0131 ile ilgili bilgi ald\u0131. Fabrikan\u0131n g\u0131da m\u00fchendisleri Hasret Utkan ve Ezgi \u00c7ay Demirkan taraf\u0131ndan tesis hakk\u0131nda bilgiler alan akademi \u00f6\u011fretmenler, hijyen kurallar\u0131na uyarak fabrikada k\u00fc\u00e7\u00fck bir gezi ger\u00e7ekle\u015ftirdi.<br \/>\n<\/span><span style=\"font-family: arial, helvetica, sans-serif;\">Yaren Kandemir &#8220;Babaannemin ve dedemin y\u0131llar \u00f6nce ba\u015flatm\u0131\u015f oldu\u011fu \u00fcretimi, bug\u00fcn teknolojinin de deste\u011fiyle h\u0131zland\u0131r\u0131p Bal\u0131kesir\u2019e ve T\u00fcrkiye\u2019ye ula\u015ft\u0131rman\u0131n mutlulu\u011funu ya\u015f\u0131yoruz. \u00d6. ayran\u0131 Bal\u0131kesir i\u00e7in bir imza. Herkesin de bildi\u011fi gibi i\u015fin s\u0131rr\u0131 mayam\u0131zda. \u00d6. ayran\u0131 i\u00e7enler ilk ba\u015fta ek\u015fi diyorlar fakat daha sonra as\u0131l ayran\u0131n bu oldu\u011funu fark ediyorlar. \u00c7\u00fcnk\u00fc katk\u0131 maddesi, koruyucu kullanm\u0131yoruz. Do\u011fall\u0131k en fazla \u00f6nem verdi\u011fimiz konular\u0131n ba\u015f\u0131nda. So\u011fuk zincir, hijyen ve \u00fcretim a\u015famalar\u0131n\u0131n kontrol\u00fc \u00f6nemli. G\u0131da sekt\u00f6r\u00fc geni\u015f ve riskli bir sekt\u00f6r. O y\u00fczden her a\u015fama i\u00e7in ayr\u0131 \u00f6zen g\u00f6steriyoruz. Bal\u0131kesir\u2019in yerel \u00fcr\u00fcnleri olduk\u00e7a kaliteli. Talep de g\u00f6r\u00fcyor. Bu konu t\u00fcm Bal\u0131kesir \u00fcreticileri ad\u0131na mutluluk verici. Son h\u0131zla \u00fcretimimize devam ediyoruz. Bizi ziyaret etti\u011finiz i\u00e7in \u00e7ok mutlu olduk&#8221; dedi.<br \/>\n<\/span><span style=\"font-family: arial, helvetica, sans-serif;\">Akademide yer alan \u00f6\u011fretmenler etkinlik s\u00fcresince ikram edilen ayranlarla lezzetli bir etkinlik ge\u00e7irdiklerini belirttiler. Hijyen kurallar\u0131na tam uyum, personelin tutumu ve g\u00fcler y\u00fczl\u00fc kar\u015f\u0131lama, akademi \u00f6\u011fretmenleri i\u00e7in etkinli\u011fi keyifli hale getirdi. \u0130HA<\/span><\/p>\n","protected":false},"excerpt":{"rendered":"<p>Milli E\u011fitim M\u00fcd\u00fcrl\u00fc\u011f\u00fc \u015eehir K\u00fclt\u00fcr Akademisi 2. D\u00f6nem 3. Etkinli\u011fi &#8220;Bal\u0131kesir\u2019in Tatlar\u0131: Ayran Fabrikas\u0131 Ziyareti&#8221; ba\u015fl\u0131\u011f\u0131 alt\u0131nda \u015fehirde faaliyet g\u00f6steren<\/p>\n","protected":false},"author":3,"featured_media":28563,"comment_status":"open","ping_status":"open","sticky":false,"template":"","format":"standard","meta":{"colormag_page_container_layout":"default_layout","colormag_page_sidebar_layout":"default_layout","footnotes":""},"categories":[45,1,5],"tags":[],"class_list":["post-28562","post","type-post","status-publish","format-standard","has-post-thumbnail","hentry","category-egitim","category-genel","category-gundem"],"_links":{"self":[{"href":"https:\/\/marmarayerelhizmet.com\/index.php\/wp-json\/wp\/v2\/posts\/28562","targetHints":{"allow":["GET"]}}],"collection":[{"href":"https:\/\/marmarayerelhizmet.com\/index.php\/wp-json\/wp\/v2\/posts"}],"about":[{"href":"https:\/\/marmarayerelhizmet.com\/index.php\/wp-json\/wp\/v2\/types\/post"}],"author":[{"embeddable":true,"href":"https:\/\/marmarayerelhizmet.com\/index.php\/wp-json\/wp\/v2\/users\/3"}],"replies":[{"embeddable":true,"href":"https:\/\/marmarayerelhizmet.com\/index.php\/wp-json\/wp\/v2\/comments?post=28562"}],"version-history":[{"count":0,"href":"https:\/\/marmarayerelhizmet.com\/index.php\/wp-json\/wp\/v2\/posts\/28562\/revisions"}],"wp:featuredmedia":[{"embeddable":true,"href":"https:\/\/marmarayerelhizmet.com\/index.php\/wp-json\/wp\/v2\/media\/28563"}],"wp:attachment":[{"href":"https:\/\/marmarayerelhizmet.com\/index.php\/wp-json\/wp\/v2\/media?parent=28562"}],"wp:term":[{"taxonomy":"category","embeddable":true,"href":"https:\/\/marmarayerelhizmet.com\/index.php\/wp-json\/wp\/v2\/categories?post=28562"},{"taxonomy":"post_tag","embeddable":true,"href":"https:\/\/marmarayerelhizmet.com\/index.php\/wp-json\/wp\/v2\/tags?post=28562"}],"curies":[{"name":"wp","href":"https:\/\/api.w.org\/{rel}","templated":true}]}}