{"id":28554,"date":"2025-04-17T00:00:09","date_gmt":"2025-04-16T21:00:09","guid":{"rendered":"https:\/\/marmarayerelhizmet.com\/?p=28554"},"modified":"2025-04-16T19:32:35","modified_gmt":"2025-04-16T16:32:35","slug":"erdekte-su-ve-atiksu-altyapisinda-yeni-donem-basliyor","status":"publish","type":"post","link":"https:\/\/marmarayerelhizmet.com\/index.php\/2025\/04\/17\/erdekte-su-ve-atiksu-altyapisinda-yeni-donem-basliyor\/","title":{"rendered":"Erdek\u2019te Su ve At\u0131ksu Altyap\u0131s\u0131nda Yeni D\u00f6nem Ba\u015fl\u0131yor"},"content":{"rendered":"<p><span style=\"font-family: arial, helvetica, sans-serif; font-size: 14px;\"><strong>Bal\u0131kesir B\u00fcy\u00fck\u015fehir Belediye Ba\u015fkan\u0131 Ahmet Ak\u0131n\u2019\u0131n \u00e7evreci vizyonuyla yat\u0131r\u0131mlar\u0131n\u0131 s\u00fcrd\u00fcren Bal\u0131kesir Su ve Kanalizasyon \u0130daresi Genel M\u00fcd\u00fcrl\u00fc\u011f\u00fc, yar\u0131m kalan projelerden olan Erdek \u0130leri Biyolojik At\u0131ksu Ar\u0131tma Tesisinin y\u00fczde 80\u2019ini tamamlad\u0131. Marmara Denizi\u2019ndeki m\u00fcsilaj olu\u015fumunun \u00f6n\u00fcne ge\u00e7meyi hedefleyen tesis tamamland\u0131\u011f\u0131nda 62 bin 750 ki\u015fiye hizmet verecek.<\/strong><\/span><\/p>\n<p><span style=\"font-family: arial, helvetica, sans-serif; font-size: 14px;\">\u015eehrin her noktas\u0131nda altyap\u0131y\u0131 g\u00fc\u00e7lendirmek i\u00e7in \u00f6nemli \u00e7al\u0131\u015fmalar ger\u00e7ekle\u015ftiren Bal\u0131kesir B\u00fcy\u00fck\u015fehir Belediyesine ba\u011fl\u0131 Bal\u0131kesir Su ve Kanalizasyon \u0130daresi Genel M\u00fcd\u00fcrl\u00fc\u011f\u00fc (BASK\u0130) \u201cErdek il\u00e7esi Kanalizasyon \u015eebeke Hatt\u0131 ve \u0130leri Biyolojik At\u0131ksu Ar\u0131tma Tesisi\u201d yap\u0131m i\u015fini tamaml\u0131yor. Vatanda\u015flara sa\u011fl\u0131kl\u0131 ve kesintisiz su sa\u011flamak i\u00e7in il\u00e7elerdeki yat\u0131r\u0131mlar\u0131 art\u0131ran Bal\u0131kesir B\u00fcy\u00fck\u015fehir Belediye Ba\u015fkan\u0131 Ahmet Ak\u0131n\u2019\u0131n \u00e7evreci vizyonu ile BASK\u0130, yar\u0131m kalan projelerden olan ileri biyolojik at\u0131ksu ar\u0131tma tesisiyle Erdek K\u00f6rfez ve Marmara Denizi\u2019ndeki m\u00fcsilaj olu\u015fumunu \u00f6nlemeyi hedefliyor.<\/span><\/p>\n<p><strong><span style=\"font-family: arial, helvetica, sans-serif; font-size: 14px;\">ERDEK \u0130LER\u0130 B\u0130YOLOJ\u0130K ATIKSU ARITMA <\/span><span style=\"font-family: arial, helvetica, sans-serif; font-size: 14px;\">TES\u0130S\u0130N\u0130N Y\u00dcZDE 80\u2019\u0130 TAMAMLANDI<br \/>\n<\/span><\/strong><span style=\"font-family: arial, helvetica, sans-serif; font-size: 14px;\">Evsel ve end\u00fcstriyel at\u0131k sular\u0131n do\u011fru y\u00f6netilmesi i\u00e7in Erdek il\u00e7esi Kanalizasyon \u015eebeke Hatt\u0131 ve \u0130leri Biyolojik At\u0131ksu Ar\u0131tma Tesisi yap\u0131m \u00e7al\u0131\u015fmalar\u0131n\u0131 t\u00fcm h\u0131z\u0131yla s\u00fcrd\u00fcren BASK\u0130, 61 bin 300 metre kanalizasyon \u015febeke ve terfi hatlar\u0131 ile 8 bin 700 metrek\u00fcp\\g\u00fcn ve 62 bin 750 ki\u015fi kapasiteli ar\u0131tma tesisinin y\u00fczde 80\u2019ini tamamlad\u0131.Halk\u0131n ihtiya\u00e7lar\u0131 do\u011frultusunda yar\u0131m kalan bu projeleri h\u0131zla tamamlayan BASK\u0130, at\u0131ksu y\u00f6netimini de ba\u015far\u0131yla ger\u00e7ekle\u015ftiriyor.<\/span><\/p>\n<p><strong><span style=\"font-family: arial, helvetica, sans-serif; font-size: 14px;\">ERDEK K\u00d6RFEZ\u0130 DAHA TEM\u0130Z OLACAK<br \/>\n<\/span><\/strong><span style=\"font-family: arial, helvetica, sans-serif; font-size: 14px;\">Erdek K\u00f6rfezi ve Marmara Denizi\u2019ndeki \u00e7evre kirlili\u011fini \u00f6nlemek ve gelecek nesillere daha temiz bir \u00e7evre b\u0131rakmak i\u00e7in Erdek\u2019te Kanalizasyon \u015eebeke Hatt\u0131 ve \u0130leri Biyolojik At\u0131ksu Ar\u0131tma Tesisi\u2019nin yap\u0131m i\u015fini b\u00fcy\u00fck \u00f6l\u00e7\u00fcde tamamlayan BASK\u0130, \u00e7evreci yat\u0131r\u0131mlarla \u00f6ne \u00e7\u0131k\u0131yor. Erdek\u2019te kanalizasyon ve ar\u0131tma tesisi altyap\u0131 eksikliklerini giderecek olan ekipler, Erdek K\u00f6rfezini kirleten evsel at\u0131k unsurlar\u0131n\u0131 ortadan kald\u0131rarak m\u00fcsilaj olu\u015fumunun da b\u00fcy\u00fck \u00f6l\u00e7\u00fcde \u00f6n\u00fcne ge\u00e7meyi hedefliyor.<\/span><\/p>\n","protected":false},"excerpt":{"rendered":"<p>Bal\u0131kesir B\u00fcy\u00fck\u015fehir Belediye Ba\u015fkan\u0131 Ahmet Ak\u0131n\u2019\u0131n \u00e7evreci vizyonuyla yat\u0131r\u0131mlar\u0131n\u0131 s\u00fcrd\u00fcren Bal\u0131kesir Su ve Kanalizasyon \u0130daresi Genel M\u00fcd\u00fcrl\u00fc\u011f\u00fc, yar\u0131m kalan projelerden<\/p>\n","protected":false},"author":3,"featured_media":28555,"comment_status":"open","ping_status":"open","sticky":false,"template":"","format":"standard","meta":{"colormag_page_container_layout":"default_layout","colormag_page_sidebar_layout":"default_layout","footnotes":""},"categories":[1,5,8],"tags":[],"class_list":["post-28554","post","type-post","status-publish","format-standard","has-post-thumbnail","hentry","category-genel","category-gundem","category-siyaset"],"_links":{"self":[{"href":"https:\/\/marmarayerelhizmet.com\/index.php\/wp-json\/wp\/v2\/posts\/28554","targetHints":{"allow":["GET"]}}],"collection":[{"href":"https:\/\/marmarayerelhizmet.com\/index.php\/wp-json\/wp\/v2\/posts"}],"about":[{"href":"https:\/\/marmarayerelhizmet.com\/index.php\/wp-json\/wp\/v2\/types\/post"}],"author":[{"embeddable":true,"href":"https:\/\/marmarayerelhizmet.com\/index.php\/wp-json\/wp\/v2\/users\/3"}],"replies":[{"embeddable":true,"href":"https:\/\/marmarayerelhizmet.com\/index.php\/wp-json\/wp\/v2\/comments?post=28554"}],"version-history":[{"count":0,"href":"https:\/\/marmarayerelhizmet.com\/index.php\/wp-json\/wp\/v2\/posts\/28554\/revisions"}],"wp:featuredmedia":[{"embeddable":true,"href":"https:\/\/marmarayerelhizmet.com\/index.php\/wp-json\/wp\/v2\/media\/28555"}],"wp:attachment":[{"href":"https:\/\/marmarayerelhizmet.com\/index.php\/wp-json\/wp\/v2\/media?parent=28554"}],"wp:term":[{"taxonomy":"category","embeddable":true,"href":"https:\/\/marmarayerelhizmet.com\/index.php\/wp-json\/wp\/v2\/categories?post=28554"},{"taxonomy":"post_tag","embeddable":true,"href":"https:\/\/marmarayerelhizmet.com\/index.php\/wp-json\/wp\/v2\/tags?post=28554"}],"curies":[{"name":"wp","href":"https:\/\/api.w.org\/{rel}","templated":true}]}}