{"id":28551,"date":"2025-04-17T00:00:03","date_gmt":"2025-04-16T21:00:03","guid":{"rendered":"https:\/\/marmarayerelhizmet.com\/?p=28551"},"modified":"2025-04-16T19:30:05","modified_gmt":"2025-04-16T16:30:05","slug":"baskan-akindan-a-takimina-tesekkur","status":"publish","type":"post","link":"https:\/\/marmarayerelhizmet.com\/index.php\/2025\/04\/17\/baskan-akindan-a-takimina-tesekkur\/","title":{"rendered":"Ba\u015fkan Ak\u0131n\u2019dan A Tak\u0131m\u0131na Te\u015fekk\u00fcr"},"content":{"rendered":"<p><strong><span style=\"font-family: arial, helvetica, sans-serif; font-size: 14px;\">Bal\u0131kesir B\u00fcy\u00fck\u015fehir Belediye Ba\u015fkan\u0131 Ahmet Ak\u0131n, \u00fcst y\u00f6netimiyle ger\u00e7ekle\u015ftirdi\u011fi toplant\u0131da geride b\u0131rakt\u0131\u011f\u0131 bir y\u0131l\u0131 de\u011ferlendirdi. Yol arkada\u015flar\u0131na \u00f6zverili \u00e7al\u0131\u015fmalar\u0131ndan dolay\u0131 te\u015fekk\u00fcr eden Ak\u0131n, Bal\u0131kesir\u2019in hak etti\u011fi de\u011fere ula\u015fmas\u0131 i\u00e7in gece g\u00fcnd\u00fcz demeden \u00e7al\u0131\u015fmaya devam edeceklerini s\u00f6yledi.<\/span><\/strong><\/p>\n<p><span style=\"font-family: arial, helvetica, sans-serif; font-size: 14px;\">\u00dcst y\u00f6netimiyle toplant\u0131 yapan Bal\u0131kesir B\u00fcy\u00fck\u015fehir Belediye Ba\u015fkan\u0131 Ahmet Ak\u0131n, g\u00f6reve geldi\u011fi g\u00fcnden bug\u00fcne ge\u00e7mi\u015f bir y\u0131l\u0131 de\u011ferlendirerek, emeklerinden dolay\u0131 daire ba\u015fkanlar\u0131na te\u015fekk\u00fcr etti. Kendisinin talimat\u0131yla \u015feffafl\u0131k ilkesini benimseyerek, kamuoyuna a\u00e7\u0131k i\u015f ve i\u015flemleri ger\u00e7ekle\u015ftiren Bal\u0131kesir B\u00fcy\u00fck\u015fehir Belediyesi Genel Sekreteri Naki \u00c7etin, genel sekreter yard\u0131mc\u0131lar\u0131 ve daire ba\u015fkanlar\u0131na \u00f6zellikle te\u015fekk\u00fcr eden Ba\u015fkan Ak\u0131n, \u00f6n\u00fcm\u00fczdeki g\u00fcnlerde planlad\u0131\u011f\u0131 \u201c1. Y\u0131l Bal\u0131kesir Bulu\u015fmas\u0131\u201dnda hayata ge\u00e7irdi\u011fi t\u00fcm projelerle ilgili kapsaml\u0131 bir \u00e7al\u0131\u015fma i\u00e7inde olduklar\u0131n\u0131 belirtti. \u201cBal\u0131kesir Benim Ailem\u201d ilkesiyle g\u00f6reve geldi\u011fi g\u00fcnden bug\u00fcne 20 il\u00e7enin t\u00fcm\u00fcnde ad\u0131m at\u0131lmad\u0131k mahalle b\u0131rakmayan Ba\u015fkan Ak\u0131n, halk\u0131n en iyi ko\u015fullarda ya\u015famlar\u0131n\u0131 s\u00fcrd\u00fcrmeleri ve belediye hizmetlerinden kesintisiz olarak faydalanabilmeleri i\u00e7in t\u00fcm imk\u00e2nlar\u0131 seferber ettiklerini dile getirdi. Bal\u0131kesir B\u00fcy\u00fck\u015fehir Belediyesi Genel Sekreteri Naki \u00c7etin, genel sekreter yard\u0131mc\u0131lar\u0131 ve daire ba\u015fkanlar\u0131n\u0131n kat\u0131l\u0131m\u0131yla ger\u00e7ekle\u015fen toplant\u0131da \u015fehri kalk\u0131nd\u0131racak \u00e7al\u0131\u015fmalar ve projeler hakk\u0131nda kar\u015f\u0131l\u0131kl\u0131 g\u00f6r\u00fc\u015f al\u0131\u015fveri\u015finde bulunuldu.<\/span><\/p>\n","protected":false},"excerpt":{"rendered":"<p>Bal\u0131kesir B\u00fcy\u00fck\u015fehir Belediye Ba\u015fkan\u0131 Ahmet Ak\u0131n, \u00fcst y\u00f6netimiyle ger\u00e7ekle\u015ftirdi\u011fi toplant\u0131da geride b\u0131rakt\u0131\u011f\u0131 bir y\u0131l\u0131 de\u011ferlendirdi. Yol arkada\u015flar\u0131na \u00f6zverili \u00e7al\u0131\u015fmalar\u0131ndan dolay\u0131<\/p>\n","protected":false},"author":3,"featured_media":28552,"comment_status":"open","ping_status":"open","sticky":false,"template":"","format":"standard","meta":{"colormag_page_container_layout":"default_layout","colormag_page_sidebar_layout":"default_layout","footnotes":""},"categories":[1,5,8],"tags":[],"class_list":["post-28551","post","type-post","status-publish","format-standard","has-post-thumbnail","hentry","category-genel","category-gundem","category-siyaset"],"_links":{"self":[{"href":"https:\/\/marmarayerelhizmet.com\/index.php\/wp-json\/wp\/v2\/posts\/28551","targetHints":{"allow":["GET"]}}],"collection":[{"href":"https:\/\/marmarayerelhizmet.com\/index.php\/wp-json\/wp\/v2\/posts"}],"about":[{"href":"https:\/\/marmarayerelhizmet.com\/index.php\/wp-json\/wp\/v2\/types\/post"}],"author":[{"embeddable":true,"href":"https:\/\/marmarayerelhizmet.com\/index.php\/wp-json\/wp\/v2\/users\/3"}],"replies":[{"embeddable":true,"href":"https:\/\/marmarayerelhizmet.com\/index.php\/wp-json\/wp\/v2\/comments?post=28551"}],"version-history":[{"count":0,"href":"https:\/\/marmarayerelhizmet.com\/index.php\/wp-json\/wp\/v2\/posts\/28551\/revisions"}],"wp:featuredmedia":[{"embeddable":true,"href":"https:\/\/marmarayerelhizmet.com\/index.php\/wp-json\/wp\/v2\/media\/28552"}],"wp:attachment":[{"href":"https:\/\/marmarayerelhizmet.com\/index.php\/wp-json\/wp\/v2\/media?parent=28551"}],"wp:term":[{"taxonomy":"category","embeddable":true,"href":"https:\/\/marmarayerelhizmet.com\/index.php\/wp-json\/wp\/v2\/categories?post=28551"},{"taxonomy":"post_tag","embeddable":true,"href":"https:\/\/marmarayerelhizmet.com\/index.php\/wp-json\/wp\/v2\/tags?post=28551"}],"curies":[{"name":"wp","href":"https:\/\/api.w.org\/{rel}","templated":true}]}}