{"id":28549,"date":"2025-04-11T17:25:57","date_gmt":"2025-04-11T14:25:57","guid":{"rendered":"https:\/\/marmarayerelhizmet.com\/?p=28549"},"modified":"2025-04-11T17:25:57","modified_gmt":"2025-04-11T14:25:57","slug":"proje-ortaklarindan-ziyaret","status":"publish","type":"post","link":"https:\/\/marmarayerelhizmet.com\/index.php\/2025\/04\/11\/proje-ortaklarindan-ziyaret\/","title":{"rendered":"Proje Ortaklar\u0131ndan Ziyaret"},"content":{"rendered":"<div class=\"tg-post\">\n<article id=\"post-42101\" class=\"post-42101 post type-post status-publish format-standard has-post-thumbnail hentry category-dunya category-egitim category-genel category-ilceler\">\n<div class=\"cm-post-content\">\n<div class=\"cm-entry-summary\">\n<p><span style=\"font-family: arial, helvetica, sans-serif; font-size: 14px;\"><strong>Karesi \u0130l\u00e7e Mill\u00ee E\u011fitim M\u00fcd\u00fcrl\u00fc\u011f\u00fcn\u00fcn orta\u011f\u0131 oldu\u011fu, \u0130spanya Ourense Dil Okulu koordinat\u00f6rl\u00fc\u011f\u00fcnde y\u00fcr\u00fct\u00fclen Erasmus+ Yeti\u015fkin E\u011fitimi K\u00fc\u00e7\u00fck \u00d6l\u00e7ekli Ortakl\u0131k Projesi (KA210-ADU) alan\u0131ndaki \u201cDIGIRAISE \u2013 Yeti\u015fkin E\u011fitimi \u00d6\u011fretmenlerinin Dijital Yeterliliklerinin Geli\u015ftirilmesi\u201d ba\u015fl\u0131kl\u0131 proje kapsam\u0131nda, T\u00fcrkiye hareketlili\u011fi s\u00fcrecinde Bal\u0131kesir iline gelen \u0130spanyol ve Yunanistanl\u0131 proje ortaklar\u0131, Bal\u0131kesir \u0130l Mill\u00ee E\u011fitim M\u00fcd\u00fcrl\u00fc\u011f\u00fcn\u00fc ziyaret etti.<\/strong><\/span><\/p>\n<p><span style=\"font-family: arial, helvetica, sans-serif; font-size: 14px;\">\u0130spanya, Yunanistan ve T\u00fcrkiye ortakl\u0131\u011f\u0131nda y\u00fcr\u00fct\u00fclen proje, 131 ba\u015fvuru aras\u0131ndan se\u00e7ilerek \u0130spanya Ulusal Ajans\u0131 taraf\u0131ndan kabul edilen 27 projeden biri olmu\u015f ve 60.000 Euro hibe almaya hak kazanm\u0131\u015ft\u0131r. \u0130ki y\u0131l s\u00fcrecek proje kapsam\u0131nda, kat\u0131l\u0131mc\u0131 \u00f6\u011fretmenler; \u201cYeti\u015fkin E\u011fitiminde B\u0130T\u201d, \u201cYeti\u015fkin \u00d6\u011freniciler i\u00e7in Sanal G\u00fcvenlik\u201d ve \u201cYeti\u015fkin E\u011fitiminde \u00d6\u011frenme ve Dijital D\u00f6n\u00fc\u015f\u00fcm i\u00e7in Evrensel Tasar\u0131m\u201d ba\u015fl\u0131kl\u0131 mod\u00fcllerde e\u011fitimlere kat\u0131lacaklard\u0131r.<\/span><br \/>\n<span style=\"font-family: arial, helvetica, sans-serif; font-size: 14px;\">\u0130l Mill\u00ee E\u011fitim M\u00fcd\u00fcr\u00fc Murat Demir, ziyaretten duydu\u011fu memnuniyeti dile getirerek \u015fu de\u011ferlendirmelerde bulundu: \u201cE\u011fitimde uluslararas\u0131 i\u015f birliklerinin \u00f6nemine inan\u0131yoruz. Erasmus+ projeleri, sadece bilgi ve tecr\u00fcbe payla\u015f\u0131m\u0131 de\u011fil; ayn\u0131 zamanda k\u00fclt\u00fcrler aras\u0131 anlay\u0131\u015f\u0131 ve mesleki geli\u015fimi de destekleyen \u00e7ok y\u00f6nl\u00fc \u00e7al\u0131\u015fmalard\u0131r. Bu kapsamda ilimizi ziyaret eden de\u011ferli proje ortaklar\u0131n\u0131 Bal\u0131kesir\u2019de a\u011f\u0131rlamaktan memnuniyet duyuyoruz. Projede eme\u011fi ge\u00e7en t\u00fcm payda\u015flara ve e\u011fitim camiam\u0131za te\u015fekk\u00fcr ediyorum.\u201d\u00a0dedi.<\/span><\/p>\n<\/div>\n<\/div>\n<\/article>\n<\/div>\n<p>&nbsp;<\/p>\n","protected":false},"excerpt":{"rendered":"<p>Karesi \u0130l\u00e7e Mill\u00ee E\u011fitim M\u00fcd\u00fcrl\u00fc\u011f\u00fcn\u00fcn orta\u011f\u0131 oldu\u011fu, \u0130spanya Ourense Dil Okulu koordinat\u00f6rl\u00fc\u011f\u00fcnde y\u00fcr\u00fct\u00fclen Erasmus+ Yeti\u015fkin E\u011fitimi K\u00fc\u00e7\u00fck \u00d6l\u00e7ekli Ortakl\u0131k Projesi<\/p>\n","protected":false},"author":3,"featured_media":28550,"comment_status":"open","ping_status":"open","sticky":false,"template":"","format":"standard","meta":{"colormag_page_container_layout":"default_layout","colormag_page_sidebar_layout":"default_layout","footnotes":""},"categories":[45,1,5,8],"tags":[],"class_list":["post-28549","post","type-post","status-publish","format-standard","has-post-thumbnail","hentry","category-egitim","category-genel","category-gundem","category-siyaset"],"_links":{"self":[{"href":"https:\/\/marmarayerelhizmet.com\/index.php\/wp-json\/wp\/v2\/posts\/28549","targetHints":{"allow":["GET"]}}],"collection":[{"href":"https:\/\/marmarayerelhizmet.com\/index.php\/wp-json\/wp\/v2\/posts"}],"about":[{"href":"https:\/\/marmarayerelhizmet.com\/index.php\/wp-json\/wp\/v2\/types\/post"}],"author":[{"embeddable":true,"href":"https:\/\/marmarayerelhizmet.com\/index.php\/wp-json\/wp\/v2\/users\/3"}],"replies":[{"embeddable":true,"href":"https:\/\/marmarayerelhizmet.com\/index.php\/wp-json\/wp\/v2\/comments?post=28549"}],"version-history":[{"count":0,"href":"https:\/\/marmarayerelhizmet.com\/index.php\/wp-json\/wp\/v2\/posts\/28549\/revisions"}],"wp:featuredmedia":[{"embeddable":true,"href":"https:\/\/marmarayerelhizmet.com\/index.php\/wp-json\/wp\/v2\/media\/28550"}],"wp:attachment":[{"href":"https:\/\/marmarayerelhizmet.com\/index.php\/wp-json\/wp\/v2\/media?parent=28549"}],"wp:term":[{"taxonomy":"category","embeddable":true,"href":"https:\/\/marmarayerelhizmet.com\/index.php\/wp-json\/wp\/v2\/categories?post=28549"},{"taxonomy":"post_tag","embeddable":true,"href":"https:\/\/marmarayerelhizmet.com\/index.php\/wp-json\/wp\/v2\/tags?post=28549"}],"curies":[{"name":"wp","href":"https:\/\/api.w.org\/{rel}","templated":true}]}}