{"id":28546,"date":"2025-04-11T17:25:15","date_gmt":"2025-04-11T14:25:15","guid":{"rendered":"https:\/\/marmarayerelhizmet.com\/?p=28546"},"modified":"2025-04-11T17:25:15","modified_gmt":"2025-04-11T14:25:15","slug":"yasemin-avrupa-2-si-oldu","status":"publish","type":"post","link":"https:\/\/marmarayerelhizmet.com\/index.php\/2025\/04\/11\/yasemin-avrupa-2-si-oldu\/","title":{"rendered":"Yasemin Avrupa 2.&#8217;si Oldu"},"content":{"rendered":"<div class=\"tg-post\">\n<article id=\"post-42089\" class=\"post-42089 post type-post status-publish format-standard has-post-thumbnail hentry category-dunya category-genel category-ilceler category-siyaset category-spor\">\n<div class=\"cm-post-content\">\n<div class=\"cm-entry-summary\">\n<p><span style=\"font-family: arial, helvetica, sans-serif; font-size: 14px;\"><strong>Bal\u0131kesir Belediyesporlu milli g\u00fcre\u015f\u00e7i Yasemin Adar Yi\u011fit, Slovakya\u2019n\u0131n ba\u015fkenti Bratislava\u2019da ger\u00e7ekle\u015fen B\u00fcy\u00fckler Avrupa G\u00fcre\u015f \u015eampiyonas\u0131 finalinde Ukraynal\u0131 Anastasiya Alpyeyeva\u2019ya ma\u011flup olarak g\u00fcm\u00fc\u015f madalya kazand\u0131.<\/strong><\/span><\/p>\n<p><span style=\"font-family: arial, helvetica, sans-serif; font-size: 14px;\">Bal\u0131kesirli milli g\u00fcre\u015f\u00e7i Yasemin Adar Yi\u011fit, Slovakya\u2019n\u0131n ba\u015fkenti Bratislava\u2019da d\u00fczenlenen B\u00fcy\u00fckler Avrupa G\u00fcre\u015f \u015eampiyonas\u0131\u2019nda 8. kez Avrupa \u015fampiyonu olmak i\u00e7in mindere \u00e7\u0131kt\u0131. 76 kiloda mindere \u00e7\u0131kan milli sporcu, \u00e7eyrek finalde \u0130talyan Enrica Rinaldi\u2019yi, yar\u0131 finalde de Avusturyal\u0131 Martina Kuenz yenerek finale \u00e7\u0131kt\u0131. Finalde Ukraynal\u0131 g\u00fcre\u015f\u00e7i Anastasiya Alpyeyeva\u2019ya ma\u011flup olan Yasemin Adar Yi\u011fit, \u015fampiyonay\u0131 2. olarak tamamlay\u0131p, g\u00fcm\u00fc\u015f madalyan\u0131n sahibi oldu. \u0130HA<\/span><\/p>\n<\/div>\n<\/div>\n<\/article>\n<\/div>\n<p>&nbsp;<\/p>\n","protected":false},"excerpt":{"rendered":"<p>Bal\u0131kesir Belediyesporlu milli g\u00fcre\u015f\u00e7i Yasemin Adar Yi\u011fit, Slovakya\u2019n\u0131n ba\u015fkenti Bratislava\u2019da ger\u00e7ekle\u015fen B\u00fcy\u00fckler Avrupa G\u00fcre\u015f \u015eampiyonas\u0131 finalinde Ukraynal\u0131 Anastasiya Alpyeyeva\u2019ya ma\u011flup<\/p>\n","protected":false},"author":3,"featured_media":28547,"comment_status":"open","ping_status":"open","sticky":false,"template":"","format":"standard","meta":{"colormag_page_container_layout":"default_layout","colormag_page_sidebar_layout":"default_layout","footnotes":""},"categories":[47,1,5,8,9],"tags":[],"class_list":["post-28546","post","type-post","status-publish","format-standard","has-post-thumbnail","hentry","category-dunya","category-genel","category-gundem","category-siyaset","category-spor"],"_links":{"self":[{"href":"https:\/\/marmarayerelhizmet.com\/index.php\/wp-json\/wp\/v2\/posts\/28546","targetHints":{"allow":["GET"]}}],"collection":[{"href":"https:\/\/marmarayerelhizmet.com\/index.php\/wp-json\/wp\/v2\/posts"}],"about":[{"href":"https:\/\/marmarayerelhizmet.com\/index.php\/wp-json\/wp\/v2\/types\/post"}],"author":[{"embeddable":true,"href":"https:\/\/marmarayerelhizmet.com\/index.php\/wp-json\/wp\/v2\/users\/3"}],"replies":[{"embeddable":true,"href":"https:\/\/marmarayerelhizmet.com\/index.php\/wp-json\/wp\/v2\/comments?post=28546"}],"version-history":[{"count":0,"href":"https:\/\/marmarayerelhizmet.com\/index.php\/wp-json\/wp\/v2\/posts\/28546\/revisions"}],"wp:featuredmedia":[{"embeddable":true,"href":"https:\/\/marmarayerelhizmet.com\/index.php\/wp-json\/wp\/v2\/media\/28547"}],"wp:attachment":[{"href":"https:\/\/marmarayerelhizmet.com\/index.php\/wp-json\/wp\/v2\/media?parent=28546"}],"wp:term":[{"taxonomy":"category","embeddable":true,"href":"https:\/\/marmarayerelhizmet.com\/index.php\/wp-json\/wp\/v2\/categories?post=28546"},{"taxonomy":"post_tag","embeddable":true,"href":"https:\/\/marmarayerelhizmet.com\/index.php\/wp-json\/wp\/v2\/tags?post=28546"}],"curies":[{"name":"wp","href":"https:\/\/api.w.org\/{rel}","templated":true}]}}