{"id":28543,"date":"2025-04-11T17:23:13","date_gmt":"2025-04-11T14:23:13","guid":{"rendered":"https:\/\/marmarayerelhizmet.com\/?p=28543"},"modified":"2025-04-11T17:23:13","modified_gmt":"2025-04-11T14:23:13","slug":"gmka-destek-basvurulari-devam-ediyor","status":"publish","type":"post","link":"https:\/\/marmarayerelhizmet.com\/index.php\/2025\/04\/11\/gmka-destek-basvurulari-devam-ediyor\/","title":{"rendered":"GMKA Destek Ba\u015fvurular\u0131 Devam Ediyor"},"content":{"rendered":"<div class=\"tg-post\">\n<article id=\"post-42095\" class=\"post-42095 post type-post status-publish format-standard has-post-thumbnail hentry category-genel category-ilceler\">\n<div class=\"cm-post-content\">\n<div class=\"cm-entry-summary\">\n<p><span style=\"font-family: arial, helvetica, sans-serif; font-size: 14px;\"><strong>G\u00fcney Marmara Kalk\u0131nma Ajans\u0131 (GMKA) bu sene ilan etti\u011fi Be\u015feri ve Sosyal Geli\u015fim, Y\u00f6netim Dan\u0131\u015fmanl\u0131\u011f\u0131 ve G\u00fcney Marmara B\u00f6lgesi Yat\u0131r\u0131m Ortam\u0131n\u0131n \u0130yile\u015ftirilmesi isimli Teknik Destek Programlar\u0131 i\u00e7in ba\u015fvurular\u0131 almaya devam ediyor.<\/strong><\/span><\/p>\n<p><span style=\"font-family: arial, helvetica, sans-serif; font-size: 14px;\">Sanayi ve Teknoloji Bakanl\u0131\u011f\u0131 Kalk\u0131nma Ajanslar\u0131 Genel M\u00fcd\u00fcrl\u00fc\u011f\u00fc koordinasyonunda faaliyetlerini y\u00fcr\u00fcten GMKA ilan etmi\u015f oldu\u011fu Teknik Destekleri, b\u00f6lgedeki yerel akt\u00f6rlerin b\u00f6lgesel kalk\u0131nma a\u00e7\u0131s\u0131ndan \u00f6nem arz eden, kurumsal kapasitelerini art\u0131rmaya y\u00f6nelik haz\u0131rl\u0131k ve uygulama a\u015famalar\u0131ndaki \u00e7al\u0131\u015fmalar\u0131na katk\u0131 sa\u011flamak amac\u0131yla veriyor.<\/span><\/p>\n<p><span style=\"font-family: arial, helvetica, sans-serif; font-size: 14px;\"><strong>G\u00fcney Marmara\u2019da sanayi ve yat\u0131r\u0131m ortam\u0131n\u0131n g\u00fc\u00e7lenecek<br \/>\n<\/strong>Y\u00f6netim Dan\u0131\u015fmanl\u0131\u011f\u0131 Teknik Destek Program\u0131 ile G\u00fcney Marmara B\u00f6lgesi\u2019nde faaliyet g\u00f6steren i\u015fletmelerin \u00fcretim, planlama, lojistik ve idari s\u00fcre\u00e7lerinde verimlili\u011fin art\u0131r\u0131lmas\u0131 ve kurumsal kapasitelerinin geli\u015ftirilmesi hedeflenirken; Y\u00f6netim Dan\u0131\u015fmanl\u0131\u011f\u0131 ve G\u00fcney Marmara B\u00f6lgesi Yat\u0131r\u0131m Ortam\u0131n\u0131n \u0130yile\u015ftirilmesi isimli Teknik Destek Programlar\u0131 i\u00e7in b\u00f6lgedeki sanayinin planl\u0131 geli\u015fmesini sa\u011flamak amac\u0131yla ortak altyap\u0131ya sahip ve \u00e7evresel s\u00fcrd\u00fcr\u00fclebilirli\u011fi \u00f6nceliklendiren yeni yat\u0131r\u0131m alanlar\u0131 olu\u015fturulmas\u0131 ve mevcut yat\u0131r\u0131m alanlar\u0131n\u0131n iyile\u015ftirilmesi hedefleniyor.<\/span><\/p>\n<p><span style=\"font-family: arial, helvetica, sans-serif; font-size: 14px;\"><strong>Kad\u0131n istihdam\u0131n\u0131n art\u0131r\u0131lmas\u0131 bekleniyor<br \/>\n<\/strong>Be\u015feri ve Sosyal Geli\u015fim Program\u0131 ile G\u00fcney Marmara B\u00f6lgesindeki yerel akt\u00f6rlerin b\u00f6lgesel kalk\u0131nma a\u00e7\u0131s\u0131ndan kapasitelerinin geli\u015ftirilerek b\u00f6lgede be\u015feri ve sosyal geli\u015fime katk\u0131 sunulmas\u0131 ama\u00e7lan\u0131yor. Bununla birlikte Kalk\u0131nma Ajanslar\u0131 2024 y\u0131l\u0131 Kad\u0131n Giri\u015fimcili\u011fi \/ Kad\u0131n \u0130stihdam\u0131 Temas\u0131 kapsam\u0131nda kad\u0131nlara yeni beceriler kazand\u0131r\u0131lmas\u0131, bilgi-becerilerinin art\u0131r\u0131lmas\u0131 ve giri\u015fimlerini kurmalar\u0131 i\u00e7in profesyonel destek sa\u011flanmas\u0131 ile kad\u0131n istihdam\u0131n\u0131n art\u0131r\u0131lmas\u0131 bekleniyor.<\/span><br \/>\n<span style=\"font-family: arial, helvetica, sans-serif; font-size: 14px;\">Teknik Destek Programlar\u0131na ba\u015fvuruda bulunacak kurum ve kurulu\u015flar\u0131n, ajans taraf\u0131ndan belirlenen \u00f6ncelik alanlar\u0131yla uyumlu projeler sunmalar\u0131 b\u00fcy\u00fck \u00f6nem ta\u015f\u0131yor. Ba\u015fvurular\u0131n de\u011ferlendirilmesinde \u00f6nem ta\u015f\u0131yan \u00f6nceliklere ve di\u011fer program detaylar\u0131na www.gmka.gov.tr web adresinden ula\u015f\u0131labiliyor. GMKA bu y\u0131l 4 farkl\u0131 d\u00f6nem i\u00e7in Teknik Destek Programlar\u0131 ba\u015fvurular\u0131n\u0131 almaya devam edecek. \u0130HA<\/span><\/p>\n<\/div>\n<\/div>\n<\/article>\n<\/div>\n<ul class=\"default-wp-page\">\n<li class=\"previous\"><\/li>\n<\/ul>\n","protected":false},"excerpt":{"rendered":"<p>G\u00fcney Marmara Kalk\u0131nma Ajans\u0131 (GMKA) bu sene ilan etti\u011fi Be\u015feri ve Sosyal Geli\u015fim, Y\u00f6netim Dan\u0131\u015fmanl\u0131\u011f\u0131 ve G\u00fcney Marmara B\u00f6lgesi Yat\u0131r\u0131m<\/p>\n","protected":false},"author":3,"featured_media":28544,"comment_status":"open","ping_status":"open","sticky":false,"template":"","format":"standard","meta":{"colormag_page_container_layout":"default_layout","colormag_page_sidebar_layout":"default_layout","footnotes":""},"categories":[1,5],"tags":[],"class_list":["post-28543","post","type-post","status-publish","format-standard","has-post-thumbnail","hentry","category-genel","category-gundem"],"_links":{"self":[{"href":"https:\/\/marmarayerelhizmet.com\/index.php\/wp-json\/wp\/v2\/posts\/28543","targetHints":{"allow":["GET"]}}],"collection":[{"href":"https:\/\/marmarayerelhizmet.com\/index.php\/wp-json\/wp\/v2\/posts"}],"about":[{"href":"https:\/\/marmarayerelhizmet.com\/index.php\/wp-json\/wp\/v2\/types\/post"}],"author":[{"embeddable":true,"href":"https:\/\/marmarayerelhizmet.com\/index.php\/wp-json\/wp\/v2\/users\/3"}],"replies":[{"embeddable":true,"href":"https:\/\/marmarayerelhizmet.com\/index.php\/wp-json\/wp\/v2\/comments?post=28543"}],"version-history":[{"count":0,"href":"https:\/\/marmarayerelhizmet.com\/index.php\/wp-json\/wp\/v2\/posts\/28543\/revisions"}],"wp:featuredmedia":[{"embeddable":true,"href":"https:\/\/marmarayerelhizmet.com\/index.php\/wp-json\/wp\/v2\/media\/28544"}],"wp:attachment":[{"href":"https:\/\/marmarayerelhizmet.com\/index.php\/wp-json\/wp\/v2\/media?parent=28543"}],"wp:term":[{"taxonomy":"category","embeddable":true,"href":"https:\/\/marmarayerelhizmet.com\/index.php\/wp-json\/wp\/v2\/categories?post=28543"},{"taxonomy":"post_tag","embeddable":true,"href":"https:\/\/marmarayerelhizmet.com\/index.php\/wp-json\/wp\/v2\/tags?post=28543"}],"curies":[{"name":"wp","href":"https:\/\/api.w.org\/{rel}","templated":true}]}}