{"id":28535,"date":"2025-04-11T00:00:31","date_gmt":"2025-04-10T21:00:31","guid":{"rendered":"https:\/\/marmarayerelhizmet.com\/?p=28535"},"modified":"2025-04-11T00:03:41","modified_gmt":"2025-04-10T21:03:41","slug":"buyuksehir-konserlerine-vatandaslardan-yogun-ilgi","status":"publish","type":"post","link":"https:\/\/marmarayerelhizmet.com\/index.php\/2025\/04\/11\/buyuksehir-konserlerine-vatandaslardan-yogun-ilgi\/","title":{"rendered":"B\u00fcy\u00fck\u015fehir Konserlerine Vatanda\u015flardan Yo\u011fun \u0130lgi"},"content":{"rendered":"<div><strong><span style=\"font-family: arial, helvetica, sans-serif; font-size: 14px;\">Bal\u0131kesir\u2019de gencinden ya\u015fl\u0131s\u0131na herkesin rahatl\u0131kla vakit ge\u00e7irebilece\u011fi etkinliklerle \u015fehri canland\u0131ran Bal\u0131kesir B\u00fcy\u00fck\u015fehir Belediye Ba\u015fkan\u0131 Ahmet Ak\u0131n\u2019\u0131n s\u00f6z\u00fcn\u00fc verdi\u011fi ve k\u0131sa s\u00fcre i\u00e7inde hayata ge\u00e7irdi\u011fi T\u00fcrkiye\u2019nin ilk Roman Gen\u00e7lik Orkestras\u0131 (ROGO) ilk konserini ger\u00e7ekle\u015ftirdi. 8-9 Nisan g\u00fcnlerinde d\u00fczenlenen Roman Gen\u00e7lik Orkestras\u0131 ve \u201cUstalara Sayg\u0131\u201d konserlerinde salonu dolduran vatanda\u015flar doyas\u0131ya e\u011flendi.<\/span><\/strong><\/div>\n<div><\/div>\n<div><span style=\"font-family: arial, helvetica, sans-serif; font-size: 14px;\">Bal\u0131kesir\u2019i fuarlar ve festivaller kenti yapma hedefiyle k\u00fclt\u00fcr sanat hayat\u0131n\u0131 canland\u0131ran Bal\u0131kesir B\u00fcy\u00fck\u015fehir Belediye Ba\u015fkan\u0131 Ahmet Ak\u0131n, ge\u00e7ti\u011fimiz g\u00fcnlerde iki g\u00fcnde arka arkaya iki konserle Bal\u0131kesirlileri bulu\u015fturdu. Bal\u0131kesir B\u00fcy\u00fck\u015fehir Belediye Ba\u015fkan\u0131 Ahmet Ak\u0131n\u2019\u0131n \u00f6nc\u00fcl\u00fc\u011f\u00fcnde; Bal\u0131kesir B\u00fcy\u00fck\u015fehir Belediyesi Orkestra \u015eube M\u00fcd\u00fcrl\u00fc\u011f\u00fc b\u00fcnyesinde kurulan T\u00fcrkiye\u2019nin ilk Roman Gen\u00e7lik Orkestras\u0131 (ROGO), 8 Nisan 2025 Sal\u0131 g\u00fcn\u00fc Avlu Kongre ve K\u00fclt\u00fcr Merkezi\u2019nde ilk konserini ger\u00e7ekle\u015ftirdi. 9 Nisan \u00c7ar\u015famba g\u00fcn\u00fc ise yine Avlu\u2019da Anadolu rock m\u00fczi\u011fin efsaneleri Bar\u0131\u015f Man\u00e7o, Cem Karaca ve Erkin Koray\u2019\u0131n eserlerinin hayat buldu\u011fu \u201cUstalara Sayg\u0131\u201d konseri m\u00fczikseverleri bir araya getirdi. \u0130ki g\u00fcnde de salonlar\u0131 t\u0131kl\u0131m t\u0131kl\u0131m dolduran Bal\u0131kesirliler, \u015fark\u0131lara hep bir a\u011f\u0131zdan e\u015flik ettiler. Bal\u0131kesirli sanat\u00e7\u0131 Ayhan Erden de konser sonunda birbirinden g\u00fczel eserler seslendirdi.<\/span><\/div>\n<div><\/div>\n<div><strong><span style=\"font-family: arial, helvetica, sans-serif; font-size: 14px;\">ROMAN ORKESTRASI\u2019NA M\u00dcZ\u0130KSEVERLERDEN TAM NOT<\/span><\/strong><\/div>\n<div><span style=\"font-family: arial, helvetica, sans-serif; font-size: 14px;\"><br \/>\nAk\u0131n\u2019\u0131n ge\u00e7ti\u011fimiz aylarda kat\u0131ld\u0131\u011f\u0131 Romanlar Bulu\u015fmas\u0131 program\u0131nda m\u00fcjdesini verdi\u011fi ve k\u0131sa s\u00fcrede hayata ge\u00e7irdi\u011fi Roman Gen\u00e7lik Orkestras\u0131 (ROGO) ilk performans\u0131yla m\u00fczikseverlerden tam not ald\u0131.\u00a0 8 Nisan D\u00fcnya Romanlar G\u00fcn\u00fc\u2019nde Avlu Kongre ve K\u00fclt\u00fcr Merkezi\u2019nde Orkestra \u015eefli\u011fini Okan Ko\u015fucu\u2019nun yapt\u0131\u011f\u0131 konsere, Bal\u0131kesir B\u00fcy\u00fck\u015fehir Belediye Ba\u015fkan\u0131 Ahmet Ak\u0131n, Bal\u0131kesir B\u00fcy\u00fck\u015fehir Belediyesi Ba\u015fkan Vekilleri Volkan Alt\u0131n\u00f6z, Sevin\u00e7 Baykan \u00d6zden, Genel Sekreter Yard\u0131mc\u0131lar\u0131, daire ba\u015fkanlar\u0131 ve \u00e7ok say\u0131da davetli kat\u0131ld\u0131. Y\u00fcksek kat\u0131l\u0131mla ger\u00e7ekle\u015fen konserde Roman k\u00fclt\u00fcr\u00fcne ait eserler seslendirildi.\u00a0 Konser sonunda Ba\u015fkan Ak\u0131n, orkestran\u0131n gen\u00e7 \u00fcyeleriyle Roman havas\u0131 oynad\u0131. \u201cBu konseri yazsak roman olur\u201d slogan\u0131yla m\u00fczikseverlerle bulu\u015fan orkestra, ya\u015flar\u0131 8-18 aras\u0131nda de\u011fi\u015fen 30 gen\u00e7 yetenekten olu\u015fuyor.\u00a0 Konseri izleyen seyirciler, ROGO\u2019nun performans\u0131n\u0131 \u00e7ok be\u011fendi\u011fini ifade ederken kendisini m\u00fczik alan\u0131nda geli\u015ftirmek i\u00e7in gen\u00e7lere f\u0131rsat sa\u011flad\u0131\u011f\u0131 i\u00e7in Ak\u0131n\u2019a te\u015fekk\u00fcr etti.\u00a0<\/span><\/div>\n<div><\/div>\n<div><strong><span style=\"font-family: arial, helvetica, sans-serif; font-size: 14px;\">\u00a0\u201cT\u00dcRK\u0130YE\u2019DE B\u0130R \u0130LK\u0130 HAYATA GE\u00c7\u0130RD\u0130K\u201d<\/span><\/strong><\/div>\n<div><span style=\"font-family: arial, helvetica, sans-serif; font-size: 14px;\">Romanlar\u0131n, kendilerine \u00f6zg\u00fc ya\u015famlar\u0131 ve zengin k\u00fclt\u00fcrleriyle topluma \u00f6nemli katk\u0131lar sundu\u011funu ifade eden Ak\u0131n, \u201cBir g\u00fcne her \u015feyi s\u0131\u011fd\u0131rmak m\u00fcmk\u00fcn de\u011fil. G\u00f6nen\u2019de do\u011fdum. T\u0131rnova Mahallesi\u2019nde b\u00fcy\u00fcd\u00fcm. Roman karde\u015flerimizle hep i\u00e7 i\u00e7e olduk. Hi\u00e7 kimsenin ayr\u0131\u015ft\u0131r\u0131lmad\u0131\u011f\u0131, herkesin birlik i\u00e7inde oldu\u011fu, kimsenin \u00f6tekile\u015ftirilmedi\u011fi k\u0131sacas\u0131 Bal\u0131kesir gibi oldu\u011fu, Kuvayimilliyeci oldu\u011fu bir T\u00fcrkiye\u2019yi hayal ediyoruz. Bizler, hep birlik ve beraberlik i\u00e7inde olduk ve olmaya da devam edece\u011fiz. Etkinliklerimizi artt\u0131raca\u011f\u0131z. \u015eu an da T\u00fcrkiye\u2019de bir ilki hayata ge\u00e7irdik. Eme\u011fi ge\u00e7en herkese te\u015fekk\u00fcr ediyorum\u201d diye konu\u015ftu.\u00a0<\/span><\/div>\n<div><\/div>\n<div><strong><span style=\"font-family: arial, helvetica, sans-serif; font-size: 14px;\">\u201c\u0130ZLEMEKTEN VE D\u0130NLEMEKTEN KEY\u0130F ALDIK \u201d<\/span><\/strong><\/div>\n<div><span style=\"font-family: arial, helvetica, sans-serif; font-size: 14px;\">Konseri izlemeye gelenlerden Sonay \u00d6zural, Roman orkestras\u0131 \u00fcyelerinin hem performans\u0131n\u0131 hem de enerjisini \u00e7ok be\u011fendi\u011fini ifade ederken, \u201cDevam\u0131n\u0131 bekliyoruz. B\u00f6yle etkinlikler \u00e7ok g\u00fczel oluyor. Ahmet Ba\u015fkan\u2019\u0131m\u0131zdan, bu tarz etkinliklerin say\u0131s\u0131n\u0131 artt\u0131rmas\u0131n\u0131 istiyoruz\u201d dedi.\u00a0 Orkestra \u00fcyeleri aras\u0131nda o\u011flunun da yer ald\u0131\u011f\u0131n\u0131 s\u00f6yleyen Belgin Tunal\u0131 ise \u015funlar\u0131 s\u00f6yledi: \u201cO\u011flum da orkestrada yer al\u0131yor.\u00a0 Hakikaten \u00e7ok g\u00fczel bir program haz\u0131rlam\u0131\u015flar. \u0130zlemekten ve dinlemekten \u00e7ok keyif ald\u0131k. Ahmet Ak\u0131n\u2019a gen\u00e7lerimize f\u0131rsat verdi\u011fi i\u00e7in \u00e7ok te\u015fekk\u00fcr ediyoruz\u201d<\/span><\/div>\n<div><\/div>\n<div><strong><span style=\"font-family: arial, helvetica, sans-serif; font-size: 14px;\">USTA SANAT\u00c7ILARIN UNUTULMAZ \u015eARKILARI HAYAT BULDU<\/span><\/strong><\/div>\n<div><span style=\"font-family: arial, helvetica, sans-serif; font-size: 14px;\">Anadolu Rock m\u00fczi\u011fin efsane isimlerinden Cem Karaca, Bar\u0131\u015f Man\u00e7o ve Erkin Koray\u2019\u0131n \u015fark\u0131lar\u0131n\u0131n hayat buldu\u011fu \u201cUstalara Sayg\u0131\u201d konserinde vatanda\u015flar salonu t\u0131kl\u0131m t\u0131kl\u0131m doldurdu. \u015eark\u0131lara hep bir a\u011f\u0131zdan e\u015flik eden konuklar unutulmaz bir ak\u015fam ya\u015fad\u0131klar\u0131 i\u00e7in \u015fehrin sosyal hayat\u0131n\u0131 art\u0131ran bu etkinliklerden dolay\u0131 Ba\u015fkan Ak\u0131n\u2019a te\u015fekk\u00fcr ettiler. B\u00fcy\u00fck\u015fehir Belediyesi\u2019nin k\u00fclt\u00fcr sanat etkinliklerini s\u0131k s\u0131k takip etti\u011fini ve kat\u0131l\u0131m sa\u011flad\u0131\u011f\u0131n\u0131 s\u00f6yleyen H\u00fcsn\u00fc Kundak\u00e7\u0131, \u201cKonser \u00e7ok g\u00fczeldi. Bizim bildi\u011fimiz, gen\u00e7li\u011fimizin \u015fark\u0131lar\u0131 bunlar. Konserden \u00e7ok keyif ald\u0131k.\u201difadelerini kulland\u0131.\u00a0<\/span><\/div>\n<div><span style=\"font-family: arial, helvetica, sans-serif; font-size: 14px;\">Usta sanat\u00e7\u0131lar\u0131n eserlerinin seslendirildi\u011fi konserde \u00e7ok e\u011flendi\u011fini dile getiren \u015eebnem Canpolat, \u201cBen \u00e7ok e\u011flendim. M\u00fckemmeldi. Ge\u00e7en sene de Bar\u0131\u015f Man\u00e7o\u2019nun eserlerinin seslendirildi\u011fi konsere gelmi\u015ftim. \u00d6n\u00fcm\u00fczdeki seneyi de iple \u00e7ekiyorum. Bu konserde herkes ayakta alk\u0131\u015flad\u0131. Bal\u0131kesir B\u00fcy\u00fck\u015fehir Belediyesi olarak \u00e7ok g\u00fczel \u015feyler yapt\u0131n\u0131z.\u201d \u015feklinde konu\u015ftu.<\/span><\/div>\n","protected":false},"excerpt":{"rendered":"<p>Bal\u0131kesir\u2019de gencinden ya\u015fl\u0131s\u0131na herkesin rahatl\u0131kla vakit ge\u00e7irebilece\u011fi etkinliklerle \u015fehri canland\u0131ran Bal\u0131kesir B\u00fcy\u00fck\u015fehir Belediye Ba\u015fkan\u0131 Ahmet Ak\u0131n\u2019\u0131n s\u00f6z\u00fcn\u00fc verdi\u011fi ve k\u0131sa<\/p>\n","protected":false},"author":3,"featured_media":28536,"comment_status":"open","ping_status":"open","sticky":false,"template":"","format":"standard","meta":{"colormag_page_container_layout":"default_layout","colormag_page_sidebar_layout":"default_layout","footnotes":""},"categories":[1,5,6,8],"tags":[],"class_list":["post-28535","post","type-post","status-publish","format-standard","has-post-thumbnail","hentry","category-genel","category-gundem","category-kultur-sanat","category-siyaset"],"_links":{"self":[{"href":"https:\/\/marmarayerelhizmet.com\/index.php\/wp-json\/wp\/v2\/posts\/28535","targetHints":{"allow":["GET"]}}],"collection":[{"href":"https:\/\/marmarayerelhizmet.com\/index.php\/wp-json\/wp\/v2\/posts"}],"about":[{"href":"https:\/\/marmarayerelhizmet.com\/index.php\/wp-json\/wp\/v2\/types\/post"}],"author":[{"embeddable":true,"href":"https:\/\/marmarayerelhizmet.com\/index.php\/wp-json\/wp\/v2\/users\/3"}],"replies":[{"embeddable":true,"href":"https:\/\/marmarayerelhizmet.com\/index.php\/wp-json\/wp\/v2\/comments?post=28535"}],"version-history":[{"count":0,"href":"https:\/\/marmarayerelhizmet.com\/index.php\/wp-json\/wp\/v2\/posts\/28535\/revisions"}],"wp:featuredmedia":[{"embeddable":true,"href":"https:\/\/marmarayerelhizmet.com\/index.php\/wp-json\/wp\/v2\/media\/28536"}],"wp:attachment":[{"href":"https:\/\/marmarayerelhizmet.com\/index.php\/wp-json\/wp\/v2\/media?parent=28535"}],"wp:term":[{"taxonomy":"category","embeddable":true,"href":"https:\/\/marmarayerelhizmet.com\/index.php\/wp-json\/wp\/v2\/categories?post=28535"},{"taxonomy":"post_tag","embeddable":true,"href":"https:\/\/marmarayerelhizmet.com\/index.php\/wp-json\/wp\/v2\/tags?post=28535"}],"curies":[{"name":"wp","href":"https:\/\/api.w.org\/{rel}","templated":true}]}}