{"id":28530,"date":"2025-04-10T21:28:06","date_gmt":"2025-04-10T18:28:06","guid":{"rendered":"https:\/\/marmarayerelhizmet.com\/?p=28530"},"modified":"2025-04-10T21:28:06","modified_gmt":"2025-04-10T18:28:06","slug":"acil-servis-hizmete-acildi","status":"publish","type":"post","link":"https:\/\/marmarayerelhizmet.com\/index.php\/2025\/04\/10\/acil-servis-hizmete-acildi\/","title":{"rendered":"Acil Servis Hizmete A\u00e7\u0131ld\u0131"},"content":{"rendered":"<div class=\"tg-post\">\n<article id=\"post-42076\" class=\"post-42076 post type-post status-publish format-standard has-post-thumbnail hentry category-genel category-ilceler category-saglik\">\n<div class=\"cm-post-content\">\n<div class=\"cm-entry-summary\">\n<p><span style=\"font-family: arial, helvetica, sans-serif; font-size: 14px;\"><strong>Bal\u0131kesir sa\u011fl\u0131k yat\u0131r\u0131mlar\u0131nda bir ad\u0131m daha ileriye gidiyor. AK Parti \u0130l Ba\u015fkan\u0131 Mehmet Aydemir, Bal\u0131kesir Devlet Hastanesi\u2019ne kazand\u0131r\u0131lan yeni ek binay\u0131 bug\u00fcn yerinde inceledi. Bal\u0131kesir Devlet Hastanesi acil servisi yeni yap\u0131lan binada hizmete a\u00e7\u0131ld\u0131<\/strong><\/span><\/p>\n<p><span style=\"font-family: arial, helvetica, sans-serif; font-size: 14px;\">AK Parti \u0130l Ba\u015fkan\u0131 Mehmet Aydemir, Bal\u0131kesir\u2019e kazand\u0131r\u0131lan yeni hastane binas\u0131 ziyaretinde \u015fu ifadeleri kulland\u0131: \u201cVatanda\u015flar\u0131m\u0131z\u0131n sa\u011fl\u0131\u011f\u0131 her \u015feyden \u00f6nce gelir. Bu modern ek bina, sa\u011fl\u0131k alan\u0131nda Bal\u0131kesir\u2019e \u00e7a\u011f atlatacak yeni Devlet Hastanesi Projesi\u2019nin \u00f6nemli bir aya\u011f\u0131. Yeni Acil Servis 8 Nisan\u2019da hasta kabul\u00fcne ba\u015flayarak, sa\u011fl\u0131k hizmeti aksamadan s\u00fcrd\u00fcr\u00fcyor. Bu s\u00fcre\u00e7te eme\u011fi ge\u00e7en ba\u015fta hastane Ba\u015fhekimimiz Dr. Erdal \u00dcnal\u2019a, hastane y\u00f6neticilerimize, doktorlar\u0131m\u0131za ve t\u00fcm sa\u011fl\u0131k \u00e7al\u0131\u015fanlar\u0131m\u0131za g\u00f6n\u00fclden te\u015fekk\u00fcr ediyorum.<\/span><\/p>\n<p><span style=\"font-family: arial, helvetica, sans-serif; font-size: 14px;\"><strong>\u201cVatanda\u015f devletin s\u0131cak elini hissedecek\u201d<br \/>\n<\/strong>Ba\u015fkan Aydemir, konu\u015fmas\u0131na \u015fu ifadelerle devam etti: \u201cBu yat\u0131r\u0131m, insan hayat\u0131na verdi\u011fimiz de\u011ferin bir g\u00f6stergesidir. Vatanda\u015flar\u0131m\u0131z hastane kap\u0131s\u0131ndan i\u00e7eri ad\u0131m att\u0131\u011f\u0131nda, yaln\u0131zca tedavi de\u011fil; g\u00fcven, \u015fefkat ve devletin s\u0131cak elini hissedecek. Her ayr\u0131nt\u0131s\u0131, insan odakl\u0131 bak\u0131\u015f a\u00e7\u0131m\u0131zla \u015fekilleniyor. Yeni Devlet Hastanesi projesi ayn\u0131 zamanda Bal\u0131kesir halk\u0131n\u0131n sa\u011fl\u0131\u011f\u0131n\u0131 ve gelece\u011fini merkeze alan bir vizyonun eseri.\u201d<\/span><\/p>\n<p><span style=\"font-family: arial, helvetica, sans-serif; font-size: 14px;\"><strong>\u201cSa\u011fl\u0131kta d\u00f6n\u00fc\u015f\u00fcm devam edecek\u201d<br \/>\n<\/strong>Ba\u015fkan Aydemir, son olarak: \u201cCumhurba\u015fkan\u0131m\u0131z Recep Tayyip Erdo\u011fan\u2019\u0131n liderli\u011finde hayata ge\u00e7irilen Sa\u011fl\u0131kta D\u00f6n\u00fc\u015f\u00fcm Program\u0131, bug\u00fcn \u00fclkemizi d\u00fcnyan\u0131n en g\u00fc\u00e7l\u00fc sa\u011fl\u0131k sistemlerinden birine kavu\u015fturmu\u015ftur. Bug\u00fcn burada ziyaretini yapt\u0131\u011f\u0131m\u0131z bu modern tesis de bunun somut bir yans\u0131mas\u0131d\u0131r. Biz milletimize hizmeti kutsal biliriz. Bu anlay\u0131\u015fla Bal\u0131kesir\u2019de sa\u011fl\u0131k yat\u0131r\u0131mlar\u0131na durmaks\u0131z\u0131n devam edece\u011fiz. Sa\u011fl\u0131k alan\u0131nda \u015fehir hastanelerinden aile sa\u011fl\u0131\u011f\u0131 merkezlerine, acil hizmetlerden evde bak\u0131m sistemlerine kadar devrim niteli\u011finde i\u015fler yapt\u0131k. Yeni yat\u0131r\u0131mlar\u0131m\u0131zla Bal\u0131kesir\u2019i b\u00f6lgesinde sa\u011fl\u0131k \u00fcss\u00fc haline getirmek kararl\u0131l\u0131\u011f\u0131nday\u0131z. Bizler \u2018\u00f6nce insan\u2019 diyerek, her bir vatanda\u015f\u0131m\u0131z\u0131n sa\u011fl\u0131k hakk\u0131n\u0131 g\u00f6zetmeye devam edece\u011fiz. Bal\u0131kesir\u2019imize hay\u0131rl\u0131 u\u011furlu olsun.\u201d \u0130fadelerini kulland\u0131.<\/span><\/p>\n<p><span style=\"font-family: arial, helvetica, sans-serif; font-size: 14px;\"><strong>Modern altyap\u0131, hasta odakl\u0131 yakla\u015f\u0131m<br \/>\n<\/strong>Toplamda 4 bin 140 metrekare in\u015faat alan\u0131na sahip olan Bal\u0131kesir Devlet Hastanesi\u2019nin yeni ek binas\u0131, 960 metrekarelik bir oturum alan\u0131 \u00fczerine kuruldu. Gerek fiziksel yap\u0131s\u0131 gerekse donan\u0131m\u0131yla hem hasta hem de sa\u011fl\u0131k \u00e7al\u0131\u015fan\u0131 konforunu esas alan bir yap\u0131 olarak \u00f6ne \u00e7\u0131k\u0131yor.<\/span><\/p>\n<p><span style=\"font-family: arial, helvetica, sans-serif; font-size: 14px;\"><strong>\u0130leri teknolojiyle donat\u0131lm\u0131\u015f yo\u011fun bak\u0131m \u00fcnitesi<br \/>\n<\/strong>Binan\u0131n bodrum kat\u0131 ve 1. kat\u0131 \u00f6zel olarak tasarlanm\u0131\u015f yo\u011fun bak\u0131m servislerine ayr\u0131lm\u0131\u015fken, zemin katta acil servis birimleri yer al\u0131yor. \u0130kinci katta ise idari birimler bulunuyor.<\/span><br \/>\n<span style=\"font-family: arial, helvetica, sans-serif; font-size: 14px;\">Toplamda 26 yo\u011fun bak\u0131m odas\u0131 bulunan binada, geli\u015fmi\u015f izolasyon sistemleri, yenilik\u00e7i t\u0131bbi cihazlar ve ileri d\u00fczey hasta takip sistemleriyle donat\u0131lm\u0131\u015f bir altyap\u0131 sunuluyor. Engelli dostu tasar\u0131mlarla donat\u0131lm\u0131\u015f, hastane binas\u0131 7\/24 g\u00fcvenlik, yang\u0131n \u00f6nleme sistemleri, steril hava sistemleri, yang\u0131n ve deprem y\u00f6netmeli\u011fine uygun olarak tasarlanan yeni nesil ak\u0131ll\u0131 binada \u00e7ift y\u00f6nl\u00fc asans\u00f6rler ile binan\u0131n her iki taraf\u0131nda acil tahliye \u00e7\u0131k\u0131\u015flar\u0131 yap\u0131lm\u0131\u015ft\u0131r.<\/span><br \/>\n<span style=\"font-family: arial, helvetica, sans-serif; font-size: 14px;\">T\u0131bbi donan\u0131m\u0131, \u00e7a\u011fda\u015f tasar\u0131m\u0131 ve eri\u015filebilirli\u011fiyle kentte sa\u011fl\u0131k hizmetlerine yeni bir soluk getirmesi bekleniyor.<\/span><br \/>\n<span style=\"font-family: arial, helvetica, sans-serif; font-size: 14px;\">Ziyarette \u0130l Sa\u011fl\u0131k M\u00fcd\u00fcr\u00fc Dr. Serkan Kadir Keskin, Kamu Hastaneleri Birli\u011fi Genel Sekreteri \u0130smail Mert, Devlet Hastanesi Ba\u015fhekimi Erdal \u00dcnal ve AK Parti \u0130l Y\u00f6netim Kurulu \u00fcyeleri de haz\u0131r bulundu. \u0130HA<\/span><\/p>\n<\/div>\n<\/div>\n<\/article>\n<\/div>\n<ul class=\"default-wp-page\">\n<li class=\"previous\"><\/li>\n<\/ul>\n","protected":false},"excerpt":{"rendered":"<p>Bal\u0131kesir sa\u011fl\u0131k yat\u0131r\u0131mlar\u0131nda bir ad\u0131m daha ileriye gidiyor. AK Parti \u0130l Ba\u015fkan\u0131 Mehmet Aydemir, Bal\u0131kesir Devlet Hastanesi\u2019ne kazand\u0131r\u0131lan yeni ek<\/p>\n","protected":false},"author":3,"featured_media":28532,"comment_status":"open","ping_status":"open","sticky":false,"template":"","format":"standard","meta":{"colormag_page_container_layout":"default_layout","colormag_page_sidebar_layout":"default_layout","footnotes":""},"categories":[1,5,7],"tags":[],"class_list":["post-28530","post","type-post","status-publish","format-standard","has-post-thumbnail","hentry","category-genel","category-gundem","category-saglik"],"_links":{"self":[{"href":"https:\/\/marmarayerelhizmet.com\/index.php\/wp-json\/wp\/v2\/posts\/28530","targetHints":{"allow":["GET"]}}],"collection":[{"href":"https:\/\/marmarayerelhizmet.com\/index.php\/wp-json\/wp\/v2\/posts"}],"about":[{"href":"https:\/\/marmarayerelhizmet.com\/index.php\/wp-json\/wp\/v2\/types\/post"}],"author":[{"embeddable":true,"href":"https:\/\/marmarayerelhizmet.com\/index.php\/wp-json\/wp\/v2\/users\/3"}],"replies":[{"embeddable":true,"href":"https:\/\/marmarayerelhizmet.com\/index.php\/wp-json\/wp\/v2\/comments?post=28530"}],"version-history":[{"count":0,"href":"https:\/\/marmarayerelhizmet.com\/index.php\/wp-json\/wp\/v2\/posts\/28530\/revisions"}],"wp:featuredmedia":[{"embeddable":true,"href":"https:\/\/marmarayerelhizmet.com\/index.php\/wp-json\/wp\/v2\/media\/28532"}],"wp:attachment":[{"href":"https:\/\/marmarayerelhizmet.com\/index.php\/wp-json\/wp\/v2\/media?parent=28530"}],"wp:term":[{"taxonomy":"category","embeddable":true,"href":"https:\/\/marmarayerelhizmet.com\/index.php\/wp-json\/wp\/v2\/categories?post=28530"},{"taxonomy":"post_tag","embeddable":true,"href":"https:\/\/marmarayerelhizmet.com\/index.php\/wp-json\/wp\/v2\/tags?post=28530"}],"curies":[{"name":"wp","href":"https:\/\/api.w.org\/{rel}","templated":true}]}}