{"id":28527,"date":"2025-03-28T17:38:24","date_gmt":"2025-03-28T14:38:24","guid":{"rendered":"https:\/\/marmarayerelhizmet.com\/?p=28527"},"modified":"2025-03-28T17:38:24","modified_gmt":"2025-03-28T14:38:24","slug":"aydemirden-ciftcilere-mujde","status":"publish","type":"post","link":"https:\/\/marmarayerelhizmet.com\/index.php\/2025\/03\/28\/aydemirden-ciftcilere-mujde\/","title":{"rendered":"Aydemir&#8217;den \u00c7ift\u00e7ilere M\u00fcjde"},"content":{"rendered":"<p><span style=\"font-family: arial, helvetica, sans-serif;\"><strong>AK Parti \u0130l Ba\u015fkan\u0131 Mehmet Aydemir, Bal\u0131kesirli \u00e7ift\u00e7ilere bayram \u00f6ncesi m\u00fcjdeli haberi duyurdu. <\/strong><\/p>\n<p>Tar\u0131m ve Orman Bakanl\u0131\u011f\u0131 taraf\u0131ndan \u00e7ift\u00e7ilere sa\u011flanan 2024 Mazot ve G\u00fcbre Deste\u011fi kapsam\u0131nda, Bal\u0131kesir\u2019de yakla\u015f\u0131k 44 bin \u00e7ift\u00e7iye toplam 446 milyon 465 bin TL \u00f6deme yap\u0131lacak. Destek \u00f6demeleri, bu cuma hafta sonundan itibaren T.C. kimlik numaralar\u0131n\u0131n son hanelerine g\u00f6re peyderpey \u00e7ift\u00e7ilerin hesaplar\u0131na yat\u0131r\u0131lmaya ba\u015flanacak.<br \/>\n<\/span><span style=\"font-family: arial, helvetica, sans-serif;\">\u00dcreticilerin tar\u0131msal faaliyetlerini s\u00fcrd\u00fcrebilmeleri i\u00e7in b\u00fcy\u00fck \u00f6nem ta\u015f\u0131yan mazot ve g\u00fcbre deste\u011fi, \u00c7ift\u00e7i Kay\u0131t Sistemi\u2019ne kay\u0131tl\u0131 \u00fcreticilere do\u011frudan sa\u011flan\u0131yor. \u00c7ift\u00e7ilerin destekten faydalanabilmesi i\u00e7in kay\u0131tlar\u0131n\u0131 zaman\u0131nda yapt\u0131rmalar\u0131 gerekti\u011fini hat\u0131rlatan Ba\u015fkan Mehmet Aydemir, AK Parti h\u00fck\u00fcmetinin tar\u0131ma ve \u00fcreticiye verdi\u011fi \u00f6nemi vurgulad\u0131.<\/span><\/p>\n<p><strong><span style=\"font-family: arial, helvetica, sans-serif;\">Ba\u015fkan Aydemir: &#8220;\u00dcreten \u00e7ift\u00e7imizin yan\u0131nday\u0131z&#8221;<br \/>\n<\/span><\/strong><span style=\"font-family: arial, helvetica, sans-serif;\">AK Parti \u0130l Ba\u015fkan\u0131 Mehmet Aydemir, konuyla ilgili yapt\u0131\u011f\u0131 a\u00e7\u0131klamada \u015funlar\u0131 s\u00f6yledi: &#8220;Tar\u0131m, \u00fclkemizin ve Bal\u0131kesir\u2019imizin en \u00f6nemli sekt\u00f6rlerinden biri. T\u00fcrkiye\u2019yi doyuran il unvan\u0131n\u0131 sonuna kadar hak eden bir iliz. \u00c7ift\u00e7imizin \u00fcretimde kalmas\u0131n\u0131 sa\u011flamak, girdi maliyetlerini hafifletmek ve tar\u0131msal verimlili\u011fi art\u0131rmak i\u00e7in mazot ve g\u00fcbre destekleriyle \u00fcreticimize nefes ald\u0131r\u0131yoruz. Cumhurba\u015fkan\u0131m\u0131z Say\u0131n Recep Tayyip Erdo\u011fan\u2019\u0131n liderli\u011finde, Tar\u0131m ve Orman Bakanl\u0131\u011f\u0131m\u0131z\u0131n \u00e7al\u0131\u015fmalar\u0131yla \u00e7ift\u00e7imize verilen destekler artarak devam edecek. AK Parti olarak, \u00e7ift\u00e7ilerin yan\u0131nda olmaya ve tar\u0131msal kalk\u0131nmay\u0131 desteklemeye devam edece\u011fiz. Hay\u0131rl\u0131 ve bereketli olsun&#8221; dedi.<br \/>\n<\/span><span style=\"font-family: arial, helvetica, sans-serif;\">\u00c7ift\u00e7ilerin hesaplar\u0131na yat\u0131r\u0131lacak olan destek \u00f6demeleri, tar\u0131msal faaliyetlerin daha verimli ve s\u00fcrd\u00fcr\u00fclebilir hale gelmesine katk\u0131 sa\u011flayacak. \u0130HA<\/span><\/p>\n","protected":false},"excerpt":{"rendered":"<p>AK Parti \u0130l Ba\u015fkan\u0131 Mehmet Aydemir, Bal\u0131kesirli \u00e7ift\u00e7ilere bayram \u00f6ncesi m\u00fcjdeli haberi duyurdu. Tar\u0131m ve Orman Bakanl\u0131\u011f\u0131 taraf\u0131ndan \u00e7ift\u00e7ilere sa\u011flanan<\/p>\n","protected":false},"author":3,"featured_media":28408,"comment_status":"open","ping_status":"open","sticky":false,"template":"","format":"standard","meta":{"colormag_page_container_layout":"default_layout","colormag_page_sidebar_layout":"default_layout","footnotes":""},"categories":[1,5,8],"tags":[],"class_list":["post-28527","post","type-post","status-publish","format-standard","has-post-thumbnail","hentry","category-genel","category-gundem","category-siyaset"],"_links":{"self":[{"href":"https:\/\/marmarayerelhizmet.com\/index.php\/wp-json\/wp\/v2\/posts\/28527","targetHints":{"allow":["GET"]}}],"collection":[{"href":"https:\/\/marmarayerelhizmet.com\/index.php\/wp-json\/wp\/v2\/posts"}],"about":[{"href":"https:\/\/marmarayerelhizmet.com\/index.php\/wp-json\/wp\/v2\/types\/post"}],"author":[{"embeddable":true,"href":"https:\/\/marmarayerelhizmet.com\/index.php\/wp-json\/wp\/v2\/users\/3"}],"replies":[{"embeddable":true,"href":"https:\/\/marmarayerelhizmet.com\/index.php\/wp-json\/wp\/v2\/comments?post=28527"}],"version-history":[{"count":0,"href":"https:\/\/marmarayerelhizmet.com\/index.php\/wp-json\/wp\/v2\/posts\/28527\/revisions"}],"wp:featuredmedia":[{"embeddable":true,"href":"https:\/\/marmarayerelhizmet.com\/index.php\/wp-json\/wp\/v2\/media\/28408"}],"wp:attachment":[{"href":"https:\/\/marmarayerelhizmet.com\/index.php\/wp-json\/wp\/v2\/media?parent=28527"}],"wp:term":[{"taxonomy":"category","embeddable":true,"href":"https:\/\/marmarayerelhizmet.com\/index.php\/wp-json\/wp\/v2\/categories?post=28527"},{"taxonomy":"post_tag","embeddable":true,"href":"https:\/\/marmarayerelhizmet.com\/index.php\/wp-json\/wp\/v2\/tags?post=28527"}],"curies":[{"name":"wp","href":"https:\/\/api.w.org\/{rel}","templated":true}]}}