{"id":28523,"date":"2025-03-28T17:37:47","date_gmt":"2025-03-28T14:37:47","guid":{"rendered":"https:\/\/marmarayerelhizmet.com\/?p=28523"},"modified":"2025-03-28T17:37:47","modified_gmt":"2025-03-28T14:37:47","slug":"sehit-yuzbasi-necati-bey-anildi","status":"publish","type":"post","link":"https:\/\/marmarayerelhizmet.com\/index.php\/2025\/03\/28\/sehit-yuzbasi-necati-bey-anildi\/","title":{"rendered":"\u015eehit Y\u00fczba\u015f\u0131 Necati Bey An\u0131ld\u0131"},"content":{"rendered":"<p><strong><span style=\"font-family: arial, helvetica, sans-serif; font-size: 14px;\">Bal\u0131kesir \u0130l Jandarma Komutanl\u0131\u011f\u0131, Za\u011fnos Pa\u015fa Camisi haziresinde yatan ve 28 Mart 1915 vefat eden \u015eehit Y\u00fczba\u015f\u0131 Necati Bey\u2019i kabri ba\u015f\u0131nda and\u0131. Anma ziyaretine \u0130l Jandarma Komutan\u0131 T\u00fcmgeneral Nurettin Alkan ve bir manga asker \u015eehit Y\u00fczba\u015f\u0131n\u0131n kabrine karanfil b\u0131rakarak, dua ettiler.<\/span><\/strong><\/p>\n<p><span style=\"font-family: arial, helvetica, sans-serif; font-size: 14px;\">Bal\u0131kesir Za\u011fnos Pa\u015fa Camisi haziresinde aile d\u0131\u015f\u0131nda tek bir kabir olan \u015eehit Jandarma Y\u00fczba\u015f\u0131 Necati Bey, Bal\u0131kesir \u0130l Jandarma Komutan\u0131 T\u00fcmgeneral Nurettin Alkan ve bir manga asker taraf\u0131ndan ziyaret edildi.<br \/>\n<\/span><span style=\"font-family: arial, helvetica, sans-serif; font-size: 14px;\">T\u00fcmgeneral Nurettin Alkan, &#8220;Tarih\u00e7i Ayd\u0131n Ayhan\u2019dan ald\u0131\u011f\u0131m\u0131z bilgi sonucu Za\u011fnos Pa\u015fa Camisi \u00f6n\u00fcndeki hazirede genellikle Za\u011fnos Pa\u015fa\u2019n\u0131n ailesinin soyundan gelen \u015fah\u0131slar\u0131n mezar\u0131 oldu\u011funu ve burada ailenin d\u0131\u015f\u0131nda sadece \u00c7anakkale \u015eahidi Y\u00fczba\u015f\u0131 Necati Beyin kabrini yatt\u0131\u011f\u0131 ara\u015ft\u0131rmalar ile buldu\u011funu a\u00e7\u0131klad\u0131. Bu an\u0131t mezar, Za\u011fnos Pa\u015fa haziresinde yap\u0131lm\u0131\u015f olan son mezar oldu\u011funu, bu \u015fehidin burada g\u00f6m\u00fclmesinden sonra buraya ba\u015fka birisi g\u00f6m\u00fclmemi\u015f. Bizde Bal\u0131kesir \u0130l Jandarma Komutanl\u0131\u011f\u0131 olarak \u015eehit Y\u00fczba\u015f\u0131m\u0131z\u0131 Bal\u0131kesir halk\u0131na tan\u0131tmaya karar verdik. \u015eehit G\u00f6nen Jandarma Kumandan\u0131 \u015eehit Y\u00fczba\u015f\u0131 Necati Bey\u2019i kabri ba\u015f\u0131nda anaca\u011f\u0131z. Bu \u015fehit jandarma y\u00fczba\u015f\u0131s\u0131na Bal\u0131kesir bir vefa borcumuz&#8221; \u015feklinde konu\u015ftu.<br \/>\n<\/span><span style=\"font-family: arial, helvetica, sans-serif; font-size: 14px;\">Za\u011fnos Pa\u015fa Camisinde k\u0131l\u0131nan \u00f6\u011fle namaz\u0131 sonras\u0131 Tarih\u00e7i Ayd\u0131n Ayhan, Hoca Salih D\u00fclger, \u0130l Jandarma Komutan\u0131 T\u00fcmgeneral Nurettin Alkan ve bir manga jandarma askeri taraf\u0131ndan mezar\u0131na karanfil b\u0131rak\u0131p dua edildi. \u0130HA<\/span><\/p>\n","protected":false},"excerpt":{"rendered":"<p>Bal\u0131kesir \u0130l Jandarma Komutanl\u0131\u011f\u0131, Za\u011fnos Pa\u015fa Camisi haziresinde yatan ve 28 Mart 1915 vefat eden \u015eehit Y\u00fczba\u015f\u0131 Necati Bey\u2019i kabri<\/p>\n","protected":false},"author":3,"featured_media":28524,"comment_status":"open","ping_status":"open","sticky":false,"template":"","format":"standard","meta":{"colormag_page_container_layout":"default_layout","colormag_page_sidebar_layout":"default_layout","footnotes":""},"categories":[1,5,8],"tags":[],"class_list":["post-28523","post","type-post","status-publish","format-standard","has-post-thumbnail","hentry","category-genel","category-gundem","category-siyaset"],"_links":{"self":[{"href":"https:\/\/marmarayerelhizmet.com\/index.php\/wp-json\/wp\/v2\/posts\/28523","targetHints":{"allow":["GET"]}}],"collection":[{"href":"https:\/\/marmarayerelhizmet.com\/index.php\/wp-json\/wp\/v2\/posts"}],"about":[{"href":"https:\/\/marmarayerelhizmet.com\/index.php\/wp-json\/wp\/v2\/types\/post"}],"author":[{"embeddable":true,"href":"https:\/\/marmarayerelhizmet.com\/index.php\/wp-json\/wp\/v2\/users\/3"}],"replies":[{"embeddable":true,"href":"https:\/\/marmarayerelhizmet.com\/index.php\/wp-json\/wp\/v2\/comments?post=28523"}],"version-history":[{"count":0,"href":"https:\/\/marmarayerelhizmet.com\/index.php\/wp-json\/wp\/v2\/posts\/28523\/revisions"}],"wp:featuredmedia":[{"embeddable":true,"href":"https:\/\/marmarayerelhizmet.com\/index.php\/wp-json\/wp\/v2\/media\/28524"}],"wp:attachment":[{"href":"https:\/\/marmarayerelhizmet.com\/index.php\/wp-json\/wp\/v2\/media?parent=28523"}],"wp:term":[{"taxonomy":"category","embeddable":true,"href":"https:\/\/marmarayerelhizmet.com\/index.php\/wp-json\/wp\/v2\/categories?post=28523"},{"taxonomy":"post_tag","embeddable":true,"href":"https:\/\/marmarayerelhizmet.com\/index.php\/wp-json\/wp\/v2\/tags?post=28523"}],"curies":[{"name":"wp","href":"https:\/\/api.w.org\/{rel}","templated":true}]}}