{"id":28514,"date":"2025-03-25T20:07:28","date_gmt":"2025-03-25T17:07:28","guid":{"rendered":"https:\/\/marmarayerelhizmet.com\/?p=28514"},"modified":"2025-03-26T00:08:46","modified_gmt":"2025-03-25T21:08:46","slug":"vatandaslarla-iftar-yapti","status":"publish","type":"post","link":"https:\/\/marmarayerelhizmet.com\/index.php\/2025\/03\/25\/vatandaslarla-iftar-yapti\/","title":{"rendered":"Vatanda\u015flarla \u0130ftar Yapt\u0131"},"content":{"rendered":"<p><strong><span style=\"font-family: arial, helvetica, sans-serif; font-size: 14px;\">Bal\u0131kesir B\u00fcy\u00fck\u015fehir Belediye Ba\u015fkan\u0131 Ahmet Ak\u0131n, 2.Sakarya Mahallesi\u2019nde kat\u0131ld\u0131\u011f\u0131 iftar program\u0131nda yapt\u0131\u011f\u0131 konu\u015fmada \u201cBal\u0131kesir Benim Ailem\u201d diyerek \u00e7\u0131kt\u0131\u011f\u0131 yolda bu \u015fehrin hay\u0131rl\u0131 evlad\u0131 olmak i\u00e7in gece g\u00fcnd\u00fcz \u00e7al\u0131\u015ft\u0131\u011f\u0131n\u0131 s\u00f6yledi.<\/span><\/strong><\/p>\n<p><span style=\"font-family: arial, helvetica, sans-serif; font-size: 14px;\">Bal\u0131kesir B\u00fcy\u00fck\u015fehir Belediyesi, Ramazan\u2019\u0131n bereketini il\u00e7e il\u00e7e, mahalle mahalle vatanda\u015flarla payla\u015fmay\u0131 s\u00fcrd\u00fcr\u00fcyor. Binlerce ki\u015fiyi ayn\u0131 iftar sofras\u0131nda bulu\u015fturan Bal\u0131kesir B\u00fcy\u00fck\u015fehir Belediye Ba\u015fkan\u0131 Ahmet Ak\u0131n, Karesi il\u00e7esi 2.Sakarya Mahallesi\u2019nde d\u00fczenlenen iftar program\u0131na kat\u0131ld\u0131. Programa Ba\u015fkan Ak\u0131n\u2019\u0131n yan\u0131 s\u0131ra Karesi Belediye Ba\u015fkan\u0131 Mesut Akb\u0131y\u0131k, Bal\u0131kesir B\u00fcy\u00fck\u015fehir Belediyesi Ba\u015fkan Vekili Volkan Alt\u0131n\u00f6z ve mahalle sakinleri kat\u0131ld\u0131. 2.Sakarya Mahalle sakinlerini iftar sofras\u0131nda bulu\u015fturan Bal\u0131kesir B\u00fcy\u00fck\u015fehir Belediye Ba\u015fkan\u0131 Ahmet Ak\u0131n, Ramazan ay\u0131 boyunca farkl\u0131 noktalarda kurduklar\u0131 iftar sofralar\u0131 ile dayan\u0131\u015fmay\u0131 daha da b\u00fcy\u00fctt\u00fcklerini s\u00f6yledi. Birlik, \u00a0beraberlik, dayan\u0131\u015fma ve karde\u015fli\u011fin \u00f6ne \u00e7\u0131kt\u0131\u011f\u0131 Ramazan ay\u0131n\u0131n \u00fclkemize, ilimize huzur, bar\u0131\u015f ve bereket getirmesi temennisinde bulundu.<\/span><\/p>\n<p><span style=\"font-family: arial, helvetica, sans-serif; font-size: 14px;\"><strong>\u201cGECE G\u00dcND\u00dcZ \u00c7ALI\u015eIYORUZ\u201d<br \/>\n<\/strong><\/span><span style=\"font-family: arial, helvetica, sans-serif; font-size: 14px;\">Ramazan ay\u0131 ile Bal\u0131kesirlilerle b\u00fcy\u00fck iftar sofralar\u0131nda bir araya gelen Bal\u0131kesir B\u00fcy\u00fck\u015fehir Belediye Ba\u015fkan\u0131 Ahmet Ak\u0131n, birlik ve beraberlik i\u00e7erisinde Bal\u0131kesir\u2019e yak\u0131\u015fan bir y\u00f6netim sergilediklerine vurgu yapt\u0131. G\u00f6reve gelir gelmez y\u0131llard\u0131r \u00e7\u00f6z\u00fclemeyen altyap\u0131 ve \u00fcstyap\u0131 sorunlar\u0131n\u0131 \u00e7\u00f6zmek i\u00e7in h\u0131zla harekete ge\u00e7tiklerini belirten Ak\u0131n, Bal\u0131kesir\u2019in d\u00fcnyan\u0131n en g\u00fczel kentlerinden biri olmas\u0131 i\u00e7in gece g\u00fcnd\u00fcz \u00e7al\u0131\u015ft\u0131klar\u0131n\u0131 s\u00f6yledi.<\/span><\/p>\n<p><span style=\"font-family: arial, helvetica, sans-serif; font-size: 14px;\"><strong>\u201cB\u0130ZLER, S\u0130ZLER\u0130N H\u0130ZMETKARIYIZ\u201d<br \/>\n<\/strong><\/span><span style=\"font-family: arial, helvetica, sans-serif; font-size: 14px;\">Ramazan ay\u0131nda her vatanda\u015f\u0131n yan\u0131nda olduklar\u0131n\u0131 ve herkesin yata\u011f\u0131na tok girmesi i\u00e7in t\u00fcm imkanlar\u0131 seferber ettiklerini belirten Ak\u0131n, \u201c20 il\u00e7emizde her g\u00fcn 10 binin \u00fczerinde vatanda\u015f\u0131m\u0131zla iftar\u0131m\u0131z\u0131 yap\u0131yoruz. Bundan b\u00fcy\u00fck bir mutluluk ve keyif al\u0131yoruz. Bizler, sizlerin hizmetkar\u0131y\u0131z. Bu memleketin bir \u00e7ocu\u011fu olarak \u201cBal\u0131kesir benim ailem\u201d dedi\u011fim yolda hay\u0131rl\u0131 bir evlat olmak i\u00e7in \u00e7al\u0131\u015f\u0131yoruz. Kap\u0131lar\u0131 \u00e7al\u0131yoruz. Sorunlar\u0131n \u00fczerine gidiyoruz. Ve sorunlar\u0131 teker teker \u00e7\u00f6z\u00fcyoruz. Hay\u0131r dualar\u0131n\u0131z\u0131 eksik etmeyin\u201d \u015feklinde konu\u015ftu.<\/span><\/p>\n<div class=\"row\">\n<div id=\"\" class=\"col-lg-3 col-md-4 col-sm-12 p-1\"><\/div>\n<\/div>\n","protected":false},"excerpt":{"rendered":"<p>Bal\u0131kesir B\u00fcy\u00fck\u015fehir Belediye Ba\u015fkan\u0131 Ahmet Ak\u0131n, 2.Sakarya Mahallesi\u2019nde kat\u0131ld\u0131\u011f\u0131 iftar program\u0131nda yapt\u0131\u011f\u0131 konu\u015fmada \u201cBal\u0131kesir Benim Ailem\u201d diyerek \u00e7\u0131kt\u0131\u011f\u0131 yolda bu<\/p>\n","protected":false},"author":3,"featured_media":28515,"comment_status":"open","ping_status":"open","sticky":false,"template":"","format":"standard","meta":{"colormag_page_container_layout":"default_layout","colormag_page_sidebar_layout":"default_layout","footnotes":""},"categories":[1,5,8],"tags":[],"class_list":["post-28514","post","type-post","status-publish","format-standard","has-post-thumbnail","hentry","category-genel","category-gundem","category-siyaset"],"_links":{"self":[{"href":"https:\/\/marmarayerelhizmet.com\/index.php\/wp-json\/wp\/v2\/posts\/28514","targetHints":{"allow":["GET"]}}],"collection":[{"href":"https:\/\/marmarayerelhizmet.com\/index.php\/wp-json\/wp\/v2\/posts"}],"about":[{"href":"https:\/\/marmarayerelhizmet.com\/index.php\/wp-json\/wp\/v2\/types\/post"}],"author":[{"embeddable":true,"href":"https:\/\/marmarayerelhizmet.com\/index.php\/wp-json\/wp\/v2\/users\/3"}],"replies":[{"embeddable":true,"href":"https:\/\/marmarayerelhizmet.com\/index.php\/wp-json\/wp\/v2\/comments?post=28514"}],"version-history":[{"count":0,"href":"https:\/\/marmarayerelhizmet.com\/index.php\/wp-json\/wp\/v2\/posts\/28514\/revisions"}],"wp:featuredmedia":[{"embeddable":true,"href":"https:\/\/marmarayerelhizmet.com\/index.php\/wp-json\/wp\/v2\/media\/28515"}],"wp:attachment":[{"href":"https:\/\/marmarayerelhizmet.com\/index.php\/wp-json\/wp\/v2\/media?parent=28514"}],"wp:term":[{"taxonomy":"category","embeddable":true,"href":"https:\/\/marmarayerelhizmet.com\/index.php\/wp-json\/wp\/v2\/categories?post=28514"},{"taxonomy":"post_tag","embeddable":true,"href":"https:\/\/marmarayerelhizmet.com\/index.php\/wp-json\/wp\/v2\/tags?post=28514"}],"curies":[{"name":"wp","href":"https:\/\/api.w.org\/{rel}","templated":true}]}}