{"id":28508,"date":"2025-03-24T18:42:14","date_gmt":"2025-03-24T15:42:14","guid":{"rendered":"https:\/\/marmarayerelhizmet.com\/?p=28508"},"modified":"2025-03-24T18:42:14","modified_gmt":"2025-03-24T15:42:14","slug":"minik-ogrenciler-bacemde-bitkilerle-tanisti","status":"publish","type":"post","link":"https:\/\/marmarayerelhizmet.com\/index.php\/2025\/03\/24\/minik-ogrenciler-bacemde-bitkilerle-tanisti\/","title":{"rendered":"Minik \u00d6\u011frenciler BA\u00c7EM\u2019de Bitkilerle Tan\u0131\u015ft\u0131"},"content":{"rendered":"<p><strong><span style=\"font-family: arial, helvetica, sans-serif; font-size: 14px;\">Bal\u0131kesir B\u00fcy\u00fck\u015fehir Belediyesi\u2019ne ba\u011fl\u0131 Bal\u0131kesir \u00c7ift\u00e7i E\u011fitim Merkezi (BA\u00c7EM) Y\u0131ld\u0131z \u00d6zsara\u00e7 Anaokulu, Edremit Tekden Koleji Anaokulu ve Burhaniye Karadere \u0130lkokulu \u00f6\u011frencilerini a\u011f\u0131rlad\u0131. T\u0131bbi ve aromatik bitkilerle tan\u0131\u015fan minikler, do\u011fa sevgisini \u00f6zendiren bu ziyaret sonunda fideleri toprakla bulu\u015fturdu.<\/span><\/strong><\/p>\n<p><span style=\"font-family: arial, helvetica, sans-serif; font-size: 14px;\">Do\u011fa bilincini geli\u015ftirmek ve bitkileri yak\u0131ndan tan\u0131mak isteyen \u00f6\u011frenciler, Bal\u0131kesir \u00c7ift\u00e7i E\u011fitim Merkezi\u2019ni ziyaret etti. Bal\u0131kesir B\u00fcy\u00fck\u015fehir Belediyesi K\u0131rsal Hizmetler Daire Ba\u015fkanl\u0131\u011f\u0131\u2019na ba\u011fl\u0131 \u00c7ift\u00e7i E\u011fitim Merkezi, Edremit Tekden Koleji Anaokulu, Y\u0131ld\u0131z \u00d6zsara\u00e7 Anaokulu ve Burhaniye Karadere \u0130lkokulu \u00f6\u011frencilerini a\u011f\u0131rlad\u0131. Ar\u0131c\u0131l\u0131k, Bitki Doku K\u00fclt\u00fcr\u00fc ile T\u0131bbi ve Aromatik Bitkiler kurslar\u0131yla \u00e7ift\u00e7ilere y\u00f6nelik e\u011fitim \u00e7al\u0131\u015fmas\u0131 y\u00fcr\u00fcten BA\u00c7EM\u2019de teknik gezi ger\u00e7ekle\u015ftiren minik \u00f6\u011frenciler, yap\u0131lan \u00e7al\u0131\u015fmalarla ilgili de bilgi ald\u0131. \u00d6\u011frencilerle tek tek ilgilenen BA\u00c7EM M\u00fcd\u00fcr\u00fc Naz\u0131m Tanr\u0131kulu, \u00f6\u011frencilerin ziyaretine e\u015flik ederek, miniklerin sorular\u0131n\u0131 yan\u0131tlad\u0131.<\/span><\/p>\n<p><span style=\"font-family: arial, helvetica, sans-serif; font-size: 14px;\"><strong>B\u0130TK\u0130LER\u0130N KULLANIM ALANLARI ANLATILDI<br \/>\n<\/strong><\/span><span style=\"font-family: arial, helvetica, sans-serif; font-size: 14px;\">T\u0131bbi ve aromatik bitkileri detayl\u0131 inceleyip kullan\u0131m alanlar\u0131yla ilgili bilgi edinen \u00f6\u011frenciler, merak ettiklerini sordular. Bitkilerin nas\u0131l yeti\u015ftirildi\u011fini \u00f6\u011frenen minikler, t\u0131bbi ve aromatik bitkileri yerinde inceleyerek g\u00f6zlem yapt\u0131lar. BA\u00c7EM yetkilileri \u00f6zellikle bu bitkilerin; ila\u00e7 sanayi, kozmetik, parf\u00fcm ve esans yap\u0131m\u0131nda kullan\u0131ld\u0131\u011f\u0131n\u0131, baz\u0131 bitkilerden \u00e7e\u015fitli \u00e7ay ve baharatlar yap\u0131ld\u0131\u011f\u0131n\u0131 \u00f6\u011frendiler. Ziyaret sonunda \u00f6\u011frenciler, fideleri toprakla bulu\u015fturarak e\u011flenceli vakit ge\u00e7irdiler.<\/span><\/p>\n<div class=\"row\">\n<div id=\"\" class=\"col-lg-3 col-md-4 col-sm-12 p-1\"><\/div>\n<\/div>\n","protected":false},"excerpt":{"rendered":"<p>Bal\u0131kesir B\u00fcy\u00fck\u015fehir Belediyesi\u2019ne ba\u011fl\u0131 Bal\u0131kesir \u00c7ift\u00e7i E\u011fitim Merkezi (BA\u00c7EM) Y\u0131ld\u0131z \u00d6zsara\u00e7 Anaokulu, Edremit Tekden Koleji Anaokulu ve Burhaniye Karadere \u0130lkokulu<\/p>\n","protected":false},"author":3,"featured_media":28509,"comment_status":"open","ping_status":"open","sticky":false,"template":"","format":"standard","meta":{"colormag_page_container_layout":"default_layout","colormag_page_sidebar_layout":"default_layout","footnotes":""},"categories":[45,1,5,8],"tags":[],"class_list":["post-28508","post","type-post","status-publish","format-standard","has-post-thumbnail","hentry","category-egitim","category-genel","category-gundem","category-siyaset"],"_links":{"self":[{"href":"https:\/\/marmarayerelhizmet.com\/index.php\/wp-json\/wp\/v2\/posts\/28508","targetHints":{"allow":["GET"]}}],"collection":[{"href":"https:\/\/marmarayerelhizmet.com\/index.php\/wp-json\/wp\/v2\/posts"}],"about":[{"href":"https:\/\/marmarayerelhizmet.com\/index.php\/wp-json\/wp\/v2\/types\/post"}],"author":[{"embeddable":true,"href":"https:\/\/marmarayerelhizmet.com\/index.php\/wp-json\/wp\/v2\/users\/3"}],"replies":[{"embeddable":true,"href":"https:\/\/marmarayerelhizmet.com\/index.php\/wp-json\/wp\/v2\/comments?post=28508"}],"version-history":[{"count":0,"href":"https:\/\/marmarayerelhizmet.com\/index.php\/wp-json\/wp\/v2\/posts\/28508\/revisions"}],"wp:featuredmedia":[{"embeddable":true,"href":"https:\/\/marmarayerelhizmet.com\/index.php\/wp-json\/wp\/v2\/media\/28509"}],"wp:attachment":[{"href":"https:\/\/marmarayerelhizmet.com\/index.php\/wp-json\/wp\/v2\/media?parent=28508"}],"wp:term":[{"taxonomy":"category","embeddable":true,"href":"https:\/\/marmarayerelhizmet.com\/index.php\/wp-json\/wp\/v2\/categories?post=28508"},{"taxonomy":"post_tag","embeddable":true,"href":"https:\/\/marmarayerelhizmet.com\/index.php\/wp-json\/wp\/v2\/tags?post=28508"}],"curies":[{"name":"wp","href":"https:\/\/api.w.org\/{rel}","templated":true}]}}