{"id":28501,"date":"2025-03-23T01:19:54","date_gmt":"2025-03-22T22:19:54","guid":{"rendered":"https:\/\/marmarayerelhizmet.com\/?p=28501"},"modified":"2025-03-23T01:19:54","modified_gmt":"2025-03-22T22:19:54","slug":"gomecte-iftara-vatandas-akini","status":"publish","type":"post","link":"https:\/\/marmarayerelhizmet.com\/index.php\/2025\/03\/23\/gomecte-iftara-vatandas-akini\/","title":{"rendered":"G\u00f6me\u00e7&#8217;te \u0130ftara Vatanda\u015f Ak\u0131n\u0131"},"content":{"rendered":"<div class=\"tg-post\">\n<article id=\"post-41832\" class=\"post-41832 post type-post status-publish format-standard has-post-thumbnail hentry category-genel category-ilceler category-siyaset\">\n<div class=\"cm-post-content\">\n<div class=\"cm-entry-summary\">\n<p><span style=\"font-family: arial, helvetica, sans-serif; font-size: 14px;\"><strong>G\u00f6me\u00e7\u2019te; Bal\u0131kesir B\u00fcy\u00fck\u015fehir Belediyesi taraf\u0131ndan d\u00fczenlenen iftara ilgi yo\u011fun oldu.<\/strong><\/span><\/p>\n<p><span style=\"font-family: arial, helvetica, sans-serif; font-size: 14px;\">Yard\u0131mla\u015fma ve dayan\u0131\u015fman\u0131n ay\u0131 Ramazan\u2019\u0131n manevi huzurunu t\u00fcm Bal\u0131kesir\u2019de hissettiren ve \u2018Ramazan\u2019\u0131 payla\u015f, karde\u015fli\u011fi \u00e7o\u011falt\u2019 hedefiyle hareket eden Bal\u0131kesir B\u00fcy\u00fck\u015fehir Belediyesi, G\u00f6me\u00e7\u2019te binlerce vatanda\u015f\u0131 iftarda bulu\u015fturdu.<\/span><br \/>\n<span style=\"font-family: arial, helvetica, sans-serif; font-size: 14px;\">Bal\u0131kesir B\u00fcy\u00fck\u015fehir Belediyesi taraf\u0131ndan G\u00f6me\u00e7\u2019te, Nuri Bozyel K\u00fclt\u00fcr Merkezi \u00f6n\u00fcndeki parkta zengin i\u00e7erikle d\u00fczenlenen iftar program\u0131na, Bal\u0131kesir B\u00fcy\u00fck\u015fehir Belediye Ba\u015fkan\u0131 Ahmet Ak\u0131n kat\u0131lamad\u0131.<\/span><br \/>\n<span style=\"font-family: arial, helvetica, sans-serif; font-size: 14px;\">Bal\u0131kesir B\u00fcy\u00fck\u015fehir Belediye Ba\u015fkan Vekili Zafer Abdi G\u00f6k\u00e7en\u2019in \u00f6nc\u00fcl\u00fc\u011f\u00fcnde, G\u00f6me\u00e7 Belediye Ba\u015fkan\u0131 Melih Ba\u011f\u00e7\u0131\u2019n\u0131n zarif e\u015fi Sevgi Ba\u011fc\u0131\u2019n\u0131n ev sahipli\u011finde ger\u00e7ekle\u015fen iftar program\u0131nda, ak\u015fam ezan\u0131n\u0131n okunmas\u0131yla vatanda\u015flar hep birlikte oru\u00e7lar\u0131n\u0131 a\u00e7t\u0131.<\/span><br \/>\n<span style=\"font-family: arial, helvetica, sans-serif; font-size: 14px;\">G\u00f6me\u00e7 Belediye Meclis \u00dcyeleri\u2019nin de haz\u0131r bulundu\u011fu programda konu\u015fan Bal\u0131kesir B\u00fcy\u00fck\u015fehir Belediye Ba\u015fkan Vekili Zafer Abdi G\u00f6k\u00e7en, B\u00fcy\u00fck\u015fehir Belediye Ba\u015fkan\u0131 Ahmet Ak\u0131n ile G\u00f6me\u00e7 Belediye Ba\u015fkan\u0131 Melih Ba\u011fc\u0131\u2019n\u0131n \u0130stanbul\u2019da Sara\u00e7hane\u2019de d\u00fczenlenen demokrasi n\u00f6betinde olduklar\u0131 i\u00e7in iftar program\u0131na kat\u0131lamad\u0131\u011f\u0131n\u0131 s\u00f6yledi.<\/span><br \/>\n<span style=\"font-family: arial, helvetica, sans-serif; font-size: 14px;\">Bal\u0131kesir B\u00fcy\u00fck\u015fehir Belediye Ba\u015fkan\u0131 Ahmet Ak\u0131n\u2019\u0131n sevgi ve selamlar\u0131n\u0131 G\u00f6me\u00e7lilere ileten Zafer Abdi G\u00f6k\u00e7en, \u201cKarde\u015fli\u011fin, birli\u011fin ve dayan\u0131\u015fman\u0131n ay\u0131 Ramazan\u2019da 20 il\u00e7emizin t\u00fcm\u00fcnde Bal\u0131kesir B\u00fcy\u00fck\u015fehir Belediyesi olarak vatanda\u015flar\u0131m\u0131z\u0131 iftar sofralar\u0131nda bulu\u015fturuyoruz. Ba\u015fkan\u0131m\u0131z Say\u0131n Ahmet Ak\u0131n \u00f6nc\u00fcl\u00fc\u011f\u00fcnde halk\u0131m\u0131z\u0131n sofras\u0131ndaki bereketi art\u0131r\u0131p, Ramazan\u2019\u0131n manevi huzurunu da siz k\u0131ymetli hem\u015fehrilerimizle payla\u015f\u0131yoruz. Bu duygularla, yakla\u015fan Ramazan Bayram\u0131\u2019m\u0131z\u0131n \u00fclkemize ve milletimize t\u00fcm g\u00fczellikleri getirmesini temenni ederken, hepinize hay\u0131rl\u0131 Ramazanlar diliyorum\u201d dedi.<\/span><\/p>\n<p><span style=\"font-family: arial, helvetica, sans-serif; font-size: 14px;\"><strong>Ramazan etkinliklerine ilgi her zamanki gibi yo\u011fun oldu<br \/>\n<\/strong>\u0130ftar\u0131n ard\u0131ndan ba\u015flayan Ramazan etkinliklerinde; Hacivat-Karag\u00f6z g\u00f6sterimlerinin yan\u0131 s\u0131ra tasavvuf m\u00fczi\u011fi ile G\u00f6me\u00e7 halk\u0131na Ramazan ay\u0131n\u0131n manevi huzuru payla\u015f\u0131ld\u0131.<\/span><br \/>\n<span style=\"font-family: arial, helvetica, sans-serif; font-size: 14px;\">Ramazan etkinliklerinde en \u00e7ok e\u011flenen \u00e7ocuklar ise renkli g\u00f6r\u00fcnt\u00fcleri beraberinde getirdi.<\/span><br \/>\n<span style=\"font-family: arial, helvetica, sans-serif; font-size: 14px;\">\u0130ftar program\u0131na kat\u0131lan vatanda\u015flar, kendilerini b\u00f6ylesi dolu dolu bir programla a\u011f\u0131rlad\u0131\u011f\u0131 i\u00e7in g\u0131yab\u0131nda Bal\u0131kesir B\u00fcy\u00fck\u015fehir Belediye Ba\u015fkan\u0131 Ahmet Ak\u0131n\u2019a te\u015fekk\u00fcr etmeyi de ihmal etmedi. \u0130HA<\/span><\/p>\n<\/div>\n<\/div>\n<\/article>\n<\/div>\n<p>&nbsp;<\/p>\n","protected":false},"excerpt":{"rendered":"<p>G\u00f6me\u00e7\u2019te; Bal\u0131kesir B\u00fcy\u00fck\u015fehir Belediyesi taraf\u0131ndan d\u00fczenlenen iftara ilgi yo\u011fun oldu. Yard\u0131mla\u015fma ve dayan\u0131\u015fman\u0131n ay\u0131 Ramazan\u2019\u0131n manevi huzurunu t\u00fcm Bal\u0131kesir\u2019de hissettiren<\/p>\n","protected":false},"author":3,"featured_media":28502,"comment_status":"open","ping_status":"open","sticky":false,"template":"","format":"standard","meta":{"colormag_page_container_layout":"default_layout","colormag_page_sidebar_layout":"default_layout","footnotes":""},"categories":[1,5,8],"tags":[],"class_list":["post-28501","post","type-post","status-publish","format-standard","has-post-thumbnail","hentry","category-genel","category-gundem","category-siyaset"],"_links":{"self":[{"href":"https:\/\/marmarayerelhizmet.com\/index.php\/wp-json\/wp\/v2\/posts\/28501","targetHints":{"allow":["GET"]}}],"collection":[{"href":"https:\/\/marmarayerelhizmet.com\/index.php\/wp-json\/wp\/v2\/posts"}],"about":[{"href":"https:\/\/marmarayerelhizmet.com\/index.php\/wp-json\/wp\/v2\/types\/post"}],"author":[{"embeddable":true,"href":"https:\/\/marmarayerelhizmet.com\/index.php\/wp-json\/wp\/v2\/users\/3"}],"replies":[{"embeddable":true,"href":"https:\/\/marmarayerelhizmet.com\/index.php\/wp-json\/wp\/v2\/comments?post=28501"}],"version-history":[{"count":0,"href":"https:\/\/marmarayerelhizmet.com\/index.php\/wp-json\/wp\/v2\/posts\/28501\/revisions"}],"wp:featuredmedia":[{"embeddable":true,"href":"https:\/\/marmarayerelhizmet.com\/index.php\/wp-json\/wp\/v2\/media\/28502"}],"wp:attachment":[{"href":"https:\/\/marmarayerelhizmet.com\/index.php\/wp-json\/wp\/v2\/media?parent=28501"}],"wp:term":[{"taxonomy":"category","embeddable":true,"href":"https:\/\/marmarayerelhizmet.com\/index.php\/wp-json\/wp\/v2\/categories?post=28501"},{"taxonomy":"post_tag","embeddable":true,"href":"https:\/\/marmarayerelhizmet.com\/index.php\/wp-json\/wp\/v2\/tags?post=28501"}],"curies":[{"name":"wp","href":"https:\/\/api.w.org\/{rel}","templated":true}]}}