{"id":28489,"date":"2025-03-18T17:57:40","date_gmt":"2025-03-18T14:57:40","guid":{"rendered":"https:\/\/marmarayerelhizmet.com\/?p=28489"},"modified":"2025-03-18T17:57:40","modified_gmt":"2025-03-18T14:57:40","slug":"balikesir-yagli-gureste-marka-olacak","status":"publish","type":"post","link":"https:\/\/marmarayerelhizmet.com\/index.php\/2025\/03\/18\/balikesir-yagli-gureste-marka-olacak\/","title":{"rendered":"Bal\u0131kesir, Ya\u011fl\u0131 G\u00fcre\u015fte Marka Olacak"},"content":{"rendered":"<p><strong><span style=\"font-family: arial, helvetica, sans-serif; font-size: 14px;\">Bal\u0131kesir B\u00fcy\u00fck\u015fehir Belediye Ba\u015fkan\u0131 ve Ya\u011fl\u0131 G\u00fcre\u015f D\u00fczenleyen Kentler Birli\u011fi Ba\u015fkan\u0131 Ahmet Ak\u0131n, ba\u015fpehlivanlar Enes Do\u011fan, Hasan Cengiz ve Kenan Ayd\u0131n\u2019\u0131 a\u011f\u0131rlad\u0131. D\u00fczenlenen imza t\u00f6reninde ya\u011fl\u0131 g\u00fcre\u015fe damga vuran ba\u015far\u0131l\u0131 ba\u015fpehlivanlar\u0131 Bal\u0131kesir B\u00fcy\u00fck\u015fehir Belediyespor G\u00fcre\u015f Kul\u00fcb\u00fcne kazand\u0131ran Ak\u0131n, ya\u011fl\u0131 g\u00fcre\u015fte \u015fampiyonluk hedefiyle \u00f6nemli bir ad\u0131m att\u0131.<\/span><\/strong><\/p>\n<p><span style=\"font-family: arial, helvetica, sans-serif; font-size: 14px;\">Ya\u011fl\u0131 G\u00fcre\u015f D\u00fczenleyen Kentler Birli\u011fi Ba\u015fkan\u0131 da olan Bal\u0131kesir B\u00fcy\u00fck\u015fehir Belediye Ba\u015fkan\u0131 Ahmet Ak\u0131n, Kurtdereli Mehmet Pehlivan\u2019\u0131n memleketini ya\u011fl\u0131 g\u00fcre\u015fte hak etti\u011fi yere getirmek i\u00e7in \u00f6nemli bir ad\u0131m att\u0131. T\u00fcrkiye\u2019nin en prestijli g\u00fcre\u015f m\u00fcsabakalar\u0131nda ald\u0131klar\u0131 ba\u015far\u0131l\u0131 derecelerle g\u00f6z dolduran ba\u015fpehlivanlar Enes Do\u011fan, Hasan Cengiz ve Kenan Ayd\u0131n\u2019\u0131 makam\u0131nda a\u011f\u0131rlayan Ba\u015fkan Ak\u0131n, \u201cBal\u0131kesir\u2019imizi ya\u011fl\u0131 g\u00fcre\u015fte b\u00fcy\u00fck bir marka haline getirece\u011fiz.\u201d diyerek ba\u015fpehlivanlarla 1+1 y\u0131ll\u0131k opsiyonlu s\u00f6zle\u015fme imzalad\u0131. Ziyarette Bal\u0131kesir B\u00fcy\u00fck\u015fehir Belediyesi Spor Dairesi Ba\u015fkan\u0131 U\u011fur Baysal, Koordinat\u00f6r Alican Kaplan ve Antren\u00f6r Yunus Karabay da yer ald\u0131.<\/span><\/p>\n<p><strong><span style=\"font-family: arial, helvetica, sans-serif; font-size: 14px;\">\u201cYA\u011eLI G\u00dcRE\u015eTE \u015eEHR\u0130M\u0130Z\u0130 MARKA HAL\u0130NE GET\u0130RECE\u011e\u0130Z\u201d<br \/>\n<\/span><\/strong><span style=\"font-family: arial, helvetica, sans-serif; font-size: 14px;\">Ziyaretin ard\u0131ndan d\u00fczenlenen imza t\u00f6reninde Ba\u015fpehlivanlar Enes Do\u011fan, Hasan Cengiz ve Kenan Ayd\u0131n Bal\u0131kesir B\u00fcy\u00fck\u015fehir Belediyespor G\u00fcre\u015f Kul\u00fcb\u00fcne kat\u0131ld\u0131lar. Bal\u0131kesir\u2019in, ata sporu ya\u011fl\u0131 g\u00fcre\u015fin merkezi oldu\u011funu s\u00f6yleyen Ba\u015fkan Ak\u0131n, \u201cBug\u00fcn burada ya\u011fl\u0131 g\u00fcre\u015fin \u00f6nemli isimlerinden olan de\u011ferli ba\u015fpehlivanlar\u0131m\u0131z\u0131 a\u011f\u0131rlad\u0131k. Ata sporumuz ya\u011fl\u0131 g\u00fcre\u015fi ya\u015fatmak ve \u00f6zellikle ilimizde geli\u015ftirmek i\u00e7in neler yapabilece\u011fimizi konu\u015ftuk. Birbirinden ba\u015far\u0131l\u0131 ba\u015fpehlivanlar\u0131m\u0131z\u0131 Bal\u0131kesir B\u00fcy\u00fck\u015fehir Belediyespor G\u00fcre\u015f Kul\u00fcb\u00fcm\u00fcze katmaktan b\u00fcy\u00fck bir mutluluk duyuyoruz. De\u011ferli sporcular\u0131m\u0131z, bize b\u00fcy\u00fck bir g\u00fc\u00e7 katacak. Bal\u0131kesir\u2019imizi ya\u011fl\u0131 g\u00fcre\u015fte b\u00fcy\u00fck bir marka haline getirmek istiyoruz.\u201d \u015feklinde konu\u015ftu. Ba\u015fpehlivanlar Enes Do\u011fan, Hasan Cengiz ve Kenan Ayd\u0131n, Bal\u0131kesir B\u00fcy\u00fck\u015fehir Belediyespor\u2019a kat\u0131lmaktan b\u00fcy\u00fck bir gurur duyduklar\u0131n\u0131 ifade ettiler.<\/span><\/p>\n<div class=\"row\">\n<div id=\"\" class=\"col-lg-3 col-md-4 col-sm-12 p-1\"><\/div>\n<\/div>\n","protected":false},"excerpt":{"rendered":"<p>Bal\u0131kesir B\u00fcy\u00fck\u015fehir Belediye Ba\u015fkan\u0131 ve Ya\u011fl\u0131 G\u00fcre\u015f D\u00fczenleyen Kentler Birli\u011fi Ba\u015fkan\u0131 Ahmet Ak\u0131n, ba\u015fpehlivanlar Enes Do\u011fan, Hasan Cengiz ve Kenan<\/p>\n","protected":false},"author":3,"featured_media":28490,"comment_status":"open","ping_status":"open","sticky":false,"template":"","format":"standard","meta":{"colormag_page_container_layout":"default_layout","colormag_page_sidebar_layout":"default_layout","footnotes":""},"categories":[1,5,8,9],"tags":[],"class_list":["post-28489","post","type-post","status-publish","format-standard","has-post-thumbnail","hentry","category-genel","category-gundem","category-siyaset","category-spor"],"_links":{"self":[{"href":"https:\/\/marmarayerelhizmet.com\/index.php\/wp-json\/wp\/v2\/posts\/28489","targetHints":{"allow":["GET"]}}],"collection":[{"href":"https:\/\/marmarayerelhizmet.com\/index.php\/wp-json\/wp\/v2\/posts"}],"about":[{"href":"https:\/\/marmarayerelhizmet.com\/index.php\/wp-json\/wp\/v2\/types\/post"}],"author":[{"embeddable":true,"href":"https:\/\/marmarayerelhizmet.com\/index.php\/wp-json\/wp\/v2\/users\/3"}],"replies":[{"embeddable":true,"href":"https:\/\/marmarayerelhizmet.com\/index.php\/wp-json\/wp\/v2\/comments?post=28489"}],"version-history":[{"count":0,"href":"https:\/\/marmarayerelhizmet.com\/index.php\/wp-json\/wp\/v2\/posts\/28489\/revisions"}],"wp:featuredmedia":[{"embeddable":true,"href":"https:\/\/marmarayerelhizmet.com\/index.php\/wp-json\/wp\/v2\/media\/28490"}],"wp:attachment":[{"href":"https:\/\/marmarayerelhizmet.com\/index.php\/wp-json\/wp\/v2\/media?parent=28489"}],"wp:term":[{"taxonomy":"category","embeddable":true,"href":"https:\/\/marmarayerelhizmet.com\/index.php\/wp-json\/wp\/v2\/categories?post=28489"},{"taxonomy":"post_tag","embeddable":true,"href":"https:\/\/marmarayerelhizmet.com\/index.php\/wp-json\/wp\/v2\/tags?post=28489"}],"curies":[{"name":"wp","href":"https:\/\/api.w.org\/{rel}","templated":true}]}}