{"id":28476,"date":"2025-03-17T17:42:45","date_gmt":"2025-03-17T14:42:45","guid":{"rendered":"https:\/\/marmarayerelhizmet.com\/?p=28476"},"modified":"2025-03-17T17:42:45","modified_gmt":"2025-03-17T14:42:45","slug":"vatandas-istedi-akin-yapti","status":"publish","type":"post","link":"https:\/\/marmarayerelhizmet.com\/index.php\/2025\/03\/17\/vatandas-istedi-akin-yapti\/","title":{"rendered":"Vatanda\u015f \u0130stedi, Ak\u0131n Yapt\u0131"},"content":{"rendered":"<p><strong><span style=\"font-family: arial, helvetica, sans-serif; font-size: 14px;\">Karesi\u2019ye ba\u011fl\u0131 2. Sakarya ve Maltepe Mahallesi sakinlerinin talebi \u00fczerine Bal\u0131kesir B\u00fcy\u00fck\u015fehir Belediyesi taraf\u0131ndan Ba\u011flar Soka\u011f\u0131\u2019nda kav\u015fak sinyalizasyon \u00e7al\u0131\u015fmalar\u0131 tamamlan\u0131p trafik \u0131\u015f\u0131klar\u0131 aktif hale getirildi. \u00c7al\u0131\u015fmayla birlikte yaya ve s\u00fcr\u00fcc\u00fcler i\u00e7in g\u00fcvenli bir yol olu\u015fturuldu.<\/span><\/strong><\/p>\n<p><span style=\"font-family: arial, helvetica, sans-serif; font-size: 14px;\">Halk\u00e7\u0131 belediyecilik anlay\u0131\u015f\u0131yla vatanda\u015flar\u0131n sorunlar\u0131n\u0131n \u00e7\u00f6z\u00fcm\u00fcnde t\u00fcm imk\u00e2nlar\u0131 seferber eden Bal\u0131kesir B\u00fcy\u00fck\u015fehir Belediye Ba\u015fkan\u0131 Ahmet Ak\u0131n, Maltepe ve 2. Sakarya Mahallesi sakinlerinin talebi \u00fczerine Karesi\u2019ye ba\u011fl\u0131 Ba\u011flar Soka\u011f\u0131 Ertu\u011frul Gazi Caddesi ve Mehmet Akif Ersoy Caddesi noktas\u0131nda kav\u015fak sinyalizasyon \u00e7al\u0131\u015fmas\u0131 i\u00e7in t\u00fcm birimleri harekete ge\u00e7irdi. Trafik kazalar\u0131n\u0131n s\u0131kl\u0131kla meydana geldi\u011fi b\u00f6lgede yayalar\u0131n kar\u015f\u0131dan kar\u015f\u0131ya rahatl\u0131kla ge\u00e7mesi i\u00e7in sinyalizasyon \u00e7al\u0131\u015fmalar\u0131n\u0131n tamamlanmas\u0131yla trafik \u0131\u015f\u0131klar\u0131 da aktif hale getirildi. Bal\u0131kesir B\u00fcy\u00fck\u015fehir Belediyesi Ula\u015f\u0131m Planlama Rayl\u0131 Sistemler Dairesi Ba\u015fkanl\u0131\u011f\u0131 Trafik Hizmetleri \u015eube M\u00fcd\u00fcrl\u00fc\u011f\u00fcnce ger\u00e7ekle\u015ftirilen \u00e7al\u0131\u015fmalardan memnun olduklar\u0131n\u0131 s\u00f6yleyen Maltepe ve 2. Sakarya mahalle muhtarlar\u0131, \u201cSorunu Ba\u015fkana ilettik an\u0131nda \u00e7\u00f6zd\u00fc. Bize en yak\u0131n Ahmet Ak\u0131n&#8221; s\u00f6zleriyle Ak\u0131n\u2019a te\u015fekk\u00fcr ettiler.<\/span><\/p>\n<p><strong><span style=\"font-family: arial, helvetica, sans-serif; font-size: 14px;\">\u201cYAYA GE\u00c7\u0130\u015eLER\u0130 G\u00dcVENL\u0130 HALE GELD\u0130&#8221;<br \/>\n<\/span><\/strong><span style=\"font-family: arial, helvetica, sans-serif; font-size: 14px;\">Ba\u011flar Soka\u011f\u0131 Ertu\u011frul Gazi Caddesi ve Mehmet Akif Ersoy Caddesi noktas\u0131nda kav\u015fak sinyalizasyon \u00e7al\u0131\u015fmas\u0131n\u0131n tamamlan\u0131p \u0131\u015f\u0131klar\u0131n aktif hale getirildi\u011fini s\u00f6yleyen Ula\u015f\u0131m Planlama Rayl\u0131 Sistemler Dairesi Ba\u015fkanl\u0131\u011f\u0131 Trafik Hizmetleri \u015eube M\u00fcd\u00fcr\u00fc Bur\u00e7in B\u00f6l\u00fckler, \u201cMaltepe Mahallesi ve ayn\u0131 zamanda Sakarya Mahallesi sakinlerinden gelen talepler do\u011frultusunda \u00e7al\u0131\u015fma ba\u015flatt\u0131k. Mahalle muhtarlar\u0131m\u0131zdan ald\u0131\u011f\u0131m\u0131z bilgiler do\u011frultusunda b\u00f6lgede trafik kazalar\u0131n\u0131n \u00e7ok yo\u011fun oldu\u011fu ve yayalar\u0131n kar\u015f\u0131dan kar\u015f\u0131ya ge\u00e7i\u015flerini g\u00fcvenli hale getirmek ve trafik kazalar\u0131n\u0131n \u00f6nlenmesini sa\u011flamak amac\u0131yla bu kav\u015fak \u00e7al\u0131\u015fmas\u0131n\u0131 tamamlad\u0131k.&#8221; ifadelerini kulland\u0131.<\/span><\/p>\n<p><strong><span style=\"font-family: arial, helvetica, sans-serif; font-size: 14px;\">\u201cAHMET AKIN B\u0130ZE EN YAKIN&#8221;<br \/>\n<\/span><\/strong><span style=\"font-family: arial, helvetica, sans-serif; font-size: 14px;\">Ba\u015fkan Ahmet Ak\u0131n\u2019a sorunlar\u0131 iletmeleri \u00fczerine hemen harekete ge\u00e7ildi\u011fini dile getiren Maltepe Mahallesi Muhtar\u0131 H\u00fcseyin \u00c7ak\u0131r \u201cBuras\u0131 \u00e7evre yolu oldu\u011fu i\u00e7in \u00e7ok i\u015flek bir yer. Burada yayalar kar\u015f\u0131dan kar\u015f\u0131ya ge\u00e7emiyorlard\u0131. Yayalar \u00e7ok g\u00fc\u00e7l\u00fck \u00e7ekiyorlard\u0131. Trafik s\u0131k\u0131\u015f\u0131yor, kazalar da \u00e7ok oluyordu. Ahmet Ak\u0131n ziyaretimize geldi. Benim b\u00fcy\u00fck bir sorunum var. Ba\u011flar Soka\u011f\u0131\u2019ndaki bu sorunu \u00e7\u00f6zmemiz laz\u0131m dedim. Ba\u015fkan\u0131m\u0131z bir g\u00fcn yine gelmi\u015f. Beni \u00e7a\u011f\u0131rd\u0131.Kav\u015fa\u011f\u0131n oldu\u011fu b\u00f6lgede inceleme yapt\u0131. Ahmet Ak\u0131n bize en yak\u0131n. Yani bu sorunu \u00e7\u00f6zd\u00fc. Ben kendisine mahallem ad\u0131na ve 2. Sakarya Mahallesi ad\u0131na te\u015fekk\u00fcr ediyorum.&#8221; dedi.<\/span><\/p>\n<p><strong><span style=\"font-family: arial, helvetica, sans-serif; font-size: 14px;\">\u201cKAZALAR OLUYOR, YAYALAR KAR\u015eIDAN KAR\u015eIYA GE\u00c7EM\u0130YORDU&#8221;<br \/>\n<\/span><\/strong><span style=\"font-family: arial, helvetica, sans-serif; font-size: 14px;\">2. Sakarya Mahalle Muhtar\u0131 Ahmet Ero\u011flu, \u201cBizim buradaki sorunumuz, \u00e7evre yolumuz. 2. Sakarya Mahallesi ve Maltepe Mahallesi\u2019ni ba\u011flayan bir yol. Ba\u011flar Soka\u011f\u0131 tek y\u00f6nl\u00fc oldu\u011fu i\u00e7in trafik s\u00fcrekli s\u0131k\u0131\u015f\u0131yordu. Kazalar oluyor, yayalar kar\u015f\u0131dan kar\u015f\u0131ya ge\u00e7emiyordu. Ama \u015fimdi bu k\u0131rm\u0131z\u0131 \u0131\u015f\u0131klar olduktan sonra insanlar biraz daha rahatlad\u0131. Trafikteki s\u00fcr\u00fcc\u00fcler de yaya ge\u00e7idini kullanan vatanda\u015f\u0131m\u0131z da rahatlad\u0131. \u015eu anda bir s\u0131k\u0131nt\u0131m\u0131z yok.&#8221; diyerek Ba\u015fkan Ak\u0131n\u2019a ilgisinden dolay\u0131 te\u015fekk\u00fcr etti.<\/span><\/p>\n","protected":false},"excerpt":{"rendered":"<p>Karesi\u2019ye ba\u011fl\u0131 2. Sakarya ve Maltepe Mahallesi sakinlerinin talebi \u00fczerine Bal\u0131kesir B\u00fcy\u00fck\u015fehir Belediyesi taraf\u0131ndan Ba\u011flar Soka\u011f\u0131\u2019nda kav\u015fak sinyalizasyon \u00e7al\u0131\u015fmalar\u0131 tamamlan\u0131p<\/p>\n","protected":false},"author":3,"featured_media":28477,"comment_status":"open","ping_status":"open","sticky":false,"template":"","format":"standard","meta":{"colormag_page_container_layout":"default_layout","colormag_page_sidebar_layout":"default_layout","footnotes":""},"categories":[1,5,8],"tags":[],"class_list":["post-28476","post","type-post","status-publish","format-standard","has-post-thumbnail","hentry","category-genel","category-gundem","category-siyaset"],"_links":{"self":[{"href":"https:\/\/marmarayerelhizmet.com\/index.php\/wp-json\/wp\/v2\/posts\/28476","targetHints":{"allow":["GET"]}}],"collection":[{"href":"https:\/\/marmarayerelhizmet.com\/index.php\/wp-json\/wp\/v2\/posts"}],"about":[{"href":"https:\/\/marmarayerelhizmet.com\/index.php\/wp-json\/wp\/v2\/types\/post"}],"author":[{"embeddable":true,"href":"https:\/\/marmarayerelhizmet.com\/index.php\/wp-json\/wp\/v2\/users\/3"}],"replies":[{"embeddable":true,"href":"https:\/\/marmarayerelhizmet.com\/index.php\/wp-json\/wp\/v2\/comments?post=28476"}],"version-history":[{"count":0,"href":"https:\/\/marmarayerelhizmet.com\/index.php\/wp-json\/wp\/v2\/posts\/28476\/revisions"}],"wp:featuredmedia":[{"embeddable":true,"href":"https:\/\/marmarayerelhizmet.com\/index.php\/wp-json\/wp\/v2\/media\/28477"}],"wp:attachment":[{"href":"https:\/\/marmarayerelhizmet.com\/index.php\/wp-json\/wp\/v2\/media?parent=28476"}],"wp:term":[{"taxonomy":"category","embeddable":true,"href":"https:\/\/marmarayerelhizmet.com\/index.php\/wp-json\/wp\/v2\/categories?post=28476"},{"taxonomy":"post_tag","embeddable":true,"href":"https:\/\/marmarayerelhizmet.com\/index.php\/wp-json\/wp\/v2\/tags?post=28476"}],"curies":[{"name":"wp","href":"https:\/\/api.w.org\/{rel}","templated":true}]}}